{"id":12706,"date":"2025-05-02T06:30:00","date_gmt":"2025-05-02T04:30:00","guid":{"rendered":"https:\/\/www.doctoome.com\/blog\/?p=12706"},"modified":"2025-10-09T16:05:12","modified_gmt":"2025-10-09T14:05:12","slug":"fatigue-quels-sont-les-signes","status":"publish","type":"post","link":"https:\/\/www.doctoome.com\/blog\/fatigue-quels-sont-les-signes\/","title":{"rendered":"Un signe de fatigue : comment les reconna\u00eetre et y rem\u00e9dier ?"},"content":{"rendered":"\n<p>La fatigue est une sensation normale qui touche chacun d&rsquo;entre nous \u00e0 un moment ou un autre de notre vie. D\u00e9finie comme une diminution des capacit\u00e9s physiques et\/ou mentales limitant nos activit\u00e9s quotidiennes, elle constitue l&rsquo;un des motifs de consultation les plus fr\u00e9quents en m\u00e9decine g\u00e9n\u00e9rale. Selon une \u00e9tude de l&rsquo;INSERM, environ 30% des Fran\u00e7ais d\u00e9clarent souffrir r\u00e9guli\u00e8rement de fatigue, et ce chiffre atteint 50% chez les femmes actives de 25 \u00e0 45 ans.<\/p>\n\n\n\n<p>Plus qu&rsquo;une simple g\u00eane passag\u00e8re, la fatigue persistante peut consid\u00e9rablement affecter notre qualit\u00e9 de vie, notre productivit\u00e9 au travail et nos relations sociales. Elle repr\u00e9sente un signal d&rsquo;alarme que notre corps nous envoie et qu&rsquo;il convient de d\u00e9coder correctement. Car derri\u00e8re ce sympt\u00f4me commun peuvent se cacher des r\u00e9alit\u00e9s tr\u00e8s diverses : simple surmenage, troubles du sommeil, d\u00e9pression, ou encore pathologies plus graves n\u00e9cessitant une prise en charge m\u00e9dicale sp\u00e9cifique.<\/p>\n\n\n\n<p>Dans cet article, nous vous proposons d&rsquo;explorer en profondeur les multiples facettes de la fatigue : ses causes principales, les signes qui doivent vous alerter, les moyens d&rsquo;auto\u00e9valuation et les solutions adapt\u00e9es pour retrouver votre \u00e9nergie. Vous apprendrez notamment \u00e0 faire la distinction cruciale entre une fatigue normale, li\u00e9e \u00e0 un effort ou au rythme de vie, et une fatigue pathologique pouvant signaler un probl\u00e8me de sant\u00e9 sous-jacent.<\/p>\n\n\n\n<h2 class=\"wp-block-heading\">Comprendre la fatigue et ses origines<\/h2>\n\n\n\n<h3 class=\"wp-block-heading\">Types de fatigue : normale vs pathologique<\/h3>\n\n\n\n<p>La fatigue n&rsquo;est pas un ph\u00e9nom\u00e8ne uniforme. Elle se pr\u00e9sente sous diff\u00e9rentes formes qu&rsquo;il est essentiel de savoir distinguer pour une prise en charge adapt\u00e9e. La fatigue normale, aussi appel\u00e9e fatigue physiologique, survient apr\u00e8s un effort physique ou intellectuel intense, une p\u00e9riode de stress ou un manque de sommeil ponctuel. Elle se r\u00e9sorbe g\u00e9n\u00e9ralement apr\u00e8s une p\u00e9riode de repos suffisante et refl\u00e8te simplement le fonctionnement normal de notre organisme.<\/p>\n\n\n\n<p>\u00c0 l&rsquo;oppos\u00e9, la fatigue pathologique persiste malgr\u00e9 le repos et s&rsquo;inscrit dans la dur\u00e9e. Elle peut signaler un probl\u00e8me m\u00e9dical sous-jacent et se caract\u00e9rise par son intensit\u00e9, sa persistance et son impact significatif sur la qualit\u00e9 de vie. Selon la Haute Autorit\u00e9 de Sant\u00e9 (HAS), lorsque la fatigue persiste au-del\u00e0 de six mois sans cause identifi\u00e9e malgr\u00e9 les investigations m\u00e9dicales, on peut parler de syndrome de fatigue chronique.<\/p>\n\n\n\n<p>Entre ces deux extr\u00eames, on retrouve la fatigue fonctionnelle, li\u00e9e \u00e0 un mode de vie inadapt\u00e9 (manque de sommeil chronique, stress professionnel prolong\u00e9, alimentation d\u00e9s\u00e9quilibr\u00e9e) mais r\u00e9versible avec des changements comportementaux appropri\u00e9s.<\/p>\n\n\n\n<div class=\"wp-block-buttons is-content-justification-center is-layout-flex wp-container-core-buttons-is-layout-16018d1d wp-block-buttons-is-layout-flex\">\n<div class=\"wp-block-button\"><a class=\"wp-block-button__link wp-element-button\" href=\"https:\/\/www.doctoome.com\/s\/medecin-generaliste\/\">Je consulte un m\u00e9decin g\u00e9n\u00e9raliste autour de moi<\/a><\/div>\n<\/div>\n\n\n\n<h3 class=\"wp-block-heading\">Causes fr\u00e9quentes de fatigue intense<\/h3>\n\n\n\n<p>Les causes de fatigue sont multiples et souvent intriqu\u00e9es. Parmi les plus fr\u00e9quentes, on retrouve :<\/p>\n\n\n\n<ul class=\"wp-block-list\">\n<li>Les troubles du sommeil (apn\u00e9e du sommeil, insomnie, sommeil fragment\u00e9)<\/li>\n\n\n\n<li>Le stress chronique et l&rsquo;anxi\u00e9t\u00e9<\/li>\n\n\n\n<li>La d\u00e9pression et les troubles psychiques<\/li>\n\n\n\n<li>Les carences nutritionnelles (fer, vitamines B, magn\u00e9sium)<\/li>\n\n\n\n<li>Les maladies infectieuses (mononucl\u00e9ose, COVID-19, infection virale)<\/li>\n\n\n\n<li>Les troubles endocriniens (hypothyro\u00efdie, diab\u00e8te)<\/li>\n\n\n\n<li>L&rsquo;an\u00e9mie et autres troubles h\u00e9matologiques<\/li>\n\n\n\n<li>Les maladies chroniques (insuffisance cardiaque, maladies respiratoires)<\/li>\n\n\n\n<li>Les effets secondaires de certains traitements m\u00e9dicamenteux<\/li>\n<\/ul>\n\n\n\n<p>Selon l&rsquo;OMS, dans les pays industrialis\u00e9s, le stress professionnel et les troubles du sommeil constituent les deux principales sources de fatigue chronique chez les adultes actifs.<\/p>\n\n\n\n<figure class=\"wp-block-table\"><table class=\"has-fixed-layout\"><tbody><tr><th>Caract\u00e9ristiques<\/th><th>Fatigue aigu\u00eb<\/th><th>Fatigue chronique<\/th><\/tr><tr><td>Dur\u00e9e<\/td><td>Quelques heures \u00e0 quelques jours<\/td><td>Plus de 6 mois<\/td><\/tr><tr><td>R\u00e9ponse au repos<\/td><td>Am\u00e9lioration notable apr\u00e8s repos<\/td><td>Persistance malgr\u00e9 le repos<\/td><\/tr><tr><td>Origine<\/td><td>Souvent identifiable (effort, manque de sommeil)<\/td><td>Souvent multifactorielle ou inexpliqu\u00e9e<\/td><\/tr><tr><td>Impact sur la vie quotidienne<\/td><td>Limit\u00e9 et temporaire<\/td><td>Significatif et persistant<\/td><\/tr><tr><td>N\u00e9cessit\u00e9 d&rsquo;une consultation m\u00e9dicale<\/td><td>Rarement n\u00e9cessaire<\/td><td>Fortement recommand\u00e9e<\/td><\/tr><\/tbody><\/table><\/figure>\n\n\n\n<h2 class=\"wp-block-heading\">Reconna\u00eetre les signes de fatigue<\/h2>\n\n\n\n<h3 class=\"wp-block-heading\">Sympt\u00f4mes physiques<\/h3>\n\n\n\n<p>Les manifestations physiques de la fatigue constituent souvent les premiers signaux d&rsquo;alerte perceptibles. Ces sympt\u00f4mes varient en intensit\u00e9 selon le degr\u00e9 d&rsquo;\u00e9puisement et peuvent inclure :<\/p>\n\n\n\n<ul class=\"wp-block-list\">\n<li><strong>Sensation de faiblesse musculaire<\/strong> : difficult\u00e9 \u00e0 effectuer des efforts habituellement simples, impression que les gestes quotidiens demandent plus d&rsquo;\u00e9nergie<\/li>\n\n\n\n<li><strong>Somnolence diurne<\/strong> : tendance \u00e0 s&rsquo;assoupir pendant la journ\u00e9e, notamment lors de moments de calme<\/li>\n\n\n\n<li><strong>Troubles du sommeil<\/strong> : paradoxalement, la fatigue peut s&rsquo;accompagner de difficult\u00e9s d&rsquo;endormissement ou de r\u00e9veils nocturnes<\/li>\n\n\n\n<li><strong>Douleurs musculaires diffuses<\/strong> : courbatures inexpliqu\u00e9es, douleurs articulaires sans effort pr\u00e9alable<\/li>\n\n\n\n<li><strong>Maux de t\u00eate<\/strong> : c\u00e9phal\u00e9es de tension fr\u00e9quentes, particuli\u00e8rement en fin de journ\u00e9e<\/li>\n\n\n\n<li><strong>Troubles digestifs<\/strong> : perte d&rsquo;app\u00e9tit, digestion difficile, syndrome du c\u00f4lon irritable<\/li>\n\n\n\n<li><strong>P\u00e2leur et cernes<\/strong> : teint brouill\u00e9, yeux cern\u00e9s<\/li>\n\n\n\n<li><strong>Syst\u00e8me immunitaire affaibli<\/strong> : infections \u00e0 r\u00e9p\u00e9tition, cicatrisation ralentie<\/li>\n<\/ul>\n\n\n\n<p>Selon une \u00e9tude de l&rsquo;Institut National du Sommeil et de la Vigilance, 72% des personnes souffrant de fatigue chronique rapportent des douleurs musculaires associ\u00e9es, tandis que 68% d\u00e9crivent des maux de t\u00eate r\u00e9currents.<\/p>\n\n\n\n<h3 class=\"wp-block-heading\">Manifestations psychologiques et cognitives<\/h3>\n\n\n\n<p>La fatigue ne se limite pas aux sympt\u00f4mes physiques. Elle s&rsquo;accompagne fr\u00e9quemment de manifestations psychologiques et cognitives qui peuvent \u00eatre tout aussi invalidantes :<\/p>\n\n\n\n<ul class=\"wp-block-list\">\n<li><strong>Difficult\u00e9s de concentration<\/strong> : incapacit\u00e9 \u00e0 maintenir son attention, distractibilit\u00e9 accrue<\/li>\n\n\n\n<li><strong>Troubles de la m\u00e9moire<\/strong> : oublis fr\u00e9quents, difficult\u00e9s \u00e0 m\u00e9moriser de nouvelles informations<\/li>\n\n\n\n<li><strong>Ralentissement intellectuel<\/strong> : sensation de \u00ab\u00a0brouillard mental\u00a0\u00bb, difficult\u00e9s \u00e0 r\u00e9soudre des probl\u00e8mes simples<\/li>\n\n\n\n<li><strong>Irritabilit\u00e9<\/strong> : r\u00e9actions \u00e9motionnelles disproportionn\u00e9es, impatience<\/li>\n\n\n\n<li><strong>D\u00e9motivation<\/strong> : perte d&rsquo;int\u00e9r\u00eat pour les activit\u00e9s habituellement plaisantes<\/li>\n\n\n\n<li><strong>Anxi\u00e9t\u00e9<\/strong> : inqui\u00e9tude excessive, ruminations mentales<\/li>\n\n\n\n<li><strong>Humeur d\u00e9pressive<\/strong> : tristesse inexpliqu\u00e9e, sentiment d&rsquo;impuissance<\/li>\n<\/ul>\n\n\n\n<p>Ces sympt\u00f4mes cognitifs sont particuli\u00e8rement pr\u00e9occupants car ils peuvent affecter significativement les performances professionnelles et acad\u00e9miques. L&rsquo;INSERM rapporte que la fatigue chronique r\u00e9duit de 20 \u00e0 30% les capacit\u00e9s cognitives chez les personnes atteintes.<\/p>\n\n\n\n<p>Il est important de noter que l&rsquo;intensit\u00e9 des sympt\u00f4mes fluctue souvent au cours de la journ\u00e9e, avec g\u00e9n\u00e9ralement une aggravation en fin d&rsquo;apr\u00e8s-midi. Cette variabilit\u00e9 peut parfois conduire \u00e0 sous-estimer la gravit\u00e9 de la fatigue ou \u00e0 l&rsquo;attribuer \u00e0 tort \u00e0 un simple manque de volont\u00e9.<\/p>\n\n\n\n<h2 class=\"wp-block-heading\">\u00c9valuer et prendre en charge sa fatigue<\/h2>\n\n\n\n<h3 class=\"wp-block-heading\">Auto-\u00e9valuation : quand s&rsquo;inqui\u00e9ter ?<\/h3>\n\n\n\n<p>Face \u00e0 une fatigue persistante, il est l\u00e9gitime de se demander si une consultation m\u00e9dicale s&rsquo;impose. Voici quelques rep\u00e8res qui peuvent vous aider \u00e0 \u00e9valuer la gravit\u00e9 de votre \u00e9tat :<\/p>\n\n\n\n<ul class=\"wp-block-list\">\n<li><strong>Dur\u00e9e<\/strong> : une fatigue qui persiste au-del\u00e0 de deux semaines malgr\u00e9 un repos suffisant m\u00e9rite attention<\/li>\n\n\n\n<li><strong>Intensit\u00e9<\/strong> : si la fatigue vous emp\u00eache d&rsquo;accomplir vos activit\u00e9s quotidiennes habituelles<\/li>\n\n\n\n<li><strong>R\u00e9sistance au repos<\/strong> : si les p\u00e9riodes de repos et de sommeil n&rsquo;apportent pas d&rsquo;am\u00e9lioration significative<\/li>\n\n\n\n<li><strong>Apparition brutale<\/strong> : une fatigue intense survenant soudainement sans raison apparente<\/li>\n\n\n\n<li><strong>Sympt\u00f4mes associ\u00e9s<\/strong> : fi\u00e8vre inexpliqu\u00e9e, perte de poids involontaire, douleurs atypiques, essoufflement<\/li>\n<\/ul>\n\n\n\n<p>La Haute Autorit\u00e9 de Sant\u00e9 recommande de consulter un m\u00e9decin si la fatigue persiste plus d&rsquo;un mois sans am\u00e9lioration malgr\u00e9 des mesures d&rsquo;hygi\u00e8ne de vie adapt\u00e9es, ou plus rapidement si elle s&rsquo;accompagne de sympt\u00f4mes inqui\u00e9tants comme mentionn\u00e9s ci-dessus.<\/p>\n\n\n\n<p>Plusieurs questionnaires d&rsquo;auto-\u00e9valuation valid\u00e9s peuvent vous aider \u00e0 objectiver votre fatigue, comme l&rsquo;\u00e9chelle MFI-20 (Multidimensional Fatigue Inventory) ou le questionnaire de Pichot. Ces outils permettent non seulement d&rsquo;\u00e9valuer l&rsquo;intensit\u00e9 de la fatigue mais aussi ses diff\u00e9rentes dimensions (physique, mentale, motivationnelle).<\/p>\n\n\n\n<h3 class=\"wp-block-heading\">Parcours de soins et solutions<\/h3>\n\n\n\n<p>La prise en charge de la fatigue d\u00e9pend avant tout de sa cause. Un parcours de soins adapt\u00e9 peut inclure :<\/p>\n\n\n\n<ol class=\"wp-block-list\">\n<li><strong>Consultation initiale chez le m\u00e9decin g\u00e9n\u00e9raliste<\/strong> : bilan clinique complet, recherche des causes \u00e9videntes<\/li>\n\n\n\n<li><strong>Examens compl\u00e9mentaires<\/strong> : bilan sanguin (NFS, ferritine, TSH, glyc\u00e9mie), recherche d&rsquo;infections<\/li>\n\n\n\n<li><strong>Consultations sp\u00e9cialis\u00e9es<\/strong> si n\u00e9cessaire : endocrinologue, neurologue, psychiatre, sp\u00e9cialiste du sommeil<\/li>\n\n\n\n<li><strong>Approche pluridisciplinaire<\/strong> pour les fatigues chroniques complexes<\/li>\n<\/ol>\n\n\n\n<p>Les solutions th\u00e9rapeutiques varient selon l&rsquo;origine identifi\u00e9e de la fatigue :<\/p>\n\n\n\n<ul class=\"wp-block-list\">\n<li><strong>Troubles du sommeil<\/strong> : th\u00e9rapies comportementales, hygi\u00e8ne du sommeil, parfois m\u00e9dicaments<\/li>\n\n\n\n<li><strong>Carences nutritionnelles<\/strong> : suppl\u00e9mentation adapt\u00e9e (fer, vitamines)<\/li>\n\n\n\n<li><strong>Stress chronique<\/strong> : techniques de gestion du stress, th\u00e9rapies cognitives et comportementales<\/li>\n\n\n\n<li><strong>D\u00e9pression<\/strong> : psychoth\u00e9rapie, antid\u00e9presseurs si n\u00e9cessaire<\/li>\n\n\n\n<li><strong>Maladies organiques<\/strong> : traitement sp\u00e9cifique de la pathologie sous-jacente<\/li>\n<\/ul>\n\n\n\n<p>En parall\u00e8le des traitements cibl\u00e9s, des mesures g\u00e9n\u00e9rales d&rsquo;hygi\u00e8ne de vie sont recommand\u00e9es :<\/p>\n\n\n\n<ul class=\"wp-block-list\">\n<li>Activit\u00e9 physique r\u00e9guli\u00e8re adapt\u00e9e au niveau d&rsquo;\u00e9nergie<\/li>\n\n\n\n<li>Alimentation \u00e9quilibr\u00e9e riche en nutriments<\/li>\n\n\n\n<li>Gestion du stress et pratiques relaxantes (m\u00e9ditation, yoga)<\/li>\n\n\n\n<li>Respect des rythmes biologiques (sommeil, repas)<\/li>\n\n\n\n<li>Mod\u00e9ration de la consommation d&rsquo;excitants (caf\u00e9, alcool)<\/li>\n<\/ul>\n\n\n\n<p>Pour trouver un professionnel de sant\u00e9 sp\u00e9cialis\u00e9 dans les troubles de la fatigue pr\u00e8s de chez vous, consultez <a href=\"https:\/\/www.doctoome.com\">www.doctoome.com<\/a>.<\/p>\n\n\n\n<h2 class=\"wp-block-heading\">FAQ<\/h2>\n\n\n\n<h3 class=\"wp-block-heading\">Comment diff\u00e9rencier fatigue normale et pathologique ?<\/h3>\n\n\n\n<p>La fatigue normale dispara\u00eet apr\u00e8s un repos ad\u00e9quat et est g\u00e9n\u00e9ralement li\u00e9e \u00e0 une cause identifiable (effort physique, manque de sommeil ponctuel). La fatigue pathologique persiste malgr\u00e9 le repos, s&rsquo;installe progressivement ou brutalement sans raison apparente, et s&rsquo;accompagne souvent d&rsquo;autres sympt\u00f4mes. Si votre fatigue dure plus de deux semaines malgr\u00e9 un sommeil suffisant, une consultation m\u00e9dicale est recommand\u00e9e.<\/p>\n\n\n\n<h3 class=\"wp-block-heading\">Quand consulter pour fatigue excessive ?<\/h3>\n\n\n\n<p>Il est recommand\u00e9 de consulter un m\u00e9decin si votre fatigue persiste plus d&rsquo;un mois sans am\u00e9lioration, si elle survient brutalement sans cause \u00e9vidente, si elle s&rsquo;accompagne de sympt\u00f4mes inqui\u00e9tants (fi\u00e8vre, perte de poids involontaire, douleurs inhabituelles), ou si elle impacte significativement votre qualit\u00e9 de vie et vos activit\u00e9s quotidiennes malgr\u00e9 des mesures d&rsquo;hygi\u00e8ne de vie adapt\u00e9es.<\/p>\n\n\n\n<h3 class=\"wp-block-heading\">Quels examens pour diagnostiquer une fatigue chronique ?<\/h3>\n\n\n\n<p>Le bilan initial comprend g\u00e9n\u00e9ralement un examen clinique complet et des analyses sanguines (num\u00e9ration formule sanguine, bilan martial, fonction thyro\u00efdienne, glyc\u00e9mie, marqueurs inflammatoires). Selon le contexte, d&rsquo;autres examens peuvent \u00eatre prescrits : s\u00e9rologies virales, bilan h\u00e9patique, \u00e9lectrocardiogramme, polysomnographie. L&rsquo;approche diagnostique est progressive et personnalis\u00e9e, guid\u00e9e par les sympt\u00f4mes associ\u00e9s.<\/p>\n\n\n\n<h3 class=\"wp-block-heading\">La fatigue peut-elle \u00eatre li\u00e9e au stress ?<\/h3>\n\n\n\n<p>Oui, le stress chronique est l&rsquo;une des principales causes de fatigue persistante. L&rsquo;activation prolong\u00e9e des syst\u00e8mes de r\u00e9ponse au stress (axe hypothalamo-hypophyso-surr\u00e9nalien) entra\u00eene une production excessive de cortisol qui, \u00e0 terme, \u00e9puise l&rsquo;organisme. Le stress perturbe \u00e9galement le sommeil et la digestion, amplifiant la sensation de fatigue. Des techniques de gestion du stress comme la m\u00e9ditation, la coh\u00e9rence cardiaque ou la th\u00e9rapie cognitive peuvent significativement am\u00e9liorer cet \u00e9tat.<\/p>\n\n\n\n<h3 class=\"wp-block-heading\">Existe-t-il des rem\u00e8des naturels contre la fatigue ?<\/h3>\n\n\n\n<p>Plusieurs approches naturelles peuvent am\u00e9liorer la fatigue l\u00e9g\u00e8re \u00e0 mod\u00e9r\u00e9e : une alimentation riche en fer, magn\u00e9sium et vitamines B, l&rsquo;activit\u00e9 physique r\u00e9guli\u00e8re adapt\u00e9e, les techniques de relaxation, et certaines plantes adaptog\u00e8nes comme le ginseng, l&rsquo;\u00e9leuth\u00e9rocoque ou la rhodiole. Ces rem\u00e8des naturels sont particuli\u00e8rement efficaces pour les fatigues li\u00e9es au surmenage ou au stress, mais ne remplacent pas une consultation m\u00e9dicale en cas de fatigue intense ou persistante.<\/p>\n\n\n\n<h2 class=\"wp-block-heading\">Conclusion<\/h2>\n\n\n\n<p>La fatigue, bien que banalis\u00e9e dans notre soci\u00e9t\u00e9 moderne, constitue un signal d&rsquo;alarme que nous ne devrions jamais ignorer. Qu&rsquo;elle soit passag\u00e8re ou chronique, elle nous invite \u00e0 prendre soin de notre \u00e9quilibre physique et mental. \u00c0 travers cet article, nous avons explor\u00e9 les multiples facettes de la fatigue, de ses manifestations les plus courantes \u00e0 ses causes potentielles, en passant par les strat\u00e9gies d&rsquo;\u00e9valuation et de prise en charge.<\/p>\n\n\n\n<p>Nous avons vu combien il est crucial de distinguer une fatigue normale, cons\u00e9quence naturelle d&rsquo;un effort ou d&rsquo;une p\u00e9riode de stress, d&rsquo;une fatigue pathologique pouvant signaler un probl\u00e8me de sant\u00e9 sous-jacent. Cette distinction, parfois subtile, peut faire toute la diff\u00e9rence dans le parcours th\u00e9rapeutique.<\/p>\n\n\n\n<p>Retenons que la prise en charge pr\u00e9coce d&rsquo;une fatigue persistante permet souvent d&rsquo;\u00e9viter sa chronicisation et les complications qui en d\u00e9coulent. N&rsquo;h\u00e9sitez pas \u00e0 consulter un professionnel de sant\u00e9 d\u00e8s lors que votre fatigue perturbe significativement votre quotidien ou persiste malgr\u00e9 des mesures d&rsquo;hygi\u00e8ne de vie adapt\u00e9es.<\/p>\n\n\n\n<p>Pour trouver un sp\u00e9cialiste adapt\u00e9 \u00e0 votre situation pr\u00e8s de chez vous, <a href=\"https:\/\/www.doctoome.com\">consultez Doctoome<\/a>, plateforme de r\u00e9f\u00e9rence pour localiser des professionnels de sant\u00e9 dans votre r\u00e9gion.<\/p>\n\n\n\n<p><\/p>\n\n\n\n<p><\/p>\n\n\n\n<p><\/p>\n\n\n\n<p><\/p>\n","protected":false},"excerpt":{"rendered":"<p>La fatigue est une sensation courante que la plupart d&rsquo;entre nous ont exp\u00e9riment\u00e9e \u00e0 un moment donn\u00e9 de leur vie. Que ce soit \u00e0 la suite d&rsquo;une journ\u00e9e bien remplie, d&rsquo;un manque de sommeil, d&rsquo;un effort physique intense ou d&rsquo;autres facteurs, la fatigue peut avoir un impact significatif sur notre bien-\u00eatre et notre qualit\u00e9 de vie. <\/p>\n","protected":false},"author":2,"featured_media":12781,"comment_status":"open","ping_status":"closed","sticky":false,"template":"","format":"standard","meta":{"footnotes":""},"categories":[2465],"tags":[2511,34,1646],"class_list":["post-12706","post","type-post","status-publish","format-standard","has-post-thumbnail","hentry","category-alimentation-activite-physique-sportive-et-sommeil","tag-carence-en-fer","tag-medecin-generaliste","tag-troubles-du-sommeil"],"yoast_head":"<!-- This site is optimized with the Yoast SEO plugin v27.5 - https:\/\/yoast.com\/product\/yoast-seo-wordpress\/ -->\n<title>Un signe de fatigue : comment les reconna\u00eetre et y rem\u00e9dier ? | Blog - Doctoome<\/title>\n<meta name=\"description\" content=\"La fatigue est une sensation courante que la plupart d&#039;entre nous ont exp\u00e9riment\u00e9e \u00e0 un moment donn\u00e9 de leur vie.\" \/>\n<meta name=\"robots\" content=\"index, follow, max-snippet:-1, max-image-preview:large, max-video-preview:-1\" \/>\n<link rel=\"canonical\" href=\"https:\/\/www.doctoome.com\/blog\/fatigue-quels-sont-les-signes\/\" \/>\n<meta property=\"og:locale\" content=\"fr_FR\" \/>\n<meta property=\"og:type\" content=\"article\" \/>\n<meta property=\"og:title\" content=\"Un signe de fatigue : comment les reconna\u00eetre et y rem\u00e9dier ? | Blog - Doctoome\" \/>\n<meta property=\"og:description\" content=\"La fatigue est une sensation courante que la plupart d&#039;entre nous ont exp\u00e9riment\u00e9e \u00e0 un moment donn\u00e9 de leur vie.\" \/>\n<meta property=\"og:url\" content=\"https:\/\/www.doctoome.com\/blog\/fatigue-quels-sont-les-signes\/\" \/>\n<meta property=\"og:site_name\" content=\"Blog - Doctoome\" \/>\n<meta property=\"article:publisher\" content=\"https:\/\/www.facebook.com\/doctoome\/\" \/>\n<meta property=\"article:published_time\" content=\"2025-05-02T04:30:00+00:00\" \/>\n<meta property=\"article:modified_time\" content=\"2025-10-09T14:05:12+00:00\" \/>\n<meta property=\"og:image\" content=\"https:\/\/s3.eu-west-1.amazonaws.com\/dm.prod.raw\/2023\/04\/eAZayfCH-copie-visuel-6.png\" \/>\n\t<meta property=\"og:image:width\" content=\"1920\" \/>\n\t<meta property=\"og:image:height\" content=\"1080\" \/>\n\t<meta property=\"og:image:type\" content=\"image\/png\" \/>\n<meta name=\"author\" content=\"Doctoome\" \/>\n<meta name=\"twitter:card\" content=\"summary_large_image\" \/>\n<meta name=\"twitter:creator\" content=\"@Doctoome\" \/>\n<meta name=\"twitter:site\" content=\"@Doctoome\" \/>\n<meta name=\"twitter:label1\" content=\"\u00c9crit par\" \/>\n\t<meta name=\"twitter:data1\" content=\"Doctoome\" \/>\n\t<meta name=\"twitter:label2\" content=\"Dur\u00e9e de lecture estim\u00e9e\" \/>\n\t<meta name=\"twitter:data2\" content=\"10 minutes\" \/>\n<script type=\"application\/ld+json\" class=\"yoast-schema-graph\">{\"@context\":\"https:\\\/\\\/schema.org\",\"@graph\":[{\"@type\":\"Article\",\"@id\":\"https:\\\/\\\/www.doctoome.com\\\/blog\\\/fatigue-quels-sont-les-signes\\\/#article\",\"isPartOf\":{\"@id\":\"https:\\\/\\\/www.doctoome.com\\\/blog\\\/fatigue-quels-sont-les-signes\\\/\"},\"author\":{\"name\":\"Doctoome\",\"@id\":\"https:\\\/\\\/www.doctoome.com\\\/blog\\\/#\\\/schema\\\/person\\\/b70e715e0248cbdaae27015aae1f7769\"},\"headline\":\"Un signe de fatigue : comment les reconna\u00eetre et y rem\u00e9dier ?\",\"datePublished\":\"2025-05-02T04:30:00+00:00\",\"dateModified\":\"2025-10-09T14:05:12+00:00\",\"mainEntityOfPage\":{\"@id\":\"https:\\\/\\\/www.doctoome.com\\\/blog\\\/fatigue-quels-sont-les-signes\\\/\"},\"wordCount\":2088,\"commentCount\":0,\"publisher\":{\"@id\":\"https:\\\/\\\/www.doctoome.com\\\/blog\\\/#organization\"},\"image\":{\"@id\":\"https:\\\/\\\/www.doctoome.com\\\/blog\\\/fatigue-quels-sont-les-signes\\\/#primaryimage\"},\"thumbnailUrl\":\"https:\\\/\\\/s3.eu-west-1.amazonaws.com\\\/dm.prod.raw\\\/2023\\\/04\\\/eAZayfCH-copie-visuel-6.png\",\"keywords\":[\"Carence en fer\",\"M\u00e9decin g\u00e9n\u00e9raliste\",\"Troubles du sommeil\"],\"articleSection\":[\"Alimentation, activit\u00e9 physique, sommeil\"],\"inLanguage\":\"fr-FR\",\"potentialAction\":[{\"@type\":\"CommentAction\",\"name\":\"Comment\",\"target\":[\"https:\\\/\\\/www.doctoome.com\\\/blog\\\/fatigue-quels-sont-les-signes\\\/#respond\"]}]},{\"@type\":\"WebPage\",\"@id\":\"https:\\\/\\\/www.doctoome.com\\\/blog\\\/fatigue-quels-sont-les-signes\\\/\",\"url\":\"https:\\\/\\\/www.doctoome.com\\\/blog\\\/fatigue-quels-sont-les-signes\\\/\",\"name\":\"Un signe de fatigue : comment les reconna\u00eetre et y rem\u00e9dier ? | Blog - Doctoome\",\"isPartOf\":{\"@id\":\"https:\\\/\\\/www.doctoome.com\\\/blog\\\/#website\"},\"primaryImageOfPage\":{\"@id\":\"https:\\\/\\\/www.doctoome.com\\\/blog\\\/fatigue-quels-sont-les-signes\\\/#primaryimage\"},\"image\":{\"@id\":\"https:\\\/\\\/www.doctoome.com\\\/blog\\\/fatigue-quels-sont-les-signes\\\/#primaryimage\"},\"thumbnailUrl\":\"https:\\\/\\\/s3.eu-west-1.amazonaws.com\\\/dm.prod.raw\\\/2023\\\/04\\\/eAZayfCH-copie-visuel-6.png\",\"datePublished\":\"2025-05-02T04:30:00+00:00\",\"dateModified\":\"2025-10-09T14:05:12+00:00\",\"description\":\"La fatigue est une sensation courante que la plupart d'entre nous ont exp\u00e9riment\u00e9e \u00e0 un moment donn\u00e9 de leur vie.\",\"inLanguage\":\"fr-FR\",\"potentialAction\":[{\"@type\":\"ReadAction\",\"target\":[\"https:\\\/\\\/www.doctoome.com\\\/blog\\\/fatigue-quels-sont-les-signes\\\/\"]}]},{\"@type\":\"ImageObject\",\"inLanguage\":\"fr-FR\",\"@id\":\"https:\\\/\\\/www.doctoome.com\\\/blog\\\/fatigue-quels-sont-les-signes\\\/#primaryimage\",\"url\":\"https:\\\/\\\/s3.eu-west-1.amazonaws.com\\\/dm.prod.raw\\\/2023\\\/04\\\/eAZayfCH-copie-visuel-6.png\",\"contentUrl\":\"https:\\\/\\\/s3.eu-west-1.amazonaws.com\\\/dm.prod.raw\\\/2023\\\/04\\\/eAZayfCH-copie-visuel-6.png\",\"width\":1920,\"height\":1080},{\"@type\":\"WebSite\",\"@id\":\"https:\\\/\\\/www.doctoome.com\\\/blog\\\/#website\",\"url\":\"https:\\\/\\\/www.doctoome.com\\\/blog\\\/\",\"name\":\"Blog - Doctoome\",\"description\":\"Toutes nos astuces sant\u00e9 et bien-\u00eatre\",\"publisher\":{\"@id\":\"https:\\\/\\\/www.doctoome.com\\\/blog\\\/#organization\"},\"potentialAction\":[{\"@type\":\"SearchAction\",\"target\":{\"@type\":\"EntryPoint\",\"urlTemplate\":\"https:\\\/\\\/www.doctoome.com\\\/blog\\\/?s={search_term_string}\"},\"query-input\":{\"@type\":\"PropertyValueSpecification\",\"valueRequired\":true,\"valueName\":\"search_term_string\"}}],\"inLanguage\":\"fr-FR\"},{\"@type\":\"Organization\",\"@id\":\"https:\\\/\\\/www.doctoome.com\\\/blog\\\/#organization\",\"name\":\"Blog - Doctoome\",\"url\":\"https:\\\/\\\/www.doctoome.com\\\/blog\\\/\",\"logo\":{\"@type\":\"ImageObject\",\"inLanguage\":\"fr-FR\",\"@id\":\"https:\\\/\\\/www.doctoome.com\\\/blog\\\/#\\\/schema\\\/logo\\\/image\\\/\",\"url\":\"https:\\\/\\\/s3.eu-west-1.amazonaws.com\\\/dm.prod.raw\\\/2025\\\/07\\\/dQutxZuI-Media-1.png\",\"contentUrl\":\"https:\\\/\\\/s3.eu-west-1.amazonaws.com\\\/dm.prod.raw\\\/2025\\\/07\\\/dQutxZuI-Media-1.png\",\"width\":450,\"height\":200,\"caption\":\"Blog - Doctoome\"},\"image\":{\"@id\":\"https:\\\/\\\/www.doctoome.com\\\/blog\\\/#\\\/schema\\\/logo\\\/image\\\/\"},\"sameAs\":[\"https:\\\/\\\/www.facebook.com\\\/doctoome\\\/\",\"https:\\\/\\\/x.com\\\/Doctoome\",\"https:\\\/\\\/www.instagram.com\\\/doctoome_\\\/\",\"https:\\\/\\\/www.linkedin.com\\\/company\\\/doctoome\\\/\",\"https:\\\/\\\/www.youtube.com\\\/channel\\\/UCDbvPhELiZsPKeyNddFz6Qg\"]},{\"@type\":\"Person\",\"@id\":\"https:\\\/\\\/www.doctoome.com\\\/blog\\\/#\\\/schema\\\/person\\\/b70e715e0248cbdaae27015aae1f7769\",\"name\":\"Doctoome\",\"image\":{\"@type\":\"ImageObject\",\"inLanguage\":\"fr-FR\",\"@id\":\"https:\\\/\\\/secure.gravatar.com\\\/avatar\\\/6083c373ae95bfd3ce85cd46164b730132c2dc1f9e3f5c5cfe3d9e5a21e46e34?s=96&d=blank&r=g\",\"url\":\"https:\\\/\\\/secure.gravatar.com\\\/avatar\\\/6083c373ae95bfd3ce85cd46164b730132c2dc1f9e3f5c5cfe3d9e5a21e46e34?s=96&d=blank&r=g\",\"contentUrl\":\"https:\\\/\\\/secure.gravatar.com\\\/avatar\\\/6083c373ae95bfd3ce85cd46164b730132c2dc1f9e3f5c5cfe3d9e5a21e46e34?s=96&d=blank&r=g\",\"caption\":\"Doctoome\"},\"description\":\"Chlo\u00e9 de Channes est r\u00e9dactrice sant\u00e9 et \u00e9crit sur de nombreux sujets touchant au parcours de soins, aux enfants, aux maladies de peau, la sant\u00e9 des femmes, etc\",\"url\":\"https:\\\/\\\/www.doctoome.com\\\/blog\\\/author\\\/ameliedoctoome-com\\\/\"}]}<\/script>\n<!-- \/ Yoast SEO plugin. -->","yoast_head_json":{"title":"Un signe de fatigue : comment les reconna\u00eetre et y rem\u00e9dier ? | Blog - Doctoome","description":"La fatigue est une sensation courante que la plupart d'entre nous ont exp\u00e9riment\u00e9e \u00e0 un moment donn\u00e9 de leur vie.","robots":{"index":"index","follow":"follow","max-snippet":"max-snippet:-1","max-image-preview":"max-image-preview:large","max-video-preview":"max-video-preview:-1"},"canonical":"https:\/\/www.doctoome.com\/blog\/fatigue-quels-sont-les-signes\/","og_locale":"fr_FR","og_type":"article","og_title":"Un signe de fatigue : comment les reconna\u00eetre et y rem\u00e9dier ? | Blog - Doctoome","og_description":"La fatigue est une sensation courante que la plupart d'entre nous ont exp\u00e9riment\u00e9e \u00e0 un moment donn\u00e9 de leur vie.","og_url":"https:\/\/www.doctoome.com\/blog\/fatigue-quels-sont-les-signes\/","og_site_name":"Blog - Doctoome","article_publisher":"https:\/\/www.facebook.com\/doctoome\/","article_published_time":"2025-05-02T04:30:00+00:00","article_modified_time":"2025-10-09T14:05:12+00:00","og_image":[{"width":1920,"height":1080,"url":"https:\/\/s3.eu-west-1.amazonaws.com\/dm.prod.raw\/2023\/04\/eAZayfCH-copie-visuel-6.png","type":"image\/png"}],"author":"Doctoome","twitter_card":"summary_large_image","twitter_creator":"@Doctoome","twitter_site":"@Doctoome","twitter_misc":{"\u00c9crit par":"Doctoome","Dur\u00e9e de lecture estim\u00e9e":"10 minutes"},"schema":{"@context":"https:\/\/schema.org","@graph":[{"@type":"Article","@id":"https:\/\/www.doctoome.com\/blog\/fatigue-quels-sont-les-signes\/#article","isPartOf":{"@id":"https:\/\/www.doctoome.com\/blog\/fatigue-quels-sont-les-signes\/"},"author":{"name":"Doctoome","@id":"https:\/\/www.doctoome.com\/blog\/#\/schema\/person\/b70e715e0248cbdaae27015aae1f7769"},"headline":"Un signe de fatigue : comment les reconna\u00eetre et y rem\u00e9dier ?","datePublished":"2025-05-02T04:30:00+00:00","dateModified":"2025-10-09T14:05:12+00:00","mainEntityOfPage":{"@id":"https:\/\/www.doctoome.com\/blog\/fatigue-quels-sont-les-signes\/"},"wordCount":2088,"commentCount":0,"publisher":{"@id":"https:\/\/www.doctoome.com\/blog\/#organization"},"image":{"@id":"https:\/\/www.doctoome.com\/blog\/fatigue-quels-sont-les-signes\/#primaryimage"},"thumbnailUrl":"https:\/\/s3.eu-west-1.amazonaws.com\/dm.prod.raw\/2023\/04\/eAZayfCH-copie-visuel-6.png","keywords":["Carence en fer","M\u00e9decin g\u00e9n\u00e9raliste","Troubles du sommeil"],"articleSection":["Alimentation, activit\u00e9 physique, sommeil"],"inLanguage":"fr-FR","potentialAction":[{"@type":"CommentAction","name":"Comment","target":["https:\/\/www.doctoome.com\/blog\/fatigue-quels-sont-les-signes\/#respond"]}]},{"@type":"WebPage","@id":"https:\/\/www.doctoome.com\/blog\/fatigue-quels-sont-les-signes\/","url":"https:\/\/www.doctoome.com\/blog\/fatigue-quels-sont-les-signes\/","name":"Un signe de fatigue : comment les reconna\u00eetre et y rem\u00e9dier ? | Blog - Doctoome","isPartOf":{"@id":"https:\/\/www.doctoome.com\/blog\/#website"},"primaryImageOfPage":{"@id":"https:\/\/www.doctoome.com\/blog\/fatigue-quels-sont-les-signes\/#primaryimage"},"image":{"@id":"https:\/\/www.doctoome.com\/blog\/fatigue-quels-sont-les-signes\/#primaryimage"},"thumbnailUrl":"https:\/\/s3.eu-west-1.amazonaws.com\/dm.prod.raw\/2023\/04\/eAZayfCH-copie-visuel-6.png","datePublished":"2025-05-02T04:30:00+00:00","dateModified":"2025-10-09T14:05:12+00:00","description":"La fatigue est une sensation courante que la plupart d'entre nous ont exp\u00e9riment\u00e9e \u00e0 un moment donn\u00e9 de leur vie.","inLanguage":"fr-FR","potentialAction":[{"@type":"ReadAction","target":["https:\/\/www.doctoome.com\/blog\/fatigue-quels-sont-les-signes\/"]}]},{"@type":"ImageObject","inLanguage":"fr-FR","@id":"https:\/\/www.doctoome.com\/blog\/fatigue-quels-sont-les-signes\/#primaryimage","url":"https:\/\/s3.eu-west-1.amazonaws.com\/dm.prod.raw\/2023\/04\/eAZayfCH-copie-visuel-6.png","contentUrl":"https:\/\/s3.eu-west-1.amazonaws.com\/dm.prod.raw\/2023\/04\/eAZayfCH-copie-visuel-6.png","width":1920,"height":1080},{"@type":"WebSite","@id":"https:\/\/www.doctoome.com\/blog\/#website","url":"https:\/\/www.doctoome.com\/blog\/","name":"Blog - Doctoome","description":"Toutes nos astuces sant\u00e9 et bien-\u00eatre","publisher":{"@id":"https:\/\/www.doctoome.com\/blog\/#organization"},"potentialAction":[{"@type":"SearchAction","target":{"@type":"EntryPoint","urlTemplate":"https:\/\/www.doctoome.com\/blog\/?s={search_term_string}"},"query-input":{"@type":"PropertyValueSpecification","valueRequired":true,"valueName":"search_term_string"}}],"inLanguage":"fr-FR"},{"@type":"Organization","@id":"https:\/\/www.doctoome.com\/blog\/#organization","name":"Blog - Doctoome","url":"https:\/\/www.doctoome.com\/blog\/","logo":{"@type":"ImageObject","inLanguage":"fr-FR","@id":"https:\/\/www.doctoome.com\/blog\/#\/schema\/logo\/image\/","url":"https:\/\/s3.eu-west-1.amazonaws.com\/dm.prod.raw\/2025\/07\/dQutxZuI-Media-1.png","contentUrl":"https:\/\/s3.eu-west-1.amazonaws.com\/dm.prod.raw\/2025\/07\/dQutxZuI-Media-1.png","width":450,"height":200,"caption":"Blog - Doctoome"},"image":{"@id":"https:\/\/www.doctoome.com\/blog\/#\/schema\/logo\/image\/"},"sameAs":["https:\/\/www.facebook.com\/doctoome\/","https:\/\/x.com\/Doctoome","https:\/\/www.instagram.com\/doctoome_\/","https:\/\/www.linkedin.com\/company\/doctoome\/","https:\/\/www.youtube.com\/channel\/UCDbvPhELiZsPKeyNddFz6Qg"]},{"@type":"Person","@id":"https:\/\/www.doctoome.com\/blog\/#\/schema\/person\/b70e715e0248cbdaae27015aae1f7769","name":"Doctoome","image":{"@type":"ImageObject","inLanguage":"fr-FR","@id":"https:\/\/secure.gravatar.com\/avatar\/6083c373ae95bfd3ce85cd46164b730132c2dc1f9e3f5c5cfe3d9e5a21e46e34?s=96&d=blank&r=g","url":"https:\/\/secure.gravatar.com\/avatar\/6083c373ae95bfd3ce85cd46164b730132c2dc1f9e3f5c5cfe3d9e5a21e46e34?s=96&d=blank&r=g","contentUrl":"https:\/\/secure.gravatar.com\/avatar\/6083c373ae95bfd3ce85cd46164b730132c2dc1f9e3f5c5cfe3d9e5a21e46e34?s=96&d=blank&r=g","caption":"Doctoome"},"description":"Chlo\u00e9 de Channes est r\u00e9dactrice sant\u00e9 et \u00e9crit sur de nombreux sujets touchant au parcours de soins, aux enfants, aux maladies de peau, la sant\u00e9 des femmes, etc","url":"https:\/\/www.doctoome.com\/blog\/author\/ameliedoctoome-com\/"}]}},"_links":{"self":[{"href":"https:\/\/www.doctoome.com\/blog\/wp-json\/wp\/v2\/posts\/12706","targetHints":{"allow":["GET"]}}],"collection":[{"href":"https:\/\/www.doctoome.com\/blog\/wp-json\/wp\/v2\/posts"}],"about":[{"href":"https:\/\/www.doctoome.com\/blog\/wp-json\/wp\/v2\/types\/post"}],"author":[{"embeddable":true,"href":"https:\/\/www.doctoome.com\/blog\/wp-json\/wp\/v2\/users\/2"}],"replies":[{"embeddable":true,"href":"https:\/\/www.doctoome.com\/blog\/wp-json\/wp\/v2\/comments?post=12706"}],"version-history":[{"count":0,"href":"https:\/\/www.doctoome.com\/blog\/wp-json\/wp\/v2\/posts\/12706\/revisions"}],"wp:featuredmedia":[{"embeddable":true,"href":"https:\/\/www.doctoome.com\/blog\/wp-json\/wp\/v2\/media\/12781"}],"wp:attachment":[{"href":"https:\/\/www.doctoome.com\/blog\/wp-json\/wp\/v2\/media?parent=12706"}],"wp:term":[{"taxonomy":"category","embeddable":true,"href":"https:\/\/www.doctoome.com\/blog\/wp-json\/wp\/v2\/categories?post=12706"},{"taxonomy":"post_tag","embeddable":true,"href":"https:\/\/www.doctoome.com\/blog\/wp-json\/wp\/v2\/tags?post=12706"}],"curies":[{"name":"wp","href":"https:\/\/api.w.org\/{rel}","templated":true}]}}