{"id":12725,"date":"2025-05-03T06:30:00","date_gmt":"2025-05-03T04:30:00","guid":{"rendered":"https:\/\/www.doctoome.com\/blog\/?p=12725"},"modified":"2025-10-09T16:04:54","modified_gmt":"2025-10-09T14:04:54","slug":"fievre-tout-ce-quil-faut-savoir","status":"publish","type":"post","link":"https:\/\/www.doctoome.com\/blog\/fievre-tout-ce-quil-faut-savoir\/","title":{"rendered":"La fi\u00e8vre : sympt\u00f4mes, causes et traitements efficaces"},"content":{"rendered":"\n<p>La fi\u00e8vre est un m\u00e9canisme naturel de d\u00e9fense de notre organisme qui se caract\u00e9rise par une \u00e9l\u00e9vation de la temp\u00e9rature corporelle au-dessus de la normale. Contrairement aux id\u00e9es re\u00e7ues, elle n&rsquo;est pas une maladie en soi, mais plut\u00f4t un sympt\u00f4me, une r\u00e9action du corps face \u00e0 une agression. Cette \u00e9l\u00e9vation de temp\u00e9rature est orchestr\u00e9e par notre syst\u00e8me immunitaire pour cr\u00e9er un environnement d\u00e9favorable aux agents pathog\u00e8nes.<\/p>\n\n\n\n<p>Comprendre ce m\u00e9canisme est essentiel pour distinguer quand la fi\u00e8vre est b\u00e9n\u00e9fique et quand elle n\u00e9cessite une attention m\u00e9dicale. Une temp\u00e9rature l\u00e9g\u00e8rement \u00e9lev\u00e9e peut aider l&rsquo;organisme \u00e0 combattre une infection, tandis qu&rsquo;une fi\u00e8vre tr\u00e8s \u00e9lev\u00e9e peut n\u00e9cessiter une intervention m\u00e9dicale, particuli\u00e8rement chez les nourrissons, les jeunes enfants et les personnes \u00e2g\u00e9es.<\/p>\n\n\n\n<p>Dans cet article, nous explorerons en d\u00e9tail ce qu&rsquo;est la fi\u00e8vre, ses causes possibles, les sympt\u00f4mes qui l&rsquo;accompagnent, et les diff\u00e9rentes approches th\u00e9rapeutiques. Nous aborderons \u00e9galement les signes d&rsquo;alerte qui doivent vous inciter \u00e0 consulter un m\u00e9decin et r\u00e9pondrons aux questions les plus fr\u00e9quemment pos\u00e9es sur ce sujet.<\/p>\n\n\n\n<h2 class=\"wp-block-heading\">Comprendre la fi\u00e8vre<\/h2>\n\n\n\n<h3 class=\"wp-block-heading\">Qu&rsquo;est-ce que la fi\u00e8vre ?<\/h3>\n\n\n\n<p>La fi\u00e8vre correspond \u00e0 une \u00e9l\u00e9vation anormale de la temp\u00e9rature corporelle centrale, r\u00e9gul\u00e9e par l&rsquo;hypothalamus, notre \u00ab\u00a0thermostat interne\u00a0\u00bb. Selon l&rsquo;Organisation Mondiale de la Sant\u00e9, la temp\u00e9rature corporelle normale varie entre 36,5\u00b0C et 37,5\u00b0C, avec des fluctuations au cours de la journ\u00e9e \u2014 g\u00e9n\u00e9ralement plus basse le matin et plus \u00e9lev\u00e9e en fin d&rsquo;apr\u00e8s-midi.<\/p>\n\n\n\n<p>On parle de fi\u00e8vre lorsque la temp\u00e9rature d\u00e9passe 38\u00b0C. Cependant, les seuils peuvent varier selon l&rsquo;\u00e2ge, la m\u00e9thode de mesure et le moment de la journ\u00e9e. Chez le nourrisson de moins de 3 mois, une temp\u00e9rature rectale sup\u00e9rieure \u00e0 38\u00b0C est consid\u00e9r\u00e9e comme de la fi\u00e8vre et n\u00e9cessite une consultation m\u00e9dicale urgente.<\/p>\n\n\n\n<p>La fi\u00e8vre est un m\u00e9canisme de d\u00e9fense complexe qui augmente le m\u00e9tabolisme, stimule la production d&rsquo;anticorps et ralentit la multiplication de certains pathog\u00e8nes sensibles \u00e0 la chaleur. L&rsquo;organisme \u00e9l\u00e8ve d\u00e9lib\u00e9r\u00e9ment sa temp\u00e9rature pour se d\u00e9fendre, contrairement \u00e0 l&rsquo;hyperthermie qui est une \u00e9l\u00e9vation non contr\u00f4l\u00e9e (coup de chaleur par exemple).<\/p>\n\n\n\n<div class=\"wp-block-buttons is-content-justification-center is-layout-flex wp-container-core-buttons-is-layout-16018d1d wp-block-buttons-is-layout-flex\">\n<div class=\"wp-block-button\"><a class=\"wp-block-button__link wp-element-button\" href=\"https:\/\/www.doctoome.com\/s\/medecin-generaliste\/\">Je consulte un m\u00e9decin disponible<\/a><\/div>\n<\/div>\n\n\n\n<h3 class=\"wp-block-heading\">Causes de la fi\u00e8vre<\/h3>\n\n\n\n<p>Les causes de la fi\u00e8vre sont nombreuses, et peuvent \u00eatre regroup\u00e9es en plusieurs cat\u00e9gories :<\/p>\n\n\n\n<ul class=\"wp-block-list\">\n<li><strong>Infections<\/strong> : Elles repr\u00e9sentent la cause la plus fr\u00e9quente de fi\u00e8vre.\n<ul class=\"wp-block-list\">\n<li>Infections virales : rhume, grippe, COVID-19, gastro-ent\u00e9rite, rougeole&#8230;<\/li>\n\n\n\n<li>Infections bact\u00e9riennes : angine streptococcique, pneumonie, infection urinaire, m\u00e9ningite&#8230;<\/li>\n\n\n\n<li>Infections parasitaires : paludisme, toxoplasmose&#8230;<\/li>\n\n\n\n<li>Infections fongiques : candidoses syst\u00e9miques&#8230;<\/li>\n<\/ul>\n<\/li>\n\n\n\n<li><strong>Causes inflammatoires non infectieuses<\/strong> :\n<ul class=\"wp-block-list\">\n<li>Maladies auto-immunes : polyarthrite rhumato\u00efde, lupus, maladie de Crohn&#8230;<\/li>\n\n\n\n<li>R\u00e9actions allergiques s\u00e9v\u00e8res<\/li>\n\n\n\n<li>Vascularites<\/li>\n<\/ul>\n<\/li>\n\n\n\n<li><strong>Causes m\u00e9dicamenteuses<\/strong> : Certains m\u00e9dicaments peuvent provoquer une fi\u00e8vre, ph\u00e9nom\u00e8ne appel\u00e9 \u00ab\u00a0fi\u00e8vre m\u00e9dicamenteuse\u00a0\u00bb<\/li>\n\n\n\n<li><strong>Causes n\u00e9oplasiques<\/strong> : Certains cancers, particuli\u00e8rement les lymphomes, peuvent s&rsquo;accompagner de fi\u00e8vre<\/li>\n\n\n\n<li><strong>Autres causes<\/strong> : D\u00e9shydratation s\u00e9v\u00e8re, troubles endocriniens, affections neurologiques&#8230;<\/li>\n<\/ul>\n\n\n\n<p>Selon l&rsquo;Institut National de la Sant\u00e9 et de la Recherche M\u00e9dicale (INSERM), les infections repr\u00e9sentent environ 70% des causes de fi\u00e8vre, les maladies inflammatoires 15%, et les autres causes 15%.<\/p>\n\n\n\n<h3 class=\"wp-block-heading\">\u00c9chelle de temp\u00e9rature et interpr\u00e9tation<\/h3>\n\n\n\n<p>L&rsquo;interpr\u00e9tation de la temp\u00e9rature corporelle d\u00e9pend de plusieurs facteurs, notamment le site de mesure :<\/p>\n\n\n\n<ul class=\"wp-block-list\">\n<li><strong>Temp\u00e9rature rectale<\/strong> : La plus pr\u00e9cise, consid\u00e9r\u00e9e comme r\u00e9f\u00e9rence (+0,5\u00b0C par rapport \u00e0 la temp\u00e9rature buccale)<\/li>\n\n\n\n<li><strong>Temp\u00e9rature buccale<\/strong> : Fiable si correctement mesur\u00e9e<\/li>\n\n\n\n<li><strong>Temp\u00e9rature axillaire (aisselle)<\/strong> : Moins pr\u00e9cise (-0,5\u00b0C par rapport \u00e0 la temp\u00e9rature buccale)<\/li>\n\n\n\n<li><strong>Temp\u00e9rature tympanique<\/strong> : Pratique mais peut \u00eatre influenc\u00e9e par la cire d&rsquo;oreille<\/li>\n\n\n\n<li><strong>Temp\u00e9rature frontale<\/strong> : Pratique mais moins pr\u00e9cise que les m\u00e9thodes invasives<\/li>\n<\/ul>\n\n\n\n<p>Voici une \u00e9chelle d&rsquo;interpr\u00e9tation bas\u00e9e sur la temp\u00e9rature rectale :<\/p>\n\n\n\n<ul class=\"wp-block-list\">\n<li><strong>Inf\u00e9rieure \u00e0 36\u00b0C<\/strong> : Hypothermie<\/li>\n\n\n\n<li><strong>36\u00b0C \u00e0 37,5\u00b0C<\/strong> : Temp\u00e9rature normale<\/li>\n\n\n\n<li><strong>37,5\u00b0C \u00e0 38\u00b0C<\/strong> : Temp\u00e9rature subf\u00e9brile<\/li>\n\n\n\n<li><strong>38\u00b0C \u00e0 38,9\u00b0C<\/strong> : Fi\u00e8vre l\u00e9g\u00e8re<\/li>\n\n\n\n<li><strong>39\u00b0C \u00e0 40\u00b0C<\/strong> : Fi\u00e8vre mod\u00e9r\u00e9e<\/li>\n\n\n\n<li><strong>40\u00b0C \u00e0 41\u00b0C<\/strong> : Fi\u00e8vre \u00e9lev\u00e9e<\/li>\n\n\n\n<li><strong>Au-del\u00e0 de 41\u00b0C<\/strong> : Fi\u00e8vre tr\u00e8s \u00e9lev\u00e9e (hyperpyrexie) &#8211; Situation d&rsquo;urgence<\/li>\n<\/ul>\n\n\n\n<h2 class=\"wp-block-heading\">Sympt\u00f4mes et manifestations de la fi\u00e8vre<\/h2>\n\n\n\n<h3 class=\"wp-block-heading\">Signes courants de la fi\u00e8vre<\/h3>\n\n\n\n<p>La fi\u00e8vre s&rsquo;accompagne g\u00e9n\u00e9ralement d&rsquo;un ensemble de signes et sympt\u00f4mes qui varient selon l&rsquo;\u00e2ge du patient et la cause sous-jacente. Ces manifestations r\u00e9sultent \u00e0 la fois de l&rsquo;\u00e9l\u00e9vation de la temp\u00e9rature et de la lib\u00e9ration de substances inflammatoires appel\u00e9es cytokines.<\/p>\n\n\n\n<p>Chez l&rsquo;adulte, les sympt\u00f4mes associ\u00e9s \u00e0 la fi\u00e8vre incluent :<\/p>\n\n\n\n<ul class=\"wp-block-list\">\n<li>Sensation de chaleur, transpiration<\/li>\n\n\n\n<li>Frissons et sensation de froid paradoxale (particuli\u00e8rement lors de la mont\u00e9e de fi\u00e8vre)<\/li>\n\n\n\n<li>Fatigue et faiblesse g\u00e9n\u00e9rale<\/li>\n\n\n\n<li>Maux de t\u00eate<\/li>\n\n\n\n<li>Courbatures et douleurs musculaires<\/li>\n\n\n\n<li>Perte d&rsquo;app\u00e9tit<\/li>\n\n\n\n<li>D\u00e9shydratation (peau et muqueuses s\u00e8ches)<\/li>\n\n\n\n<li>Tachycardie (acc\u00e9l\u00e9ration du rythme cardiaque)<\/li>\n\n\n\n<li>Confusion dans les cas s\u00e9v\u00e8res<\/li>\n<\/ul>\n\n\n\n<p>Chez l&rsquo;enfant, on peut observer en plus :<\/p>\n\n\n\n<ul class=\"wp-block-list\">\n<li>Irritabilit\u00e9 ou l\u00e9thargie<\/li>\n\n\n\n<li>Pleurs inconsolables (chez les nourrissons)<\/li>\n\n\n\n<li>Refus de s&rsquo;alimenter<\/li>\n\n\n\n<li>Convulsions f\u00e9briles (chez 2 \u00e0 5% des enfants entre 6 mois et 5 ans)<\/li>\n\n\n\n<li>Respiration rapide<\/li>\n<\/ul>\n\n\n\n<p>Il est important de noter que l&rsquo;intensit\u00e9 de la fi\u00e8vre n&rsquo;est pas forc\u00e9ment corr\u00e9l\u00e9e \u00e0 la gravit\u00e9 de la cause sous-jacente. Une infection virale b\u00e9nigne peut parfois provoquer une fi\u00e8vre tr\u00e8s \u00e9lev\u00e9e, tandis qu&rsquo;une infection bact\u00e9rienne grave peut s&rsquo;accompagner d&rsquo;une fi\u00e8vre mod\u00e9r\u00e9e, particuli\u00e8rement chez les personnes \u00e2g\u00e9es ou immunod\u00e9prim\u00e9es.<\/p>\n\n\n\n<h3 class=\"wp-block-heading\">Quand s&rsquo;inqui\u00e9ter ?<\/h3>\n\n\n\n<p>La fi\u00e8vre est g\u00e9n\u00e9ralement un m\u00e9canisme de d\u00e9fense b\u00e9n\u00e9fique, mais certains signes doivent alerter et justifient une consultation m\u00e9dicale rapide.<\/p>\n\n\n\n<p>Chez l&rsquo;adulte, consultez un m\u00e9decin si la fi\u00e8vre s&rsquo;accompagne de :<\/p>\n\n\n\n<ul class=\"wp-block-list\">\n<li>Temp\u00e9rature sup\u00e9rieure \u00e0 39,5\u00b0C<\/li>\n\n\n\n<li>Fi\u00e8vre persistant plus de 3 jours<\/li>\n\n\n\n<li>Difficult\u00e9s respiratoires<\/li>\n\n\n\n<li>Raideur de la nuque et maux de t\u00eate intenses<\/li>\n\n\n\n<li>Confusion, somnolence excessive ou difficult\u00e9s \u00e0 \u00eatre r\u00e9veill\u00e9<\/li>\n\n\n\n<li>Douleurs abdominales s\u00e9v\u00e8res<\/li>\n\n\n\n<li>\u00c9ruption cutan\u00e9e qui ne dispara\u00eet pas sous la pression (test du verre)<\/li>\n\n\n\n<li>Vomissements persistants ou d\u00e9shydratation<\/li>\n\n\n\n<li>Douleur intense localis\u00e9e (oreille, gorge, articulation&#8230;)<\/li>\n<\/ul>\n\n\n\n<p>Chez l&rsquo;enfant, les signes d&rsquo;alerte sont :<\/p>\n\n\n\n<ul class=\"wp-block-list\">\n<li>Tout nourrisson de moins de 3 mois avec une temp\u00e9rature \u2265 38\u00b0C<\/li>\n\n\n\n<li>Enfant entre 3 et 36 mois avec une temp\u00e9rature > 39\u00b0C sans cause \u00e9vidente<\/li>\n\n\n\n<li>Fi\u00e8vre persistante > 5 jours<\/li>\n\n\n\n<li>Enfant l\u00e9thargique, difficile \u00e0 r\u00e9veiller ou excessivement irritable<\/li>\n\n\n\n<li>Refus de boire ou signes de d\u00e9shydratation (couches s\u00e8ches, absence de larmes)<\/li>\n\n\n\n<li>Convulsions<\/li>\n\n\n\n<li>Difficult\u00e9s respiratoires ou respiration rapide<\/li>\n\n\n\n<li>\u00c9ruption cutan\u00e9e ne disparaissant pas \u00e0 la pression<\/li>\n\n\n\n<li>Pleurs inconsolables ou cris aigus<\/li>\n<\/ul>\n\n\n\n<p>D&rsquo;apr\u00e8s la Haute Autorit\u00e9 de Sant\u00e9 (HAS), la fi\u00e8vre elle-m\u00eame est rarement dangereuse, mais elle peut \u00eatre le signe d&rsquo;une pathologie sous-jacente grave n\u00e9cessitant une prise en charge m\u00e9dicale. C&rsquo;est pourquoi il est important de surveiller l&rsquo;\u00e9volution de la fi\u00e8vre et les sympt\u00f4mes associ\u00e9s.<\/p>\n\n\n\n<p>Pour trouver un m\u00e9decin pr\u00e8s de chez vous qui pourra \u00e9valuer une fi\u00e8vre pr\u00e9occupante, consultez <a href=\"https:\/\/www.doctoome.com\">www.doctoome.com<\/a>.<\/p>\n\n\n\n<h2 class=\"wp-block-heading\">Prise en charge et traitements de la fi\u00e8vre<\/h2>\n\n\n\n<h3 class=\"wp-block-heading\">Mesures non m\u00e9dicamenteuses<\/h3>\n\n\n\n<p>Avant d&rsquo;envisager un traitement m\u00e9dicamenteux, plusieurs mesures simples peuvent aider \u00e0 soulager l&rsquo;inconfort li\u00e9 \u00e0 la fi\u00e8vre :<\/p>\n\n\n\n<ul class=\"wp-block-list\">\n<li><strong>Hydratation<\/strong> : La fi\u00e8vre augmente les pertes hydriques par la transpiration. Il est donc essentiel de boire r\u00e9guli\u00e8rement, par petites quantit\u00e9s. Privil\u00e9giez l&rsquo;eau, les tisanes ou les boissons l\u00e9g\u00e8rement sucr\u00e9es. Pour les enfants, proposez fr\u00e9quemment \u00e0 boire.<\/li>\n\n\n\n<li><strong>Repos<\/strong> : Le corps a besoin d&rsquo;\u00e9nergie pour combattre l&rsquo;infection. Le repos permet de rediriger cette \u00e9nergie vers les d\u00e9fenses immunitaires.<\/li>\n\n\n\n<li><strong>Environnement adapt\u00e9<\/strong> : Maintenez une temp\u00e9rature ambiante mod\u00e9r\u00e9e (18-20\u00b0C). \u00c9vitez de trop couvrir la personne f\u00e9brile ou, \u00e0 l&rsquo;inverse, de la d\u00e9v\u00eatir compl\u00e8tement.<\/li>\n\n\n\n<li><strong>Rafra\u00eechissement mesur\u00e9<\/strong> : Des compresses d&rsquo;eau ti\u00e8de sur le front, la nuque ou les poignets peuvent apporter un soulagement. Attention aux bains froids qui peuvent provoquer un choc thermique.<\/li>\n\n\n\n<li><strong>Alimentation l\u00e9g\u00e8re<\/strong> : Privil\u00e9giez une alimentation facile \u00e0 dig\u00e9rer si l&rsquo;app\u00e9tit est pr\u00e9sent, mais ne forcez pas \u00e0 manger.<\/li>\n<\/ul>\n\n\n\n<p>La HAS recommande d&rsquo;\u00e9viter certaines pratiques autrefois courantes :<\/p>\n\n\n\n<ul class=\"wp-block-list\">\n<li>Les frictions \u00e0 l&rsquo;alcool (risque d&rsquo;intoxication par voie cutan\u00e9e)<\/li>\n\n\n\n<li>Les bains d&rsquo;eau froide (risque de choc thermique et de vasoconstriction qui peut paradoxalement augmenter la temp\u00e9rature centrale)<\/li>\n\n\n\n<li>L&rsquo;enveloppement dans des couvertures \u00e9paisses pour \u00ab\u00a0faire transpirer la fi\u00e8vre\u00a0\u00bb<\/li>\n<\/ul>\n\n\n\n<h3 class=\"wp-block-heading\">Traitements m\u00e9dicamenteux<\/h3>\n\n\n\n<p>Les traitements m\u00e9dicamenteux visent \u00e0 r\u00e9duire l&rsquo;inconfort li\u00e9 \u00e0 la fi\u00e8vre et non \u00e0 traiter sa cause. Dans de nombreux cas, notamment lors d&rsquo;infections virales b\u00e9nignes, il n&rsquo;est pas n\u00e9cessaire de faire baisser la fi\u00e8vre si celle-ci est bien tol\u00e9r\u00e9e.<\/p>\n\n\n\n<p>Les antipyr\u00e9tiques (m\u00e9dicaments qui font baisser la fi\u00e8vre) les plus courants sont :<\/p>\n\n\n\n<ul class=\"wp-block-list\">\n<li><strong>Parac\u00e9tamol<\/strong> : C&rsquo;est l&rsquo;antipyr\u00e9tique de premier choix, recommand\u00e9 par la HAS.\n<ul class=\"wp-block-list\">\n<li>Dosage adulte : 1g toutes les 6 heures (maximum 4g par jour)<\/li>\n\n\n\n<li>Dosage enfant : 15mg\/kg toutes les 6 heures (maximum 60mg\/kg\/jour)<\/li>\n\n\n\n<li>Pr\u00e9cautions : Respecter les intervalles entre les prises et ne pas d\u00e9passer la dose maximale (risque d&rsquo;h\u00e9patotoxicit\u00e9)<\/li>\n<\/ul>\n<\/li>\n\n\n\n<li><strong>Ibuprof\u00e8ne<\/strong> : Antipyr\u00e9tique et anti-inflammatoire\n<ul class=\"wp-block-list\">\n<li>Dosage adulte : 200 \u00e0 400mg toutes les 6-8 heures (maximum 1200mg par jour)<\/li>\n\n\n\n<li>Dosage enfant : 10mg\/kg toutes les 6-8 heures (maximum 30mg\/kg\/jour)<\/li>\n\n\n\n<li>Pr\u00e9cautions : \u00c0 \u00e9viter en cas de varicelle, certaines infections bact\u00e9riennes, grossesse (surtout apr\u00e8s 24 semaines), et chez les personnes souffrant d&rsquo;ulc\u00e8res gastro-duod\u00e9naux ou de probl\u00e8mes r\u00e9naux<\/li>\n<\/ul>\n<\/li>\n\n\n\n<li><strong>Aspirine<\/strong> : Rarement utilis\u00e9e comme antipyr\u00e9tique de nos jours\n<ul class=\"wp-block-list\">\n<li>Strictement contre-indiqu\u00e9e chez les enfants et adolescents de moins de 16 ans (risque de syndrome de Reye)<\/li>\n\n\n\n<li>\u00c0 \u00e9viter pendant la grossesse et l&rsquo;allaitement<\/li>\n<\/ul>\n<\/li>\n<\/ul>\n\n\n\n<p>Points importants concernant les traitements m\u00e9dicamenteux :<\/p>\n\n\n\n<ul class=\"wp-block-list\">\n<li>Ne jamais associer deux m\u00e9dicaments de la m\u00eame classe (par exemple, deux anti-inflammatoires)<\/li>\n\n\n\n<li>Respecter scrupuleusement la posologie indiqu\u00e9e<\/li>\n\n\n\n<li>En cas d&rsquo;alternance entre parac\u00e9tamol et ibuprof\u00e8ne (parfois recommand\u00e9e chez l&rsquo;enfant), noter les heures de prise pour \u00e9viter les erreurs<\/li>\n\n\n\n<li>L&rsquo;objectif n&rsquo;est pas de normaliser compl\u00e8tement la temp\u00e9rature mais de soulager l&rsquo;inconfort<\/li>\n\n\n\n<li>Traiter en priorit\u00e9 les enfants qui pr\u00e9sentent un inconfort important, plut\u00f4t que sur le seul crit\u00e8re de la hauteur de la fi\u00e8vre<\/li>\n<\/ul>\n\n\n\n<p>En parall\u00e8le du traitement symptomatique de la fi\u00e8vre, la cause sous-jacente devra \u00eatre prise en charge : antibiotiques pour certaines infections bact\u00e9riennes, traitement antiviral pour certaines infections virales, etc. Ces traitements sp\u00e9cifiques doivent \u00eatre prescrits par un m\u00e9decin apr\u00e8s diagnostic pr\u00e9cis.<\/p>\n\n\n\n<p>Doctoome vous aide \u00e0 localiser des m\u00e9decins g\u00e9n\u00e9ralistes ou p\u00e9diatres dans votre r\u00e9gion qui pourront vous conseiller sur la prise en charge appropri\u00e9e de la fi\u00e8vre.<\/p>\n\n\n\n<h2 class=\"wp-block-heading\">FAQ sur la fi\u00e8vre<\/h2>\n\n\n\n<h3 class=\"wp-block-heading\">Comment faire baisser la fi\u00e8vre naturellement ?<\/h3>\n\n\n\n<p>Pour faire baisser la fi\u00e8vre naturellement, assurez-vous de bien vous hydrater en buvant r\u00e9guli\u00e8rement de l&rsquo;eau. Reposez-vous dans une pi\u00e8ce \u00e0 temp\u00e9rature mod\u00e9r\u00e9e (18-20\u00b0C). Des compresses d&rsquo;eau ti\u00e8de sur le front ou la nuque peuvent apporter un soulagement. Portez des v\u00eatements l\u00e9gers et \u00e9vitez de vous couvrir excessivement. Cependant, si la fi\u00e8vre est \u00e9lev\u00e9e ou persiste, consultez un m\u00e9decin.<\/p>\n\n\n\n<h3 class=\"wp-block-heading\">Faut-il toujours traiter une fi\u00e8vre ?<\/h3>\n\n\n\n<p>Non, la fi\u00e8vre ne doit pas syst\u00e9matiquement \u00eatre trait\u00e9e, surtout si elle est bien tol\u00e9r\u00e9e. La fi\u00e8vre est un m\u00e9canisme de d\u00e9fense naturel qui aide \u00e0 combattre les infections. Selon la HAS, le traitement vise principalement \u00e0 soulager l&rsquo;inconfort plut\u00f4t qu&rsquo;\u00e0 normaliser la temp\u00e9rature. Chez les enfants, on traite davantage en fonction de l&rsquo;inconfort que de la valeur du thermom\u00e8tre.<\/p>\n\n\n\n<h3 class=\"wp-block-heading\">Quelle est la diff\u00e9rence entre fi\u00e8vre et hyperthermie ?<\/h3>\n\n\n\n<p>La fi\u00e8vre est une \u00e9l\u00e9vation contr\u00f4l\u00e9e de la temp\u00e9rature corporelle d\u00e9clench\u00e9e par le syst\u00e8me immunitaire, avec un r\u00e9glage \u00e0 la hausse du thermostat hypothalamique. L&rsquo;hyperthermie est une \u00e9l\u00e9vation non contr\u00f4l\u00e9e due \u00e0 une incapacit\u00e9 du corps \u00e0 \u00e9vacuer la chaleur (coup de chaleur, effort intense) ou \u00e0 une dysfonction du centre thermor\u00e9gulateur. L&rsquo;hyperthermie ne r\u00e9pond pas aux antipyr\u00e9tiques et peut \u00eatre plus dangereuse.<\/p>\n\n\n\n<h3 class=\"wp-block-heading\">La fi\u00e8vre peut-elle \u00eatre dangereuse ?<\/h3>\n\n\n\n<p>En elle-m\u00eame, la fi\u00e8vre est rarement dangereuse chez les adultes et enfants en bonne sant\u00e9. Cependant, une fi\u00e8vre tr\u00e8s \u00e9lev\u00e9e (&gt;41\u00b0C) peut provoquer des complications comme la d\u00e9shydratation et, rarement, des l\u00e9sions neurologiques. Les convulsions f\u00e9briles peuvent survenir chez certains enfants mais sont g\u00e9n\u00e9ralement sans s\u00e9quelles. Le danger r\u00e9side souvent dans la cause de la fi\u00e8vre plut\u00f4t que dans la fi\u00e8vre elle-m\u00eame.<\/p>\n\n\n\n<h3 class=\"wp-block-heading\">Comment prendre correctement la temp\u00e9rature ?<\/h3>\n\n\n\n<p>La m\u00e9thode de r\u00e9f\u00e9rence est la voie rectale, particuli\u00e8rement recommand\u00e9e chez les jeunes enfants. Placez doucement le thermom\u00e8tre lubrifi\u00e9 et attendez selon les instructions (g\u00e9n\u00e9ralement 1 minute). La voie buccale est fiable chez les adultes coop\u00e9ratifs : placez le thermom\u00e8tre sous la langue pendant 3-4 minutes. Les thermom\u00e8tres tympaniques sont pratiques mais moins pr\u00e9cis. Avec les thermom\u00e8tres \u00e9lectroniques, attendez toujours le signal sonore avant de lire.<\/p>\n\n\n\n<h2 class=\"wp-block-heading\">Conclusion<\/h2>\n\n\n\n<p>La fi\u00e8vre est un m\u00e9canisme de d\u00e9fense naturel qui joue un r\u00f4le important dans la lutte contre les agents pathog\u00e8nes. Bien que souvent inconfortable, elle t\u00e9moigne du bon fonctionnement de notre syst\u00e8me immunitaire et ne n\u00e9cessite pas syst\u00e9matiquement un traitement, surtout si elle reste mod\u00e9r\u00e9e et bien support\u00e9e.<\/p>\n\n\n\n<p>La prise en charge de la fi\u00e8vre doit \u00eatre adapt\u00e9e \u00e0 chaque situation, en tenant compte de l&rsquo;\u00e2ge du patient, de son \u00e9tat de sant\u00e9 g\u00e9n\u00e9ral et des sympt\u00f4mes associ\u00e9s. Les mesures non m\u00e9dicamenteuses comme l&rsquo;hydratation et le repos sont essentielles, tandis que les traitements antipyr\u00e9tiques doivent \u00eatre utilis\u00e9s avec discernement.<\/p>\n\n\n\n<p>Il est crucial de savoir reconna\u00eetre les signes d&rsquo;alerte qui n\u00e9cessitent une consultation m\u00e9dicale, particuli\u00e8rement chez les jeunes enfants et les personnes vuln\u00e9rables. Une fi\u00e8vre persistante ou associ\u00e9e \u00e0 des sympt\u00f4mes inqui\u00e9tants doit toujours \u00eatre \u00e9valu\u00e9e par un professionnel de sant\u00e9.<\/p>\n\n\n\n<p>Si vous avez des inqui\u00e9tudes concernant une fi\u00e8vre, n&rsquo;h\u00e9sitez pas \u00e0 consulter un m\u00e9decin. Pour trouver un professionnel de sant\u00e9 pr\u00e8s de chez vous, rendez-vous sur <a href=\"https:\/\/www.doctoome.com\">www.doctoome.com<\/a>.<\/p>\n\n\n\n<p><\/p>\n\n\n\n<p><\/p>\n","protected":false},"excerpt":{"rendered":"<p>La fi\u00e8vre est une \u00e9l\u00e9vation de la temp\u00e9rature corporelle qui peut \u00eatre caus\u00e9e par divers facteurs, tels que des infections, des maladies inflammatoires, des r\u00e9actions allergiques ou des blessures. Elle est souvent accompagn\u00e9e d&rsquo;autres sympt\u00f4mes, tels que des frissons, des maux de t\u00eate, de la fatigue et des douleurs musculaires. Bien que la fi\u00e8vre soit une r\u00e9ponse naturelle du corps \u00e0 une infection ou une inflammation, une temp\u00e9rature \u00e9lev\u00e9e prolong\u00e9e peut \u00eatre pr\u00e9occupante et n\u00e9cessiter une intervention m\u00e9dicale.<\/p>\n","protected":false},"author":2,"featured_media":12785,"comment_status":"open","ping_status":"closed","sticky":false,"template":"","format":"standard","meta":{"footnotes":""},"categories":[2147],"tags":[34],"class_list":["post-12725","post","type-post","status-publish","format-standard","has-post-thumbnail","hentry","category-ma-sante","tag-medecin-generaliste"],"yoast_head":"<!-- This site is optimized with the Yoast SEO plugin v27.5 - https:\/\/yoast.com\/product\/yoast-seo-wordpress\/ -->\n<title>La fi\u00e8vre : sympt\u00f4mes, causes et traitements efficaces | Blog - Doctoome<\/title>\n<meta name=\"description\" content=\"La fi\u00e8vre est une \u00e9l\u00e9vation de la temp\u00e9rature corporelle qui peut \u00eatre caus\u00e9e par divers facteurs. D\u00e9couvrez comment y faire face...\" \/>\n<meta name=\"robots\" content=\"index, follow, max-snippet:-1, max-image-preview:large, max-video-preview:-1\" \/>\n<link rel=\"canonical\" href=\"https:\/\/www.doctoome.com\/blog\/fievre-tout-ce-quil-faut-savoir\/\" \/>\n<meta property=\"og:locale\" content=\"fr_FR\" \/>\n<meta property=\"og:type\" content=\"article\" \/>\n<meta property=\"og:title\" content=\"La fi\u00e8vre : sympt\u00f4mes, causes et traitements efficaces | Blog - Doctoome\" \/>\n<meta property=\"og:description\" content=\"La fi\u00e8vre est une \u00e9l\u00e9vation de la temp\u00e9rature corporelle qui peut \u00eatre caus\u00e9e par divers facteurs. D\u00e9couvrez comment y faire face...\" \/>\n<meta property=\"og:url\" content=\"https:\/\/www.doctoome.com\/blog\/fievre-tout-ce-quil-faut-savoir\/\" \/>\n<meta property=\"og:site_name\" content=\"Blog - Doctoome\" \/>\n<meta property=\"article:publisher\" content=\"https:\/\/www.facebook.com\/doctoome\/\" \/>\n<meta property=\"article:published_time\" content=\"2025-05-03T04:30:00+00:00\" \/>\n<meta property=\"article:modified_time\" content=\"2025-10-09T14:04:54+00:00\" \/>\n<meta property=\"og:image\" content=\"https:\/\/s3.eu-west-1.amazonaws.com\/dm.prod.raw\/2023\/04\/copie-visuel-9.png\" \/>\n\t<meta property=\"og:image:width\" content=\"1920\" \/>\n\t<meta property=\"og:image:height\" content=\"1080\" \/>\n\t<meta property=\"og:image:type\" content=\"image\/png\" \/>\n<meta name=\"author\" content=\"Doctoome\" \/>\n<meta name=\"twitter:card\" content=\"summary_large_image\" \/>\n<meta name=\"twitter:creator\" content=\"@Doctoome\" \/>\n<meta name=\"twitter:site\" content=\"@Doctoome\" \/>\n<meta name=\"twitter:label1\" content=\"\u00c9crit par\" \/>\n\t<meta name=\"twitter:data1\" content=\"Doctoome\" \/>\n\t<meta name=\"twitter:label2\" content=\"Dur\u00e9e de lecture estim\u00e9e\" \/>\n\t<meta name=\"twitter:data2\" content=\"11 minutes\" \/>\n<script type=\"application\/ld+json\" class=\"yoast-schema-graph\">{\"@context\":\"https:\\\/\\\/schema.org\",\"@graph\":[{\"@type\":\"Article\",\"@id\":\"https:\\\/\\\/www.doctoome.com\\\/blog\\\/fievre-tout-ce-quil-faut-savoir\\\/#article\",\"isPartOf\":{\"@id\":\"https:\\\/\\\/www.doctoome.com\\\/blog\\\/fievre-tout-ce-quil-faut-savoir\\\/\"},\"author\":{\"name\":\"Doctoome\",\"@id\":\"https:\\\/\\\/www.doctoome.com\\\/blog\\\/#\\\/schema\\\/person\\\/b70e715e0248cbdaae27015aae1f7769\"},\"headline\":\"La fi\u00e8vre : sympt\u00f4mes, causes et traitements efficaces\",\"datePublished\":\"2025-05-03T04:30:00+00:00\",\"dateModified\":\"2025-10-09T14:04:54+00:00\",\"mainEntityOfPage\":{\"@id\":\"https:\\\/\\\/www.doctoome.com\\\/blog\\\/fievre-tout-ce-quil-faut-savoir\\\/\"},\"wordCount\":2501,\"commentCount\":0,\"publisher\":{\"@id\":\"https:\\\/\\\/www.doctoome.com\\\/blog\\\/#organization\"},\"image\":{\"@id\":\"https:\\\/\\\/www.doctoome.com\\\/blog\\\/fievre-tout-ce-quil-faut-savoir\\\/#primaryimage\"},\"thumbnailUrl\":\"https:\\\/\\\/s3.eu-west-1.amazonaws.com\\\/dm.prod.raw\\\/2023\\\/04\\\/copie-visuel-9.png\",\"keywords\":[\"M\u00e9decin g\u00e9n\u00e9raliste\"],\"articleSection\":[\"Ma sant\u00e9\"],\"inLanguage\":\"fr-FR\",\"potentialAction\":[{\"@type\":\"CommentAction\",\"name\":\"Comment\",\"target\":[\"https:\\\/\\\/www.doctoome.com\\\/blog\\\/fievre-tout-ce-quil-faut-savoir\\\/#respond\"]}]},{\"@type\":\"WebPage\",\"@id\":\"https:\\\/\\\/www.doctoome.com\\\/blog\\\/fievre-tout-ce-quil-faut-savoir\\\/\",\"url\":\"https:\\\/\\\/www.doctoome.com\\\/blog\\\/fievre-tout-ce-quil-faut-savoir\\\/\",\"name\":\"La fi\u00e8vre : sympt\u00f4mes, causes et traitements efficaces | Blog - Doctoome\",\"isPartOf\":{\"@id\":\"https:\\\/\\\/www.doctoome.com\\\/blog\\\/#website\"},\"primaryImageOfPage\":{\"@id\":\"https:\\\/\\\/www.doctoome.com\\\/blog\\\/fievre-tout-ce-quil-faut-savoir\\\/#primaryimage\"},\"image\":{\"@id\":\"https:\\\/\\\/www.doctoome.com\\\/blog\\\/fievre-tout-ce-quil-faut-savoir\\\/#primaryimage\"},\"thumbnailUrl\":\"https:\\\/\\\/s3.eu-west-1.amazonaws.com\\\/dm.prod.raw\\\/2023\\\/04\\\/copie-visuel-9.png\",\"datePublished\":\"2025-05-03T04:30:00+00:00\",\"dateModified\":\"2025-10-09T14:04:54+00:00\",\"description\":\"La fi\u00e8vre est une \u00e9l\u00e9vation de la temp\u00e9rature corporelle qui peut \u00eatre caus\u00e9e par divers facteurs. D\u00e9couvrez comment y faire face...\",\"inLanguage\":\"fr-FR\",\"potentialAction\":[{\"@type\":\"ReadAction\",\"target\":[\"https:\\\/\\\/www.doctoome.com\\\/blog\\\/fievre-tout-ce-quil-faut-savoir\\\/\"]}]},{\"@type\":\"ImageObject\",\"inLanguage\":\"fr-FR\",\"@id\":\"https:\\\/\\\/www.doctoome.com\\\/blog\\\/fievre-tout-ce-quil-faut-savoir\\\/#primaryimage\",\"url\":\"https:\\\/\\\/s3.eu-west-1.amazonaws.com\\\/dm.prod.raw\\\/2023\\\/04\\\/copie-visuel-9.png\",\"contentUrl\":\"https:\\\/\\\/s3.eu-west-1.amazonaws.com\\\/dm.prod.raw\\\/2023\\\/04\\\/copie-visuel-9.png\",\"width\":1920,\"height\":1080},{\"@type\":\"WebSite\",\"@id\":\"https:\\\/\\\/www.doctoome.com\\\/blog\\\/#website\",\"url\":\"https:\\\/\\\/www.doctoome.com\\\/blog\\\/\",\"name\":\"Blog - Doctoome\",\"description\":\"Toutes nos astuces sant\u00e9 et bien-\u00eatre\",\"publisher\":{\"@id\":\"https:\\\/\\\/www.doctoome.com\\\/blog\\\/#organization\"},\"potentialAction\":[{\"@type\":\"SearchAction\",\"target\":{\"@type\":\"EntryPoint\",\"urlTemplate\":\"https:\\\/\\\/www.doctoome.com\\\/blog\\\/?s={search_term_string}\"},\"query-input\":{\"@type\":\"PropertyValueSpecification\",\"valueRequired\":true,\"valueName\":\"search_term_string\"}}],\"inLanguage\":\"fr-FR\"},{\"@type\":\"Organization\",\"@id\":\"https:\\\/\\\/www.doctoome.com\\\/blog\\\/#organization\",\"name\":\"Blog - Doctoome\",\"url\":\"https:\\\/\\\/www.doctoome.com\\\/blog\\\/\",\"logo\":{\"@type\":\"ImageObject\",\"inLanguage\":\"fr-FR\",\"@id\":\"https:\\\/\\\/www.doctoome.com\\\/blog\\\/#\\\/schema\\\/logo\\\/image\\\/\",\"url\":\"https:\\\/\\\/s3.eu-west-1.amazonaws.com\\\/dm.prod.raw\\\/2025\\\/07\\\/dQutxZuI-Media-1.png\",\"contentUrl\":\"https:\\\/\\\/s3.eu-west-1.amazonaws.com\\\/dm.prod.raw\\\/2025\\\/07\\\/dQutxZuI-Media-1.png\",\"width\":450,\"height\":200,\"caption\":\"Blog - Doctoome\"},\"image\":{\"@id\":\"https:\\\/\\\/www.doctoome.com\\\/blog\\\/#\\\/schema\\\/logo\\\/image\\\/\"},\"sameAs\":[\"https:\\\/\\\/www.facebook.com\\\/doctoome\\\/\",\"https:\\\/\\\/x.com\\\/Doctoome\",\"https:\\\/\\\/www.instagram.com\\\/doctoome_\\\/\",\"https:\\\/\\\/www.linkedin.com\\\/company\\\/doctoome\\\/\",\"https:\\\/\\\/www.youtube.com\\\/channel\\\/UCDbvPhELiZsPKeyNddFz6Qg\"]},{\"@type\":\"Person\",\"@id\":\"https:\\\/\\\/www.doctoome.com\\\/blog\\\/#\\\/schema\\\/person\\\/b70e715e0248cbdaae27015aae1f7769\",\"name\":\"Doctoome\",\"image\":{\"@type\":\"ImageObject\",\"inLanguage\":\"fr-FR\",\"@id\":\"https:\\\/\\\/secure.gravatar.com\\\/avatar\\\/6083c373ae95bfd3ce85cd46164b730132c2dc1f9e3f5c5cfe3d9e5a21e46e34?s=96&d=blank&r=g\",\"url\":\"https:\\\/\\\/secure.gravatar.com\\\/avatar\\\/6083c373ae95bfd3ce85cd46164b730132c2dc1f9e3f5c5cfe3d9e5a21e46e34?s=96&d=blank&r=g\",\"contentUrl\":\"https:\\\/\\\/secure.gravatar.com\\\/avatar\\\/6083c373ae95bfd3ce85cd46164b730132c2dc1f9e3f5c5cfe3d9e5a21e46e34?s=96&d=blank&r=g\",\"caption\":\"Doctoome\"},\"description\":\"Chlo\u00e9 de Channes est r\u00e9dactrice sant\u00e9 et \u00e9crit sur de nombreux sujets touchant au parcours de soins, aux enfants, aux maladies de peau, la sant\u00e9 des femmes, etc\",\"url\":\"https:\\\/\\\/www.doctoome.com\\\/blog\\\/author\\\/ameliedoctoome-com\\\/\"}]}<\/script>\n<!-- \/ Yoast SEO plugin. -->","yoast_head_json":{"title":"La fi\u00e8vre : sympt\u00f4mes, causes et traitements efficaces | Blog - Doctoome","description":"La fi\u00e8vre est une \u00e9l\u00e9vation de la temp\u00e9rature corporelle qui peut \u00eatre caus\u00e9e par divers facteurs. D\u00e9couvrez comment y faire face...","robots":{"index":"index","follow":"follow","max-snippet":"max-snippet:-1","max-image-preview":"max-image-preview:large","max-video-preview":"max-video-preview:-1"},"canonical":"https:\/\/www.doctoome.com\/blog\/fievre-tout-ce-quil-faut-savoir\/","og_locale":"fr_FR","og_type":"article","og_title":"La fi\u00e8vre : sympt\u00f4mes, causes et traitements efficaces | Blog - Doctoome","og_description":"La fi\u00e8vre est une \u00e9l\u00e9vation de la temp\u00e9rature corporelle qui peut \u00eatre caus\u00e9e par divers facteurs. D\u00e9couvrez comment y faire face...","og_url":"https:\/\/www.doctoome.com\/blog\/fievre-tout-ce-quil-faut-savoir\/","og_site_name":"Blog - Doctoome","article_publisher":"https:\/\/www.facebook.com\/doctoome\/","article_published_time":"2025-05-03T04:30:00+00:00","article_modified_time":"2025-10-09T14:04:54+00:00","og_image":[{"width":1920,"height":1080,"url":"https:\/\/s3.eu-west-1.amazonaws.com\/dm.prod.raw\/2023\/04\/copie-visuel-9.png","type":"image\/png"}],"author":"Doctoome","twitter_card":"summary_large_image","twitter_creator":"@Doctoome","twitter_site":"@Doctoome","twitter_misc":{"\u00c9crit par":"Doctoome","Dur\u00e9e de lecture estim\u00e9e":"11 minutes"},"schema":{"@context":"https:\/\/schema.org","@graph":[{"@type":"Article","@id":"https:\/\/www.doctoome.com\/blog\/fievre-tout-ce-quil-faut-savoir\/#article","isPartOf":{"@id":"https:\/\/www.doctoome.com\/blog\/fievre-tout-ce-quil-faut-savoir\/"},"author":{"name":"Doctoome","@id":"https:\/\/www.doctoome.com\/blog\/#\/schema\/person\/b70e715e0248cbdaae27015aae1f7769"},"headline":"La fi\u00e8vre : sympt\u00f4mes, causes et traitements efficaces","datePublished":"2025-05-03T04:30:00+00:00","dateModified":"2025-10-09T14:04:54+00:00","mainEntityOfPage":{"@id":"https:\/\/www.doctoome.com\/blog\/fievre-tout-ce-quil-faut-savoir\/"},"wordCount":2501,"commentCount":0,"publisher":{"@id":"https:\/\/www.doctoome.com\/blog\/#organization"},"image":{"@id":"https:\/\/www.doctoome.com\/blog\/fievre-tout-ce-quil-faut-savoir\/#primaryimage"},"thumbnailUrl":"https:\/\/s3.eu-west-1.amazonaws.com\/dm.prod.raw\/2023\/04\/copie-visuel-9.png","keywords":["M\u00e9decin g\u00e9n\u00e9raliste"],"articleSection":["Ma sant\u00e9"],"inLanguage":"fr-FR","potentialAction":[{"@type":"CommentAction","name":"Comment","target":["https:\/\/www.doctoome.com\/blog\/fievre-tout-ce-quil-faut-savoir\/#respond"]}]},{"@type":"WebPage","@id":"https:\/\/www.doctoome.com\/blog\/fievre-tout-ce-quil-faut-savoir\/","url":"https:\/\/www.doctoome.com\/blog\/fievre-tout-ce-quil-faut-savoir\/","name":"La fi\u00e8vre : sympt\u00f4mes, causes et traitements efficaces | Blog - Doctoome","isPartOf":{"@id":"https:\/\/www.doctoome.com\/blog\/#website"},"primaryImageOfPage":{"@id":"https:\/\/www.doctoome.com\/blog\/fievre-tout-ce-quil-faut-savoir\/#primaryimage"},"image":{"@id":"https:\/\/www.doctoome.com\/blog\/fievre-tout-ce-quil-faut-savoir\/#primaryimage"},"thumbnailUrl":"https:\/\/s3.eu-west-1.amazonaws.com\/dm.prod.raw\/2023\/04\/copie-visuel-9.png","datePublished":"2025-05-03T04:30:00+00:00","dateModified":"2025-10-09T14:04:54+00:00","description":"La fi\u00e8vre est une \u00e9l\u00e9vation de la temp\u00e9rature corporelle qui peut \u00eatre caus\u00e9e par divers facteurs. D\u00e9couvrez comment y faire face...","inLanguage":"fr-FR","potentialAction":[{"@type":"ReadAction","target":["https:\/\/www.doctoome.com\/blog\/fievre-tout-ce-quil-faut-savoir\/"]}]},{"@type":"ImageObject","inLanguage":"fr-FR","@id":"https:\/\/www.doctoome.com\/blog\/fievre-tout-ce-quil-faut-savoir\/#primaryimage","url":"https:\/\/s3.eu-west-1.amazonaws.com\/dm.prod.raw\/2023\/04\/copie-visuel-9.png","contentUrl":"https:\/\/s3.eu-west-1.amazonaws.com\/dm.prod.raw\/2023\/04\/copie-visuel-9.png","width":1920,"height":1080},{"@type":"WebSite","@id":"https:\/\/www.doctoome.com\/blog\/#website","url":"https:\/\/www.doctoome.com\/blog\/","name":"Blog - Doctoome","description":"Toutes nos astuces sant\u00e9 et bien-\u00eatre","publisher":{"@id":"https:\/\/www.doctoome.com\/blog\/#organization"},"potentialAction":[{"@type":"SearchAction","target":{"@type":"EntryPoint","urlTemplate":"https:\/\/www.doctoome.com\/blog\/?s={search_term_string}"},"query-input":{"@type":"PropertyValueSpecification","valueRequired":true,"valueName":"search_term_string"}}],"inLanguage":"fr-FR"},{"@type":"Organization","@id":"https:\/\/www.doctoome.com\/blog\/#organization","name":"Blog - Doctoome","url":"https:\/\/www.doctoome.com\/blog\/","logo":{"@type":"ImageObject","inLanguage":"fr-FR","@id":"https:\/\/www.doctoome.com\/blog\/#\/schema\/logo\/image\/","url":"https:\/\/s3.eu-west-1.amazonaws.com\/dm.prod.raw\/2025\/07\/dQutxZuI-Media-1.png","contentUrl":"https:\/\/s3.eu-west-1.amazonaws.com\/dm.prod.raw\/2025\/07\/dQutxZuI-Media-1.png","width":450,"height":200,"caption":"Blog - Doctoome"},"image":{"@id":"https:\/\/www.doctoome.com\/blog\/#\/schema\/logo\/image\/"},"sameAs":["https:\/\/www.facebook.com\/doctoome\/","https:\/\/x.com\/Doctoome","https:\/\/www.instagram.com\/doctoome_\/","https:\/\/www.linkedin.com\/company\/doctoome\/","https:\/\/www.youtube.com\/channel\/UCDbvPhELiZsPKeyNddFz6Qg"]},{"@type":"Person","@id":"https:\/\/www.doctoome.com\/blog\/#\/schema\/person\/b70e715e0248cbdaae27015aae1f7769","name":"Doctoome","image":{"@type":"ImageObject","inLanguage":"fr-FR","@id":"https:\/\/secure.gravatar.com\/avatar\/6083c373ae95bfd3ce85cd46164b730132c2dc1f9e3f5c5cfe3d9e5a21e46e34?s=96&d=blank&r=g","url":"https:\/\/secure.gravatar.com\/avatar\/6083c373ae95bfd3ce85cd46164b730132c2dc1f9e3f5c5cfe3d9e5a21e46e34?s=96&d=blank&r=g","contentUrl":"https:\/\/secure.gravatar.com\/avatar\/6083c373ae95bfd3ce85cd46164b730132c2dc1f9e3f5c5cfe3d9e5a21e46e34?s=96&d=blank&r=g","caption":"Doctoome"},"description":"Chlo\u00e9 de Channes est r\u00e9dactrice sant\u00e9 et \u00e9crit sur de nombreux sujets touchant au parcours de soins, aux enfants, aux maladies de peau, la sant\u00e9 des femmes, etc","url":"https:\/\/www.doctoome.com\/blog\/author\/ameliedoctoome-com\/"}]}},"_links":{"self":[{"href":"https:\/\/www.doctoome.com\/blog\/wp-json\/wp\/v2\/posts\/12725","targetHints":{"allow":["GET"]}}],"collection":[{"href":"https:\/\/www.doctoome.com\/blog\/wp-json\/wp\/v2\/posts"}],"about":[{"href":"https:\/\/www.doctoome.com\/blog\/wp-json\/wp\/v2\/types\/post"}],"author":[{"embeddable":true,"href":"https:\/\/www.doctoome.com\/blog\/wp-json\/wp\/v2\/users\/2"}],"replies":[{"embeddable":true,"href":"https:\/\/www.doctoome.com\/blog\/wp-json\/wp\/v2\/comments?post=12725"}],"version-history":[{"count":0,"href":"https:\/\/www.doctoome.com\/blog\/wp-json\/wp\/v2\/posts\/12725\/revisions"}],"wp:featuredmedia":[{"embeddable":true,"href":"https:\/\/www.doctoome.com\/blog\/wp-json\/wp\/v2\/media\/12785"}],"wp:attachment":[{"href":"https:\/\/www.doctoome.com\/blog\/wp-json\/wp\/v2\/media?parent=12725"}],"wp:term":[{"taxonomy":"category","embeddable":true,"href":"https:\/\/www.doctoome.com\/blog\/wp-json\/wp\/v2\/categories?post=12725"},{"taxonomy":"post_tag","embeddable":true,"href":"https:\/\/www.doctoome.com\/blog\/wp-json\/wp\/v2\/tags?post=12725"}],"curies":[{"name":"wp","href":"https:\/\/api.w.org\/{rel}","templated":true}]}}