{"id":13126,"date":"2025-07-13T06:30:00","date_gmt":"2025-07-13T04:30:00","guid":{"rendered":"https:\/\/www.doctoome.com\/blog\/?p=13126"},"modified":"2025-10-09T16:11:04","modified_gmt":"2025-10-09T14:11:04","slug":"sclerose-en-plaques-tout-savoir-sur-cette-maladie-auto-immune","status":"publish","type":"post","link":"https:\/\/www.doctoome.com\/blog\/sclerose-en-plaques-tout-savoir-sur-cette-maladie-auto-immune\/","title":{"rendered":"Scl\u00e9rose en plaques : Comprendre, Diagnostiquer et Vivre avec la SEP"},"content":{"rendered":"\n<p>La scl\u00e9rose en plaques (SEP) est une maladie auto-immune chronique affectant le syst\u00e8me nerveux central. Elle se caract\u00e9rise par une d\u00e9t\u00e9rioration progressive de la gaine de my\u00e9line, cette substance qui entoure et prot\u00e8ge les fibres nerveuses, perturbant ainsi la transmission des influx nerveux entre le cerveau et le reste du corps.<\/p>\n\n\n\n<p>En France, on estime qu&rsquo;environ 110 000 personnes vivent avec la scl\u00e9rose en plaques, avec pr\u00e8s de 5 000 nouveaux cas diagnostiqu\u00e9s chaque ann\u00e9e. Cette maladie touche principalement les jeunes adultes, avec un \u00e2ge moyen de diagnostic situ\u00e9 entre 25 et 35 ans, et affecte trois fois plus de femmes que d&rsquo;hommes.<\/p>\n\n\n\n<p>L&rsquo;impact de la SEP sur la qualit\u00e9 de vie peut \u00eatre consid\u00e9rable, variant d&rsquo;une personne \u00e0 l&rsquo;autre. Certains patients connaissent des sympt\u00f4mes l\u00e9gers et espac\u00e9s, tandis que d&rsquo;autres font face \u00e0 une progression rapide de handicaps physiques et cognitifs.<\/p>\n\n\n\n<p>Cet article vise \u00e0 fournir une information compl\u00e8te sur la scl\u00e9rose en plaques : ses m\u00e9canismes, ses diff\u00e9rentes formes, le diagnostic, les traitements disponibles et les strat\u00e9gies pour vivre au mieux avec cette maladie au quotidien. Notre objectif est d&rsquo;accompagner tant les patients r\u00e9cemment diagnostiqu\u00e9s que leurs proches dans la compr\u00e9hension de cette pathologie complexe.<\/p>\n\n\n\n<h2 class=\"wp-block-heading\">Comprendre la scl\u00e9rose en plaques<\/h2>\n\n\n\n<h3 class=\"wp-block-heading\">M\u00e9canismes de la maladie<\/h3>\n\n\n\n<p>La scl\u00e9rose en plaques est une maladie auto-immune dans laquelle le syst\u00e8me immunitaire du patient attaque par erreur ses propres tissus. Plus pr\u00e9cis\u00e9ment, ce sont les lymphocytes T qui ciblent la my\u00e9line, cette gaine protectrice entourant les fibres nerveuses (axones) du syst\u00e8me nerveux central.<\/p>\n\n\n\n<p>Ce processus inflammatoire entra\u00eene la formation de l\u00e9sions appel\u00e9es \u00ab\u00a0plaques\u00a0\u00bb (d&rsquo;o\u00f9 le nom de la maladie), visibles \u00e0 l&rsquo;IRM c\u00e9r\u00e9brale. Ces zones d\u00e9my\u00e9linis\u00e9es perturbent la transmission normale des influx nerveux, comme un c\u00e2ble \u00e9lectrique dont l&rsquo;isolant serait endommag\u00e9. Avec le temps, ces l\u00e9sions peuvent \u00e9galement endommager les axones eux-m\u00eames, causant une d\u00e9g\u00e9n\u00e9rescence neuronale irr\u00e9versible.<\/p>\n\n\n\n<p>Les causes exactes de cette r\u00e9action auto-immune restent partiellement incomprises, mais les recherches sugg\u00e8rent une combinaison de facteurs :<\/p>\n\n\n\n<ul class=\"wp-block-list\">\n<li><strong>G\u00e9n\u00e9tiques<\/strong> : plus de 200 variantes g\u00e9n\u00e9tiques ont \u00e9t\u00e9 associ\u00e9es \u00e0 un risque accru de SEP<\/li>\n\n\n\n<li><strong>Environnementaux<\/strong> : l&rsquo;exposition insuffisante au soleil et le d\u00e9ficit en vitamine D<\/li>\n\n\n\n<li><strong>Infections virales<\/strong> : particuli\u00e8rement le virus d&rsquo;Epstein-Barr<\/li>\n\n\n\n<li><strong>G\u00e9ographiques<\/strong> : la pr\u00e9valence augmente avec l&rsquo;\u00e9loignement de l&rsquo;\u00e9quateur<\/li>\n<\/ul>\n\n\n\n<div class=\"wp-block-buttons is-content-justification-center is-layout-flex wp-container-core-buttons-is-layout-16018d1d wp-block-buttons-is-layout-flex\">\n<div class=\"wp-block-button\"><a class=\"wp-block-button__link wp-element-button\" href=\"https:\/\/www.doctoome.com\/s\/neurologue\/\">Je consulte un neurologue de confiance<\/a><\/div>\n<\/div>\n\n\n\n<h3 class=\"wp-block-heading\">Formes de SEP<\/h3>\n\n\n\n<p>La scl\u00e9rose en plaques se manifeste selon diff\u00e9rentes formes cliniques, chacune avec son \u00e9volution et ses caract\u00e9ristiques propres :<\/p>\n\n\n\n<ul class=\"wp-block-list\">\n<li><strong>SEP r\u00e9currente-r\u00e9mittente (SEP-RR)<\/strong> : La forme la plus fr\u00e9quente (85% des cas initiaux), caract\u00e9ris\u00e9e par des pouss\u00e9es clairement d\u00e9finies suivies de p\u00e9riodes de r\u00e9mission avec r\u00e9cup\u00e9ration compl\u00e8te ou partielle.<\/li>\n\n\n\n<li><strong>SEP secondairement progressive (SEP-SP)<\/strong> : \u00c9volution de la forme r\u00e9currente-r\u00e9mittente apr\u00e8s plusieurs ann\u00e9es, marqu\u00e9e par une aggravation progressive des sympt\u00f4mes avec ou sans pouss\u00e9es surajout\u00e9es.<\/li>\n\n\n\n<li><strong>SEP primaire progressive (SEP-PP)<\/strong> : Environ 10-15% des patients pr\u00e9sentent d&#8217;embl\u00e9e une aggravation continue des sympt\u00f4mes, sans pouss\u00e9es distinctes.<\/li>\n\n\n\n<li><strong>SEP progressive-r\u00e9currente (SEP-PR)<\/strong> : Une forme rare combinant progression continue et pouss\u00e9es occasionnelles.<\/li>\n<\/ul>\n\n\n\n<p>Le syndrome cliniquement isol\u00e9 (SCI) d\u00e9crit un premier \u00e9pisode de sympt\u00f4mes neurologiques \u00e9vocateurs de SEP, mais ne remplissant pas encore tous les crit\u00e8res diagnostiques. Environ 60 \u00e0 80% des patients pr\u00e9sentant un SCI d\u00e9velopperont une SEP confirm\u00e9e dans les ann\u00e9es suivantes.<\/p>\n\n\n\n<h2 class=\"wp-block-heading\">Sympt\u00f4mes et diagnostic de la SEP<\/h2>\n\n\n\n<h3 class=\"wp-block-heading\">Premiers signes de la scl\u00e9rose en plaques<\/h3>\n\n\n\n<p>Les sympt\u00f4mes initiaux de la SEP varient consid\u00e9rablement d&rsquo;une personne \u00e0 l&rsquo;autre, selon les zones du syst\u00e8me nerveux touch\u00e9es. Cette variabilit\u00e9 constitue l&rsquo;un des d\u00e9fis majeurs pour le diagnostic pr\u00e9coce. Voici les manifestations les plus fr\u00e9quentes :<\/p>\n\n\n\n<ul class=\"wp-block-list\">\n<li><strong>Troubles visuels<\/strong> : vision floue, double, douleur \u00e0 la mobilisation oculaire ou perte partielle de la vision (n\u00e9vrite optique)<\/li>\n\n\n\n<li><strong>Troubles sensitifs<\/strong> : fourmillements, engourdissements, sensations de br\u00fblure ou de \u00ab\u00a0d\u00e9charge \u00e9lectrique\u00a0\u00bb (signe de Lhermitte)<\/li>\n\n\n\n<li><strong>Troubles moteurs<\/strong> : faiblesse musculaire, raideurs, spasticit\u00e9 ou difficult\u00e9s \u00e0 coordonner les mouvements<\/li>\n\n\n\n<li><strong>Fatigue<\/strong> : souvent intense et disproportionn\u00e9e par rapport \u00e0 l&rsquo;effort fourni, aggrav\u00e9e par la chaleur<\/li>\n\n\n\n<li><strong>Troubles de l&rsquo;\u00e9quilibre<\/strong> : instabilit\u00e9 \u00e0 la marche, vertiges<\/li>\n\n\n\n<li><strong>Troubles sphinct\u00e9riens<\/strong> : urgences mictionnelles, incontinence ou constipation<\/li>\n<\/ul>\n\n\n\n<p>Ces sympt\u00f4mes apparaissent g\u00e9n\u00e9ralement de fa\u00e7on subaigu\u00eb (sur quelques jours), persistent plusieurs semaines puis s&rsquo;am\u00e9liorent partiellement ou totalement. Cette \u00e9volution par \u00ab\u00a0pouss\u00e9es\u00a0\u00bb est caract\u00e9ristique de la forme r\u00e9currente-r\u00e9mittente.<\/p>\n\n\n\n<p>Une particularit\u00e9 notable est l&rsquo;aggravation des sympt\u00f4mes lors d&rsquo;\u00e9pisodes f\u00e9briles ou d&rsquo;exposition \u00e0 la chaleur (bain chaud, sauna), ph\u00e9nom\u00e8ne connu sous le nom de signe d&rsquo;Uhthoff.<\/p>\n\n\n\n<h3 class=\"wp-block-heading\">Processus de diagnostic<\/h3>\n\n\n\n<p>Le diagnostic de la scl\u00e9rose en plaques repose sur la mise en \u00e9vidence de l\u00e9sions diss\u00e9min\u00e9es dans le temps et dans l&rsquo;espace au sein du syst\u00e8me nerveux central. Il n&rsquo;existe pas de test unique et d\u00e9finitif, mais une combinaison d&rsquo;examens cliniques et paracliniques :<\/p>\n\n\n\n<ol class=\"wp-block-list\">\n<li><strong>Examen neurologique complet<\/strong> : \u00c9valuation des fonctions motrices, sensitives, de coordination et des r\u00e9flexes<\/li>\n\n\n\n<li><strong>IRM c\u00e9r\u00e9brale et m\u00e9dullaire<\/strong> : L&rsquo;examen de r\u00e9f\u00e9rence r\u00e9v\u00e9lant les plaques de d\u00e9my\u00e9linisation caract\u00e9ristiques<\/li>\n\n\n\n<li><strong>Ponction lombaire<\/strong> : Analyse du liquide c\u00e9phalo-rachidien (LCR) recherchant la pr\u00e9sence de bandes oligoclonales d&rsquo;immunoglobulines G, pr\u00e9sentes chez environ 90% des patients<\/li>\n\n\n\n<li><strong>Potentiels \u00e9voqu\u00e9s<\/strong> : Exploration \u00e9lectrophysiologique mesurant la vitesse de conduction des influx nerveux<\/li>\n<\/ol>\n\n\n\n<p>Le diagnostic est \u00e9tabli selon les crit\u00e8res de McDonald, r\u00e9guli\u00e8rement actualis\u00e9s (derni\u00e8re r\u00e9vision en 2017), qui d\u00e9finissent pr\u00e9cis\u00e9ment comment d\u00e9montrer la diss\u00e9mination des l\u00e9sions dans le temps et l&rsquo;espace. Ces crit\u00e8res ont permis d&rsquo;acc\u00e9l\u00e9rer consid\u00e9rablement le diagnostic, parfois d\u00e8s la premi\u00e8re pouss\u00e9e.<\/p>\n\n\n\n<p>Notons que le diagnostic diff\u00e9rentiel est essentiel pour \u00e9carter d&rsquo;autres pathologies pouvant mimer la SEP : neuromy\u00e9lite optique, enc\u00e9phalomy\u00e9lite aigu\u00eb diss\u00e9min\u00e9e, vascularites du syst\u00e8me nerveux central, ou maladies m\u00e9taboliques comme la maladie de Fabry.<\/p>\n\n\n\n<p>Pour trouver un neurologue sp\u00e9cialis\u00e9 dans la prise en charge de la SEP pr\u00e8s de chez vous, consultez <a href=\"https:\/\/www.doctoome.com\">www.doctoome.com<\/a>.<\/p>\n\n\n\n<h2 class=\"wp-block-heading\">Traitements et prise en charge<\/h2>\n\n\n\n<h3 class=\"wp-block-heading\">Traitements m\u00e9dicamenteux<\/h3>\n\n\n\n<p>La prise en charge m\u00e9dicamenteuse de la scl\u00e9rose en plaques s&rsquo;articule autour de trois axes principaux :<\/p>\n\n\n\n<p><strong>1. Traitement des pouss\u00e9es<\/strong><\/p>\n\n\n\n<p>Les cortico\u00efdes \u00e0 forte dose, g\u00e9n\u00e9ralement la m\u00e9thylprednisolone par voie intraveineuse pendant 3 \u00e0 5 jours, constituent le traitement standard des pouss\u00e9es. Ils r\u00e9duisent l&rsquo;inflammation et acc\u00e9l\u00e8rent la r\u00e9cup\u00e9ration, sans toutefois modifier l&rsquo;\u00e9volution \u00e0 long terme de la maladie. En cas de pouss\u00e9es s\u00e9v\u00e8res r\u00e9sistantes aux cortico\u00efdes, les \u00e9changes plasmatiques (plasmaph\u00e9r\u00e8se) peuvent \u00eatre propos\u00e9s.<\/p>\n\n\n\n<p><strong>2. Traitements de fond<\/strong><\/p>\n\n\n\n<p>Ces m\u00e9dicaments visent \u00e0 r\u00e9duire la fr\u00e9quence et l&rsquo;intensit\u00e9 des pouss\u00e9es, ralentir la progression du handicap et limiter l&rsquo;apparition de nouvelles l\u00e9sions. Ils sont class\u00e9s selon leur efficacit\u00e9 et leur profil de s\u00e9curit\u00e9 :<\/p>\n\n\n\n<ul class=\"wp-block-list\">\n<li><strong>Premi\u00e8re ligne<\/strong> : interf\u00e9rons b\u00eata (Avonex, Betaferon, Rebif), ac\u00e9tate de glatiram\u00e8re (Copaxone), t\u00e9riflunomide (Aubagio), dimethyl fumarate (Tecfidera)<\/li>\n\n\n\n<li><strong>Deuxi\u00e8me ligne<\/strong> : fingolimod (Gilenya), natalizumab (Tysabri), ocrelizumab (Ocrevus), cladribine (Mavenclad)<\/li>\n\n\n\n<li><strong>Troisi\u00e8me ligne<\/strong> : alemtuzumab (Lemtrada), mitoxantrone<\/li>\n<\/ul>\n\n\n\n<p>Le choix du traitement d\u00e9pend de plusieurs facteurs : forme de SEP, activit\u00e9 de la maladie, \u00e2ge du patient, comorbidit\u00e9s, tol\u00e9rance et pr\u00e9f\u00e9rences du patient (voie d&rsquo;administration, fr\u00e9quence, contraintes). Une surveillance r\u00e9guli\u00e8re est indispensable pour \u00e9valuer l&rsquo;efficacit\u00e9 et d\u00e9tecter d&rsquo;\u00e9ventuels effets secondaires.<\/p>\n\n\n\n<p><strong>3. Traitements symptomatiques<\/strong><\/p>\n\n\n\n<p>Ils ciblent sp\u00e9cifiquement les sympt\u00f4mes invalidants :<\/p>\n\n\n\n<ul class=\"wp-block-list\">\n<li>Spasticit\u00e9 : baclof\u00e8ne, dantrol\u00e8ne, toxine botulique<\/li>\n\n\n\n<li>Fatigue : amantadine, modafinil<\/li>\n\n\n\n<li>Douleurs neuropathiques : gabapentine, pr\u00e9gabaline, antid\u00e9presseurs tricycliques<\/li>\n\n\n\n<li>Troubles urinaires : anticholinergiques, desmopressine<\/li>\n\n\n\n<li>Troubles de la marche : fampridine (Fampyra)<\/li>\n<\/ul>\n\n\n\n<h3 class=\"wp-block-heading\">Approches compl\u00e9mentaires<\/h3>\n\n\n\n<p>La prise en charge optimale de la SEP n\u00e9cessite une approche multidisciplinaire associant :<\/p>\n\n\n\n<p><strong>R\u00e9\u00e9ducation fonctionnelle<\/strong> : Le kin\u00e9sith\u00e9rapeute \u00e9labore un programme d&rsquo;exercices personnalis\u00e9s pour maintenir la mobilit\u00e9, pr\u00e9venir les complications li\u00e9es \u00e0 l&rsquo;immobilisation et am\u00e9liorer l&rsquo;\u00e9quilibre. L&rsquo;ergoth\u00e9rapeute propose des adaptations du domicile et des aides techniques facilitant l&rsquo;autonomie.<\/p>\n\n\n\n<p><strong>Orthophonie<\/strong> : Essentielle en cas de troubles de la d\u00e9glutition (dysphagie) ou de la parole (dysarthrie).<\/p>\n\n\n\n<p><strong>Neuropsychologie<\/strong> : \u00c9valuation et prise en charge des troubles cognitifs (m\u00e9moire, attention, fonctions ex\u00e9cutives) qui affectent 40 \u00e0 70% des patients.<\/p>\n\n\n\n<p><strong>M\u00e9decine physique et r\u00e9adaptation<\/strong> : Coordination des soins de r\u00e9\u00e9ducation et prescription d&rsquo;appareillages adapt\u00e9s.<\/p>\n\n\n\n<p><strong>Neuro-urologie<\/strong> : Gestion des troubles v\u00e9sico-sphinct\u00e9riens fr\u00e9quents dans la SEP.<\/p>\n\n\n\n<p>La prise en charge est id\u00e9alement coordonn\u00e9e au sein de r\u00e9seaux SEP r\u00e9gionaux ou de centres experts, permettant une approche personnalis\u00e9e et \u00e9volutive. Pour trouver des professionnels de sant\u00e9 sp\u00e9cialis\u00e9s dans la prise en charge de la SEP, Doctoome vous aide \u00e0 localiser des sp\u00e9cialistes dans votre r\u00e9gion.<\/p>\n\n\n\n<h2 class=\"wp-block-heading\">Vivre avec la scl\u00e9rose en plaques<\/h2>\n\n\n\n<h3 class=\"wp-block-heading\">Adaptation du quotidien<\/h3>\n\n\n\n<p>Vivre avec la scl\u00e9rose en plaques implique souvent une r\u00e9organisation du quotidien pour s&rsquo;adapter aux sympt\u00f4mes fluctuants et pr\u00e9server sa qualit\u00e9 de vie :<\/p>\n\n\n\n<p><strong>Gestion de la fatigue<\/strong> : C&rsquo;est l&rsquo;un des sympt\u00f4mes les plus invalidants de la SEP. Il est conseill\u00e9 de planifier ses activit\u00e9s en fonction de son niveau d&rsquo;\u00e9nergie, en privil\u00e9giant les t\u00e2ches importantes aux moments o\u00f9 la vitalit\u00e9 est optimale, g\u00e9n\u00e9ralement le matin. L&rsquo;apprentissage de techniques d&rsquo;\u00e9conomie d&rsquo;\u00e9nergie avec un ergoth\u00e9rapeute peut s&rsquo;av\u00e9rer pr\u00e9cieux.<\/p>\n\n\n\n<p><strong>Adaptation de l&rsquo;environnement<\/strong> : Des modifications du domicile peuvent faciliter le quotidien : installation de barres d&rsquo;appui dans la salle de bain, suppression des obstacles au sol, am\u00e9lioration de l&rsquo;accessibilit\u00e9. Un ergoth\u00e9rapeute peut \u00e9valuer les besoins sp\u00e9cifiques et proposer des solutions adapt\u00e9es.<\/p>\n\n\n\n<p><strong>Activit\u00e9 physique r\u00e9guli\u00e8re<\/strong> : Contrairement aux id\u00e9es re\u00e7ues, l&rsquo;exercice physique adapt\u00e9 est b\u00e9n\u00e9fique dans la SEP. Des activit\u00e9s comme la natation (en eau temp\u00e9r\u00e9e), le yoga, le tai-chi ou la marche mod\u00e9r\u00e9e am\u00e9liorent la condition physique sans provoquer d&rsquo;\u00e9puisement. L&rsquo;activit\u00e9 physique contribue \u00e9galement \u00e0 lutter contre l&rsquo;ost\u00e9oporose, fr\u00e9quente chez les patients atteints de SEP.<\/p>\n\n\n\n<p><strong>Gestion de la chaleur<\/strong> : La sensibilit\u00e9 \u00e0 la chaleur (ph\u00e9nom\u00e8ne d&rsquo;Uhthoff) n\u00e9cessite quelques pr\u00e9cautions : \u00e9viter les expositions prolong\u00e9es au soleil, utiliser la climatisation lors des fortes chaleurs, privil\u00e9gier les douches ti\u00e8des plut\u00f4t que les bains chauds, et recourir si besoin \u00e0 des v\u00eatements ou accessoires rafra\u00eechissants.<\/p>\n\n\n\n<p><strong>Vie professionnelle<\/strong> : Selon la s\u00e9v\u00e9rit\u00e9 des sympt\u00f4mes, des am\u00e9nagements du poste de travail peuvent \u00eatre n\u00e9cessaires : temps partiel th\u00e9rapeutique, t\u00e9l\u00e9travail, adaptation ergonomique du poste, ou parfois r\u00e9orientation professionnelle. Le m\u00e9decin du travail et la MDPH (Maison D\u00e9partementale des Personnes Handicap\u00e9es) sont des interlocuteurs cl\u00e9s dans ces d\u00e9marches.<\/p>\n\n\n\n<h3 class=\"wp-block-heading\">Soutien psychologique et associations<\/h3>\n\n\n\n<p>L&rsquo;impact psychologique de la SEP peut \u00eatre consid\u00e9rable : l&rsquo;incertitude li\u00e9e \u00e0 l&rsquo;\u00e9volution de la maladie, la crainte du handicap, les modifications de l&rsquo;image corporelle et les r\u00e9percussions sur la vie sociale et professionnelle peuvent engendrer anxi\u00e9t\u00e9 et d\u00e9pression.<\/p>\n\n\n\n<p>Un soutien psychologique professionnel permet d&rsquo;accompagner le patient et ses proches dans l&rsquo;acceptation de la maladie et l&rsquo;\u00e9laboration de strat\u00e9gies d&rsquo;adaptation. Les th\u00e9rapies cognitivo-comportementales ont montr\u00e9 leur efficacit\u00e9 pour am\u00e9liorer la gestion du stress et de la fatigue.<\/p>\n\n\n\n<p>Les associations de patients jouent un r\u00f4le essentiel dans l&rsquo;accompagnement des personnes atteintes de SEP :<\/p>\n\n\n\n<ul class=\"wp-block-list\">\n<li><strong>La Ligue Fran\u00e7aise contre la Scl\u00e9rose En Plaques (LFSEP)<\/strong> : Propose information, \u00e9coute et soutien aux patients et \u00e0 leurs proches<\/li>\n\n\n\n<li><strong>L&rsquo;ARSEP (Fondation pour l&rsquo;Aide \u00e0 la Recherche sur la Scl\u00e9rose En Plaques)<\/strong> : Finance la recherche et diffuse l&rsquo;information scientifique<\/li>\n\n\n\n<li><strong>L&rsquo;UNISEP<\/strong> : F\u00e9d\u00e8re les diff\u00e9rentes associations fran\u00e7aises concern\u00e9es par la SEP<\/li>\n<\/ul>\n\n\n\n<p>Ces associations organisent des permanences t\u00e9l\u00e9phoniques, des groupes de parole, des activit\u00e9s adapt\u00e9es et des journ\u00e9es d&rsquo;information. Elles constituent une ressource pr\u00e9cieuse pour partager des exp\u00e9riences et d\u00e9velopper un r\u00e9seau de soutien avec d&rsquo;autres personnes confront\u00e9es aux m\u00eames d\u00e9fis.<\/p>\n\n\n\n<blockquote class=\"wp-block-quote is-layout-flow wp-block-quote-is-layout-flow\">\n<p>\u00ab\u00a0Quand j&rsquo;ai \u00e9t\u00e9 diagnostiqu\u00e9e \u00e0 28 ans, j&rsquo;ai d&rsquo;abord cru que ma vie \u00e9tait finie. Trois ans plus tard, j&rsquo;ai appris \u00e0 vivre diff\u00e9remment, \u00e0 \u00e9couter mon corps et \u00e0 profiter davantage de chaque bon moment. Les groupes de parole m&rsquo;ont aid\u00e9e \u00e0 r\u00e9aliser que je n&rsquo;\u00e9tais pas seule et que d&rsquo;autres personnes comprenaient exactement ce que je traversais. C&rsquo;est une maladie avec laquelle on apprend \u00e0 cohabiter.\u00a0\u00bb<\/p>\n\n\n\n<p>&#8211; Sophie, 31 ans, diagnostiqu\u00e9e en 2020<\/p>\n<\/blockquote>\n\n\n\n<h2 class=\"wp-block-heading\">FAQ<\/h2>\n\n\n\n<h3 class=\"wp-block-heading\">La scl\u00e9rose en plaques est-elle h\u00e9r\u00e9ditaire ?<\/h3>\n\n\n\n<p>La SEP n&rsquo;est pas directement h\u00e9r\u00e9ditaire, mais il existe une pr\u00e9disposition g\u00e9n\u00e9tique. Le risque pour un enfant dont un parent est atteint de SEP est d&rsquo;environ 2-3%, contre 0,1% dans la population g\u00e9n\u00e9rale. Chez les jumeaux monozygotes, si l&rsquo;un est atteint, le risque pour l&rsquo;autre est d&rsquo;environ 30%, confirmant l&rsquo;interaction entre facteurs g\u00e9n\u00e9tiques et environnementaux dans le d\u00e9clenchement de la maladie.<\/p>\n\n\n\n<h3 class=\"wp-block-heading\">Comment ralentir l&rsquo;\u00e9volution de la SEP ?<\/h3>\n\n\n\n<p>Outre les traitements de fond prescrits par le neurologue, certains facteurs peuvent influencer positivement l&rsquo;\u00e9volution : maintenir un niveau optimal de vitamine D, pratiquer une activit\u00e9 physique r\u00e9guli\u00e8re adapt\u00e9e, \u00e9viter le tabac (facteur aggravant av\u00e9r\u00e9), g\u00e9rer le stress et maintenir un poids de forme. Une alimentation \u00e9quilibr\u00e9e de type m\u00e9diterran\u00e9en, riche en antioxydants, pourrait \u00e9galement avoir un impact b\u00e9n\u00e9fique.<\/p>\n\n\n\n<h3 class=\"wp-block-heading\">Peut-on travailler avec une SEP ?<\/h3>\n\n\n\n<p>La majorit\u00e9 des personnes atteintes de SEP continuent \u00e0 travailler, particuli\u00e8rement dans les formes l\u00e9g\u00e8res \u00e0 mod\u00e9r\u00e9es. Des am\u00e9nagements sont souvent n\u00e9cessaires : temps partiel th\u00e9rapeutique, adaptation du poste, t\u00e9l\u00e9travail. La reconnaissance de la qualit\u00e9 de travailleur handicap\u00e9 (RQTH) peut faciliter ces adaptations. L&rsquo;\u00e9volution professionnelle d\u00e9pend fortement de la forme de SEP, des sympt\u00f4mes pr\u00e9dominants et du type d&rsquo;activit\u00e9 exerc\u00e9e.<\/p>\n\n\n\n<h3 class=\"wp-block-heading\">Quels sont les derniers progr\u00e8s de la recherche ?<\/h3>\n\n\n\n<p>La recherche sur la SEP progresse rapidement. Les avanc\u00e9es r\u00e9centes concernent la remy\u00e9linisation (r\u00e9paration de la gaine de my\u00e9line), avec plusieurs mol\u00e9cules en essais cliniques comme le bexarot\u00e8ne et le cl\u00e9mastine. La th\u00e9rapie cellulaire par cellules souches h\u00e9matopo\u00ef\u00e9tiques montre des r\u00e9sultats prometteurs dans les formes tr\u00e8s actives. Les biomarqueurs sanguins, comme les neurofilaments l\u00e9gers, pourraient bient\u00f4t permettre un suivi moins invasif de l&rsquo;activit\u00e9 de la maladie.<\/p>\n\n\n\n<h3 class=\"wp-block-heading\">Existe-t-il un r\u00e9gime alimentaire sp\u00e9cifique pour la SEP ?<\/h3>\n\n\n\n<p>Aucun r\u00e9gime n&rsquo;a d\u00e9montr\u00e9 scientifiquement sa capacit\u00e9 \u00e0 gu\u00e9rir ou freiner significativement la SEP. N\u00e9anmoins, une alimentation de type m\u00e9diterran\u00e9en (riche en fruits, l\u00e9gumes, poissons gras, huile d&rsquo;olive) pourrait avoir des effets b\u00e9n\u00e9fiques gr\u00e2ce \u00e0 ses propri\u00e9t\u00e9s anti-inflammatoires. Les acides gras om\u00e9ga-3, pr\u00e9sents dans les poissons gras et certaines huiles v\u00e9g\u00e9tales, sont particuli\u00e8rement \u00e9tudi\u00e9s. Il est recommand\u00e9 d&rsquo;\u00e9viter les r\u00e9gimes restrictifs non encadr\u00e9s m\u00e9dicalement.<\/p>\n\n\n\n<h2 class=\"wp-block-heading\">Conclusion<\/h2>\n\n\n\n<p>La scl\u00e9rose en plaques repr\u00e9sente un d\u00e9fi majeur pour les patients et leurs proches, mais les avanc\u00e9es consid\u00e9rables r\u00e9alis\u00e9es ces derni\u00e8res d\u00e9cennies ont transform\u00e9 le pronostic et la qualit\u00e9 de vie des personnes touch\u00e9es. D&rsquo;une maladie autrefois synonyme de handicap in\u00e9luctable, la SEP est devenue une pathologie chronique dont l&rsquo;\u00e9volution peut \u00eatre significativement modifi\u00e9e par une prise en charge pr\u00e9coce et adapt\u00e9e.<\/p>\n\n\n\n<p>Les traitements de fond actuels permettent de r\u00e9duire consid\u00e9rablement la fr\u00e9quence des pouss\u00e9es et de ralentir la progression du handicap, particuli\u00e8rement lorsqu&rsquo;ils sont instaur\u00e9s d\u00e8s les premiers signes de la maladie. L&rsquo;approche multidisciplinaire, combinant neurologue, r\u00e9\u00e9ducateurs, psychologue et autres sp\u00e9cialistes, offre une r\u00e9ponse personnalis\u00e9e aux besoins \u00e9volutifs de chaque patient.<\/p>\n\n\n\n<p>Vivre avec la SEP implique certes des adaptations et une certaine incertitude, mais de nombreux patients m\u00e8nent une vie personnelle et professionnelle \u00e9panouie, en apprenant \u00e0 composer avec les contraintes de la maladie. Les associations de patients constituent des alli\u00e9es pr\u00e9cieuses dans ce parcours, offrant information, soutien et opportunit\u00e9s d&rsquo;\u00e9change avec des pairs.<\/p>\n\n\n\n<p>Pour trouver un neurologue sp\u00e9cialis\u00e9 dans la prise en charge de la scl\u00e9rose en plaques pr\u00e8s de chez vous, <a href=\"https:\/\/www.doctoome.com\">consultez www.doctoome.com<\/a>.<\/p>\n\n\n\n<p><\/p>\n\n\n\n<figure class=\"wp-block-embed is-type-video is-provider-youtube wp-block-embed-youtube wp-embed-aspect-16-9 wp-has-aspect-ratio\"><div class=\"wp-block-embed__wrapper\">\n<iframe title=\"T\u00e9moignage patient : la scl\u00e9rose en plaques avec Lucie | Doctoome\" width=\"960\" height=\"540\" data-src=\"https:\/\/www.youtube.com\/embed\/hvBioerRi9I?feature=oembed\" frameborder=\"0\" allow=\"accelerometer; autoplay; clipboard-write; encrypted-media; gyroscope; picture-in-picture; web-share\" allowfullscreen src=\"data:image\/svg+xml;base64,PHN2ZyB3aWR0aD0iMSIgaGVpZ2h0PSIxIiB4bWxucz0iaHR0cDovL3d3dy53My5vcmcvMjAwMC9zdmciPjwvc3ZnPg==\" class=\"lazyload\" data-load-mode=\"1\"><\/iframe>\n<\/div><\/figure>\n","protected":false},"excerpt":{"rendered":"<p>La Scl\u00e9rose en Plaques (SEP) est une maladie auto-immune du syst\u00e8me nerveux central qui affecte des millions de personnes dans le monde. Cette affection chronique et souvent invalidante se caract\u00e9rise par une inflammation et une d\u00e9my\u00e9linisation progressive des fibres nerveuses, entra\u00eenant un large \u00e9ventail de sympt\u00f4mes vari\u00e9s et impr\u00e9visibles.<\/p>\n","protected":false},"author":2,"featured_media":13165,"comment_status":"open","ping_status":"closed","sticky":false,"template":"","format":"standard","meta":{"footnotes":""},"categories":[2165],"tags":[1613],"class_list":["post-13126","post","type-post","status-publish","format-standard","has-post-thumbnail","hentry","category-maladie-chronique","tag-neurologue"],"yoast_head":"<!-- This site is optimized with the Yoast SEO plugin v27.4 - https:\/\/yoast.com\/product\/yoast-seo-wordpress\/ -->\n<title>Scl\u00e9rose en plaques : Comprendre, Diagnostiquer et Vivre avec la SEP | Blog - Doctoome<\/title>\n<meta name=\"description\" content=\"La Scl\u00e9rose en Plaques (SEP) est une maladie auto-immune du syst\u00e8me nerveux central qui affecte des millions de personnes dans le monde.\" \/>\n<meta name=\"robots\" content=\"index, follow, max-snippet:-1, max-image-preview:large, max-video-preview:-1\" \/>\n<link rel=\"canonical\" href=\"https:\/\/www.doctoome.com\/blog\/sclerose-en-plaques-tout-savoir-sur-cette-maladie-auto-immune\/\" \/>\n<meta property=\"og:locale\" content=\"fr_FR\" \/>\n<meta property=\"og:type\" content=\"article\" \/>\n<meta property=\"og:title\" content=\"Scl\u00e9rose en plaques : Comprendre, Diagnostiquer et Vivre avec la SEP | Blog - Doctoome\" \/>\n<meta property=\"og:description\" content=\"La Scl\u00e9rose en Plaques (SEP) est une maladie auto-immune du syst\u00e8me nerveux central qui affecte des millions de personnes dans le monde.\" \/>\n<meta property=\"og:url\" content=\"https:\/\/www.doctoome.com\/blog\/sclerose-en-plaques-tout-savoir-sur-cette-maladie-auto-immune\/\" \/>\n<meta property=\"og:site_name\" content=\"Blog - Doctoome\" \/>\n<meta property=\"article:publisher\" content=\"https:\/\/www.facebook.com\/doctoome\/\" \/>\n<meta property=\"article:published_time\" content=\"2025-07-13T04:30:00+00:00\" \/>\n<meta property=\"article:modified_time\" content=\"2025-10-09T14:11:04+00:00\" \/>\n<meta property=\"og:image\" content=\"https:\/\/s3.eu-west-1.amazonaws.com\/dm.prod.raw\/2023\/06\/Sclerose-en-plaques-tout-savoir-sur-cette-maladie-auto-immune-1.png\" \/>\n\t<meta property=\"og:image:width\" content=\"1920\" \/>\n\t<meta property=\"og:image:height\" content=\"1080\" \/>\n\t<meta property=\"og:image:type\" content=\"image\/png\" \/>\n<meta name=\"author\" content=\"Doctoome\" \/>\n<meta name=\"twitter:card\" content=\"summary_large_image\" \/>\n<meta name=\"twitter:creator\" content=\"@Doctoome\" \/>\n<meta name=\"twitter:site\" content=\"@Doctoome\" \/>\n<meta name=\"twitter:label1\" content=\"\u00c9crit par\" \/>\n\t<meta name=\"twitter:data1\" content=\"Doctoome\" \/>\n\t<meta name=\"twitter:label2\" content=\"Dur\u00e9e de lecture estim\u00e9e\" \/>\n\t<meta name=\"twitter:data2\" content=\"12 minutes\" \/>\n<script type=\"application\/ld+json\" class=\"yoast-schema-graph\">{\"@context\":\"https:\\\/\\\/schema.org\",\"@graph\":[{\"@type\":\"Article\",\"@id\":\"https:\\\/\\\/www.doctoome.com\\\/blog\\\/sclerose-en-plaques-tout-savoir-sur-cette-maladie-auto-immune\\\/#article\",\"isPartOf\":{\"@id\":\"https:\\\/\\\/www.doctoome.com\\\/blog\\\/sclerose-en-plaques-tout-savoir-sur-cette-maladie-auto-immune\\\/\"},\"author\":{\"name\":\"Doctoome\",\"@id\":\"https:\\\/\\\/www.doctoome.com\\\/blog\\\/#\\\/schema\\\/person\\\/b70e715e0248cbdaae27015aae1f7769\"},\"headline\":\"Scl\u00e9rose en plaques : Comprendre, Diagnostiquer et Vivre avec la SEP\",\"datePublished\":\"2025-07-13T04:30:00+00:00\",\"dateModified\":\"2025-10-09T14:11:04+00:00\",\"mainEntityOfPage\":{\"@id\":\"https:\\\/\\\/www.doctoome.com\\\/blog\\\/sclerose-en-plaques-tout-savoir-sur-cette-maladie-auto-immune\\\/\"},\"wordCount\":2840,\"commentCount\":0,\"publisher\":{\"@id\":\"https:\\\/\\\/www.doctoome.com\\\/blog\\\/#organization\"},\"image\":{\"@id\":\"https:\\\/\\\/www.doctoome.com\\\/blog\\\/sclerose-en-plaques-tout-savoir-sur-cette-maladie-auto-immune\\\/#primaryimage\"},\"thumbnailUrl\":\"https:\\\/\\\/s3.eu-west-1.amazonaws.com\\\/dm.prod.raw\\\/2023\\\/06\\\/Sclerose-en-plaques-tout-savoir-sur-cette-maladie-auto-immune-1.png\",\"keywords\":[\"Neurologue\"],\"articleSection\":[\"Maladie chronique\"],\"inLanguage\":\"fr-FR\",\"potentialAction\":[{\"@type\":\"CommentAction\",\"name\":\"Comment\",\"target\":[\"https:\\\/\\\/www.doctoome.com\\\/blog\\\/sclerose-en-plaques-tout-savoir-sur-cette-maladie-auto-immune\\\/#respond\"]}]},{\"@type\":\"WebPage\",\"@id\":\"https:\\\/\\\/www.doctoome.com\\\/blog\\\/sclerose-en-plaques-tout-savoir-sur-cette-maladie-auto-immune\\\/\",\"url\":\"https:\\\/\\\/www.doctoome.com\\\/blog\\\/sclerose-en-plaques-tout-savoir-sur-cette-maladie-auto-immune\\\/\",\"name\":\"Scl\u00e9rose en plaques : Comprendre, Diagnostiquer et Vivre avec la SEP | Blog - Doctoome\",\"isPartOf\":{\"@id\":\"https:\\\/\\\/www.doctoome.com\\\/blog\\\/#website\"},\"primaryImageOfPage\":{\"@id\":\"https:\\\/\\\/www.doctoome.com\\\/blog\\\/sclerose-en-plaques-tout-savoir-sur-cette-maladie-auto-immune\\\/#primaryimage\"},\"image\":{\"@id\":\"https:\\\/\\\/www.doctoome.com\\\/blog\\\/sclerose-en-plaques-tout-savoir-sur-cette-maladie-auto-immune\\\/#primaryimage\"},\"thumbnailUrl\":\"https:\\\/\\\/s3.eu-west-1.amazonaws.com\\\/dm.prod.raw\\\/2023\\\/06\\\/Sclerose-en-plaques-tout-savoir-sur-cette-maladie-auto-immune-1.png\",\"datePublished\":\"2025-07-13T04:30:00+00:00\",\"dateModified\":\"2025-10-09T14:11:04+00:00\",\"description\":\"La Scl\u00e9rose en Plaques (SEP) est une maladie auto-immune du syst\u00e8me nerveux central qui affecte des millions de personnes dans le monde.\",\"inLanguage\":\"fr-FR\",\"potentialAction\":[{\"@type\":\"ReadAction\",\"target\":[\"https:\\\/\\\/www.doctoome.com\\\/blog\\\/sclerose-en-plaques-tout-savoir-sur-cette-maladie-auto-immune\\\/\"]}]},{\"@type\":\"ImageObject\",\"inLanguage\":\"fr-FR\",\"@id\":\"https:\\\/\\\/www.doctoome.com\\\/blog\\\/sclerose-en-plaques-tout-savoir-sur-cette-maladie-auto-immune\\\/#primaryimage\",\"url\":\"https:\\\/\\\/s3.eu-west-1.amazonaws.com\\\/dm.prod.raw\\\/2023\\\/06\\\/Sclerose-en-plaques-tout-savoir-sur-cette-maladie-auto-immune-1.png\",\"contentUrl\":\"https:\\\/\\\/s3.eu-west-1.amazonaws.com\\\/dm.prod.raw\\\/2023\\\/06\\\/Sclerose-en-plaques-tout-savoir-sur-cette-maladie-auto-immune-1.png\",\"width\":1920,\"height\":1080},{\"@type\":\"WebSite\",\"@id\":\"https:\\\/\\\/www.doctoome.com\\\/blog\\\/#website\",\"url\":\"https:\\\/\\\/www.doctoome.com\\\/blog\\\/\",\"name\":\"Blog - Doctoome\",\"description\":\"Toutes nos astuces sant\u00e9 et bien-\u00eatre\",\"publisher\":{\"@id\":\"https:\\\/\\\/www.doctoome.com\\\/blog\\\/#organization\"},\"potentialAction\":[{\"@type\":\"SearchAction\",\"target\":{\"@type\":\"EntryPoint\",\"urlTemplate\":\"https:\\\/\\\/www.doctoome.com\\\/blog\\\/?s={search_term_string}\"},\"query-input\":{\"@type\":\"PropertyValueSpecification\",\"valueRequired\":true,\"valueName\":\"search_term_string\"}}],\"inLanguage\":\"fr-FR\"},{\"@type\":\"Organization\",\"@id\":\"https:\\\/\\\/www.doctoome.com\\\/blog\\\/#organization\",\"name\":\"Blog - Doctoome\",\"url\":\"https:\\\/\\\/www.doctoome.com\\\/blog\\\/\",\"logo\":{\"@type\":\"ImageObject\",\"inLanguage\":\"fr-FR\",\"@id\":\"https:\\\/\\\/www.doctoome.com\\\/blog\\\/#\\\/schema\\\/logo\\\/image\\\/\",\"url\":\"https:\\\/\\\/s3.eu-west-1.amazonaws.com\\\/dm.prod.raw\\\/2025\\\/07\\\/dQutxZuI-Media-1.png\",\"contentUrl\":\"https:\\\/\\\/s3.eu-west-1.amazonaws.com\\\/dm.prod.raw\\\/2025\\\/07\\\/dQutxZuI-Media-1.png\",\"width\":450,\"height\":200,\"caption\":\"Blog - Doctoome\"},\"image\":{\"@id\":\"https:\\\/\\\/www.doctoome.com\\\/blog\\\/#\\\/schema\\\/logo\\\/image\\\/\"},\"sameAs\":[\"https:\\\/\\\/www.facebook.com\\\/doctoome\\\/\",\"https:\\\/\\\/x.com\\\/Doctoome\",\"https:\\\/\\\/www.instagram.com\\\/doctoome_\\\/\",\"https:\\\/\\\/www.linkedin.com\\\/company\\\/doctoome\\\/\",\"https:\\\/\\\/www.youtube.com\\\/channel\\\/UCDbvPhELiZsPKeyNddFz6Qg\"]},{\"@type\":\"Person\",\"@id\":\"https:\\\/\\\/www.doctoome.com\\\/blog\\\/#\\\/schema\\\/person\\\/b70e715e0248cbdaae27015aae1f7769\",\"name\":\"Doctoome\",\"image\":{\"@type\":\"ImageObject\",\"inLanguage\":\"fr-FR\",\"@id\":\"https:\\\/\\\/secure.gravatar.com\\\/avatar\\\/6083c373ae95bfd3ce85cd46164b730132c2dc1f9e3f5c5cfe3d9e5a21e46e34?s=96&d=blank&r=g\",\"url\":\"https:\\\/\\\/secure.gravatar.com\\\/avatar\\\/6083c373ae95bfd3ce85cd46164b730132c2dc1f9e3f5c5cfe3d9e5a21e46e34?s=96&d=blank&r=g\",\"contentUrl\":\"https:\\\/\\\/secure.gravatar.com\\\/avatar\\\/6083c373ae95bfd3ce85cd46164b730132c2dc1f9e3f5c5cfe3d9e5a21e46e34?s=96&d=blank&r=g\",\"caption\":\"Doctoome\"},\"description\":\"Chlo\u00e9 de Channes est r\u00e9dactrice sant\u00e9 et \u00e9crit sur de nombreux sujets touchant au parcours de soins, aux enfants, aux maladies de peau, la sant\u00e9 des femmes, etc\",\"url\":\"https:\\\/\\\/www.doctoome.com\\\/blog\\\/author\\\/ameliedoctoome-com\\\/\"}]}<\/script>\n<!-- \/ Yoast SEO plugin. -->","yoast_head_json":{"title":"Scl\u00e9rose en plaques : Comprendre, Diagnostiquer et Vivre avec la SEP | Blog - Doctoome","description":"La Scl\u00e9rose en Plaques (SEP) est une maladie auto-immune du syst\u00e8me nerveux central qui affecte des millions de personnes dans le monde.","robots":{"index":"index","follow":"follow","max-snippet":"max-snippet:-1","max-image-preview":"max-image-preview:large","max-video-preview":"max-video-preview:-1"},"canonical":"https:\/\/www.doctoome.com\/blog\/sclerose-en-plaques-tout-savoir-sur-cette-maladie-auto-immune\/","og_locale":"fr_FR","og_type":"article","og_title":"Scl\u00e9rose en plaques : Comprendre, Diagnostiquer et Vivre avec la SEP | Blog - Doctoome","og_description":"La Scl\u00e9rose en Plaques (SEP) est une maladie auto-immune du syst\u00e8me nerveux central qui affecte des millions de personnes dans le monde.","og_url":"https:\/\/www.doctoome.com\/blog\/sclerose-en-plaques-tout-savoir-sur-cette-maladie-auto-immune\/","og_site_name":"Blog - Doctoome","article_publisher":"https:\/\/www.facebook.com\/doctoome\/","article_published_time":"2025-07-13T04:30:00+00:00","article_modified_time":"2025-10-09T14:11:04+00:00","og_image":[{"width":1920,"height":1080,"url":"https:\/\/s3.eu-west-1.amazonaws.com\/dm.prod.raw\/2023\/06\/Sclerose-en-plaques-tout-savoir-sur-cette-maladie-auto-immune-1.png","type":"image\/png"}],"author":"Doctoome","twitter_card":"summary_large_image","twitter_creator":"@Doctoome","twitter_site":"@Doctoome","twitter_misc":{"\u00c9crit par":"Doctoome","Dur\u00e9e de lecture estim\u00e9e":"12 minutes"},"schema":{"@context":"https:\/\/schema.org","@graph":[{"@type":"Article","@id":"https:\/\/www.doctoome.com\/blog\/sclerose-en-plaques-tout-savoir-sur-cette-maladie-auto-immune\/#article","isPartOf":{"@id":"https:\/\/www.doctoome.com\/blog\/sclerose-en-plaques-tout-savoir-sur-cette-maladie-auto-immune\/"},"author":{"name":"Doctoome","@id":"https:\/\/www.doctoome.com\/blog\/#\/schema\/person\/b70e715e0248cbdaae27015aae1f7769"},"headline":"Scl\u00e9rose en plaques : Comprendre, Diagnostiquer et Vivre avec la SEP","datePublished":"2025-07-13T04:30:00+00:00","dateModified":"2025-10-09T14:11:04+00:00","mainEntityOfPage":{"@id":"https:\/\/www.doctoome.com\/blog\/sclerose-en-plaques-tout-savoir-sur-cette-maladie-auto-immune\/"},"wordCount":2840,"commentCount":0,"publisher":{"@id":"https:\/\/www.doctoome.com\/blog\/#organization"},"image":{"@id":"https:\/\/www.doctoome.com\/blog\/sclerose-en-plaques-tout-savoir-sur-cette-maladie-auto-immune\/#primaryimage"},"thumbnailUrl":"https:\/\/s3.eu-west-1.amazonaws.com\/dm.prod.raw\/2023\/06\/Sclerose-en-plaques-tout-savoir-sur-cette-maladie-auto-immune-1.png","keywords":["Neurologue"],"articleSection":["Maladie chronique"],"inLanguage":"fr-FR","potentialAction":[{"@type":"CommentAction","name":"Comment","target":["https:\/\/www.doctoome.com\/blog\/sclerose-en-plaques-tout-savoir-sur-cette-maladie-auto-immune\/#respond"]}]},{"@type":"WebPage","@id":"https:\/\/www.doctoome.com\/blog\/sclerose-en-plaques-tout-savoir-sur-cette-maladie-auto-immune\/","url":"https:\/\/www.doctoome.com\/blog\/sclerose-en-plaques-tout-savoir-sur-cette-maladie-auto-immune\/","name":"Scl\u00e9rose en plaques : Comprendre, Diagnostiquer et Vivre avec la SEP | Blog - Doctoome","isPartOf":{"@id":"https:\/\/www.doctoome.com\/blog\/#website"},"primaryImageOfPage":{"@id":"https:\/\/www.doctoome.com\/blog\/sclerose-en-plaques-tout-savoir-sur-cette-maladie-auto-immune\/#primaryimage"},"image":{"@id":"https:\/\/www.doctoome.com\/blog\/sclerose-en-plaques-tout-savoir-sur-cette-maladie-auto-immune\/#primaryimage"},"thumbnailUrl":"https:\/\/s3.eu-west-1.amazonaws.com\/dm.prod.raw\/2023\/06\/Sclerose-en-plaques-tout-savoir-sur-cette-maladie-auto-immune-1.png","datePublished":"2025-07-13T04:30:00+00:00","dateModified":"2025-10-09T14:11:04+00:00","description":"La Scl\u00e9rose en Plaques (SEP) est une maladie auto-immune du syst\u00e8me nerveux central qui affecte des millions de personnes dans le monde.","inLanguage":"fr-FR","potentialAction":[{"@type":"ReadAction","target":["https:\/\/www.doctoome.com\/blog\/sclerose-en-plaques-tout-savoir-sur-cette-maladie-auto-immune\/"]}]},{"@type":"ImageObject","inLanguage":"fr-FR","@id":"https:\/\/www.doctoome.com\/blog\/sclerose-en-plaques-tout-savoir-sur-cette-maladie-auto-immune\/#primaryimage","url":"https:\/\/s3.eu-west-1.amazonaws.com\/dm.prod.raw\/2023\/06\/Sclerose-en-plaques-tout-savoir-sur-cette-maladie-auto-immune-1.png","contentUrl":"https:\/\/s3.eu-west-1.amazonaws.com\/dm.prod.raw\/2023\/06\/Sclerose-en-plaques-tout-savoir-sur-cette-maladie-auto-immune-1.png","width":1920,"height":1080},{"@type":"WebSite","@id":"https:\/\/www.doctoome.com\/blog\/#website","url":"https:\/\/www.doctoome.com\/blog\/","name":"Blog - Doctoome","description":"Toutes nos astuces sant\u00e9 et bien-\u00eatre","publisher":{"@id":"https:\/\/www.doctoome.com\/blog\/#organization"},"potentialAction":[{"@type":"SearchAction","target":{"@type":"EntryPoint","urlTemplate":"https:\/\/www.doctoome.com\/blog\/?s={search_term_string}"},"query-input":{"@type":"PropertyValueSpecification","valueRequired":true,"valueName":"search_term_string"}}],"inLanguage":"fr-FR"},{"@type":"Organization","@id":"https:\/\/www.doctoome.com\/blog\/#organization","name":"Blog - Doctoome","url":"https:\/\/www.doctoome.com\/blog\/","logo":{"@type":"ImageObject","inLanguage":"fr-FR","@id":"https:\/\/www.doctoome.com\/blog\/#\/schema\/logo\/image\/","url":"https:\/\/s3.eu-west-1.amazonaws.com\/dm.prod.raw\/2025\/07\/dQutxZuI-Media-1.png","contentUrl":"https:\/\/s3.eu-west-1.amazonaws.com\/dm.prod.raw\/2025\/07\/dQutxZuI-Media-1.png","width":450,"height":200,"caption":"Blog - Doctoome"},"image":{"@id":"https:\/\/www.doctoome.com\/blog\/#\/schema\/logo\/image\/"},"sameAs":["https:\/\/www.facebook.com\/doctoome\/","https:\/\/x.com\/Doctoome","https:\/\/www.instagram.com\/doctoome_\/","https:\/\/www.linkedin.com\/company\/doctoome\/","https:\/\/www.youtube.com\/channel\/UCDbvPhELiZsPKeyNddFz6Qg"]},{"@type":"Person","@id":"https:\/\/www.doctoome.com\/blog\/#\/schema\/person\/b70e715e0248cbdaae27015aae1f7769","name":"Doctoome","image":{"@type":"ImageObject","inLanguage":"fr-FR","@id":"https:\/\/secure.gravatar.com\/avatar\/6083c373ae95bfd3ce85cd46164b730132c2dc1f9e3f5c5cfe3d9e5a21e46e34?s=96&d=blank&r=g","url":"https:\/\/secure.gravatar.com\/avatar\/6083c373ae95bfd3ce85cd46164b730132c2dc1f9e3f5c5cfe3d9e5a21e46e34?s=96&d=blank&r=g","contentUrl":"https:\/\/secure.gravatar.com\/avatar\/6083c373ae95bfd3ce85cd46164b730132c2dc1f9e3f5c5cfe3d9e5a21e46e34?s=96&d=blank&r=g","caption":"Doctoome"},"description":"Chlo\u00e9 de Channes est r\u00e9dactrice sant\u00e9 et \u00e9crit sur de nombreux sujets touchant au parcours de soins, aux enfants, aux maladies de peau, la sant\u00e9 des femmes, etc","url":"https:\/\/www.doctoome.com\/blog\/author\/ameliedoctoome-com\/"}]}},"_links":{"self":[{"href":"https:\/\/www.doctoome.com\/blog\/wp-json\/wp\/v2\/posts\/13126","targetHints":{"allow":["GET"]}}],"collection":[{"href":"https:\/\/www.doctoome.com\/blog\/wp-json\/wp\/v2\/posts"}],"about":[{"href":"https:\/\/www.doctoome.com\/blog\/wp-json\/wp\/v2\/types\/post"}],"author":[{"embeddable":true,"href":"https:\/\/www.doctoome.com\/blog\/wp-json\/wp\/v2\/users\/2"}],"replies":[{"embeddable":true,"href":"https:\/\/www.doctoome.com\/blog\/wp-json\/wp\/v2\/comments?post=13126"}],"version-history":[{"count":0,"href":"https:\/\/www.doctoome.com\/blog\/wp-json\/wp\/v2\/posts\/13126\/revisions"}],"wp:featuredmedia":[{"embeddable":true,"href":"https:\/\/www.doctoome.com\/blog\/wp-json\/wp\/v2\/media\/13165"}],"wp:attachment":[{"href":"https:\/\/www.doctoome.com\/blog\/wp-json\/wp\/v2\/media?parent=13126"}],"wp:term":[{"taxonomy":"category","embeddable":true,"href":"https:\/\/www.doctoome.com\/blog\/wp-json\/wp\/v2\/categories?post=13126"},{"taxonomy":"post_tag","embeddable":true,"href":"https:\/\/www.doctoome.com\/blog\/wp-json\/wp\/v2\/tags?post=13126"}],"curies":[{"name":"wp","href":"https:\/\/api.w.org\/{rel}","templated":true}]}}