{"id":15022,"date":"2024-10-05T10:00:00","date_gmt":"2024-10-05T08:00:00","guid":{"rendered":"https:\/\/www.doctoome.com\/blog\/?p=15022"},"modified":"2025-04-18T08:55:17","modified_gmt":"2025-04-18T06:55:17","slug":"temoignage-de-aurore-brisset-atteinte-du-cancer-du-sein","status":"publish","type":"post","link":"https:\/\/www.doctoome.com\/blog\/temoignage-de-aurore-brisset-atteinte-du-cancer-du-sein\/","title":{"rendered":"T\u00e9moignage de Aurore Brisset, patiente atteinte du cancer du sein"},"content":{"rendered":"<div class=\"wp-block-image\">\n<figure class=\"alignright size-full is-resized\"><img decoding=\"async\" width=\"660\" height=\"884\" data-src=\"https:\/\/s3.eu-west-1.amazonaws.com\/dm.prod.raw\/2024\/09\/Capture-decran-2024-09-13-a-14.15.23-660x540.png\" alt=\"\" class=\"wp-image-15031 lazyload\" style=\"--smush-placeholder-width: 660px; --smush-placeholder-aspect-ratio: 660\/884;width:155px;height:auto\" data-srcset=\"https:\/\/s3.eu-west-1.amazonaws.com\/dm.prod.raw\/2024\/09\/Capture-decran-2024-09-13-a-14.15.23-224x300.png 224w, https:\/\/s3.eu-west-1.amazonaws.com\/dm.prod.raw\/2024\/09\/Capture-decran-2024-09-13-a-14.15.23-660x540.png 660w\" data-sizes=\"(max-width: 660px) 100vw, 660px\" src=\"data:image\/svg+xml;base64,PHN2ZyB3aWR0aD0iMSIgaGVpZ2h0PSIxIiB4bWxucz0iaHR0cDovL3d3dy53My5vcmcvMjAwMC9zdmciPjwvc3ZnPg==\" \/><\/figure>\n<\/div>\n\n\n<p>Aurore Brisset se confie sur son cancer du sein, son parcours, ses peurs et son quotidien \u00e0 travers ce t\u00e9moignage. <\/p>\n\n\n\n<h2 class=\"wp-block-heading\">Pouvez-vous vous pr\u00e9senter ?<\/h2>\n\n\n\n<p>\u00ab\u00a0Je m&rsquo;appelle Aurore, j&rsquo;ai 42 ans, je vis \u00e0 Paris, je suis mari\u00e9e depuis 15 ans et je suis maman de 2 enfants (12 ans et 8 ans). Je travaille dans la finance depuis plus de 20 ans.\u00a0\u00bb<\/p>\n\n\n\n<h2 class=\"wp-block-heading\">Comment avez-vous d\u00e9couvert votre cancer du sein ?&nbsp;<\/h2>\n\n\n\n<p>\u00ab\u00a0En 2013, j&rsquo;ai dit \u00e0 ma gyn\u00e9cologue que j&rsquo;avais des boules et des douleurs dans le sein droit (\u00e9tant \u00e0 l&rsquo;\u00e9poque sous pilule continue, je ne savais pas quand \u00e9taient mes cycles). Ma gyn\u00e9cologue m&rsquo;a d&rsquo;abord dit que \u00e7a devait \u00eatre hormonal \u00e9tant donn\u00e9 que j&rsquo;avais accouch\u00e9 quelques mois auparavant.&nbsp;<\/p>\n\n\n\n<p>Tous les ans \u00e0 mon contr\u00f4le annuel, jusqu&rsquo;en septembre 2018, je me plaignais de douleurs \u00e0 ne pas supporter les baleines de mon soutien gorge, et elle me r\u00e9pondait \u00ab\u00a0oui on sent quelque chose \u00e0 la palpation mais \u00e7a va passer\u00a0\u00bb. Elle a m\u00eame os\u00e9 me dire une fois \u00ab\u00a0\u00e7a ne peut pas \u00eatre un cancer, un cancer ne fait pas mal\u00a0\u00bb<\/p>\n\n\n\n<p>En septembre 2018, elle me prescrit enfin un examen : une \u00e9chographie.&nbsp;N&rsquo;ayant pas de douleurs plus que \u00e7a \u00e0 cette p\u00e9riode, je laisse tra\u00eener jusqu&rsquo;\u00e0 janvier 2019.&nbsp;<\/p>\n\n\n\n<p>A l&rsquo;\u00e9chographie, on voit quelque chose mais on me demande de revenir quelques jours plus tard pour la mammographie. A la mammographie, on voit quelque chose et on me demande de revenir la semaine d&rsquo;apr\u00e8s pour une biopsie.<\/p>\n\n\n\n<p>2 semaines plus tard le verdict tombe.&nbsp;Le 4 f\u00e9vrier 2019, ma gyn\u00e9cologue m&rsquo;annonce mon cancer. <\/p>\n\n\n\n<p>Enfin, \u00ab\u00a0annoncer\u00a0\u00bb est un grand mot car elle \u00e9tait plut\u00f4t muette et \u00e0 force d&rsquo;attendre qu&rsquo;elle dise autre chose que \u00ab\u00a0madame vos r\u00e9sultats ne sont pas bons du tout\u00a0\u00bb, j&rsquo;ai fini par lui dire \u00ab\u00a0je suppose donc que j&rsquo;ai un cancer\u00a0\u00bb. Elle n&rsquo;a jamais prononc\u00e9 le mot \u00ab\u00a0cancer\u00a0\u00bb avec moi.<\/p>\n\n\n\n<p>Un comble de la date du 4 f\u00e9vrier, \u00e9tant la journ\u00e9e mondiale contre le cancer\u00a0\u00bb<\/p>\n\n\n\n<h2 class=\"wp-block-heading\">Comment s&rsquo;est d\u00e9roul\u00e9 votre parcours de soins depuis le diagnostic ?<\/h2>\n\n\n\n<p>\u00ab\u00a0Ma gyn\u00e9cologue avait appel\u00e9 le service de gyn\u00e9co-cancero de l&rsquo;H\u00f4pital Europ\u00e9en Georges Pompidou pour me prendre un rendez-vous 2 jours plus tard.<\/p>\n\n\n\n<p>Le 6 f\u00e9vrier 2019, ma chirurgienne m&rsquo;annonce que l&rsquo;ablation du sein droit est in\u00e9vitable. <\/p>\n\n\n\n<p>En moins de 2 semaines, j&rsquo;ai pass\u00e9 plusieurs examens (echo, mammo, TEP scan, prises de sang,&#8230;).<\/p>\n\n\n\n<p>J&rsquo;ai donc ma mastectomie le 20 f\u00e9vrier 2019. Plusieurs rendez-vous de contr\u00f4le (post mastectomie, r\u00e9sultats de l&rsquo;Oncotype DX) avec ma chirurgienne ont lieu entre f\u00e9vrier et avril.&nbsp;<\/p>\n\n\n\n<p>Les rendez-vous avec l&rsquo;oncologue commencent afin de m&rsquo;informer de mon protocole de soins. D\u00e9but des chimioth\u00e9rapies le 26 avril 2019, avec 3 EC100 (\u00e0 3 semaines d&rsquo;intervalle chacune) et 9 Taxol (hebdomadaire) puis d\u00e9but de l&rsquo;hormonoth\u00e9rapie.<\/p>\n\n\n\n<p>Le rythme hebdomadaire des Taxol est \u00e9puisant car d&rsquo;une chimio \u00e0 l&rsquo;autre, nous n&rsquo;avons pas le temps de reprendre notre souffle.<\/p>\n\n\n\n<p>Je termine mes 5 ans d&rsquo;hormonoth\u00e9rapie fin septembre 2024.\u00a0\u00bb<\/p>\n\n\n\n<h2 class=\"wp-block-heading\">Quelles ont \u00e9t\u00e9 les \u00e9tapes les plus difficiles dans votre traitement jusqu&rsquo;\u00e0 pr\u00e9sent ?<\/h2>\n\n\n\n<p>\u00ab\u00a0Les chimioth\u00e9rapies sont lourdes, surtout les 3 premi\u00e8res avec la chute des globules et de la fi\u00e8vre. Donc au protocole ont \u00e9t\u00e9 ajout\u00e9es&nbsp;des piq\u00fbres d&rsquo;EPO, L&rsquo;\u00e9rythropo\u00ef\u00e9tine (EPO), est une hormone qui entraine l&rsquo;augmentation du nombre de globules rouges dans le sang ; apr\u00e8s chacune de ces 3 chimioth\u00e9rapies. J&rsquo;\u00e9tais compl\u00e8tement KO pendant 48 \u00e0 72h apr\u00e8s chaque piq\u00fbre.<\/p>\n\n\n\n<p>Ayant eu recours \u00e0 l&rsquo;acupuncture, je n&rsquo;ai eu que tr\u00e8s peu d&rsquo;effets secondaires si ce n&rsquo;est, la perte des cheveux qui a r\u00e9ellement \u00e9t\u00e9 le plus dur \u00e0 vivre pour moi. Un vrai traumatisme, bien plus que l&rsquo;ablation de mon sein.<\/p>\n\n\n\n<p>8 mois \u00e0 \u00eatre un bon petit soldat, \u00e0 foncer t\u00eate baiss\u00e9e dans tous ces traitements.<\/p>\n\n\n\n<p>L&rsquo;apr\u00e8s cancer (c&rsquo;est \u00e0 dire une fois les traitements lourds termin\u00e9s), reste quelque chose qui a \u00e9t\u00e9 tr\u00e8s dur \u00e0 vivre pour moi. Peut \u00eatre m\u00eame plus difficile que les chimioth\u00e9rapies. L&rsquo;arr\u00eat brutal de ce rythme bien rod\u00e9 depuis des semaines est assez complexe \u00e0 vivre. On se sent comme abandonn\u00e9 par le corps m\u00e9dical. De plus, les traitements lourds \u00e9tant termin\u00e9s, les gens nous croient gu\u00e9ri alors que non. D&rsquo;autres effets secondaires apparaissent (troubles cognitifs) d\u00fb aux produits des chimioth\u00e9rapies que nous mettons une bonne ann\u00e9e \u00e0 \u00e9liminer totalement.\u00a0\u00bb<\/p>\n\n\n\n<h2 class=\"wp-block-heading\">Avez-vous eu recours \u00e0 un soutien psychologique ou \u00e0 des groupes de parole pour faire face \u00e0 la maladie ?<\/h2>\n\n\n\n<p>\u00ab\u00a0Camille, une amie, m&rsquo;avait parl\u00e9 d&rsquo;un blog tenu par une journaliste, G\u00e9raldine Dormoy.&nbsp; Il s&rsquo;av\u00e8re&nbsp;que G\u00e9raldine a eu elle-m\u00eame un cancer du sein et a cr\u00e9\u00e9 un groupe priv\u00e9 Facebook \u00ab\u00a0un cancer pas si grave\u00a0\u00bb, que j&rsquo;ai int\u00e9gr\u00e9.<\/p>\n\n\n\n<p>Ce groupe m&rsquo;a \u00e9norm\u00e9ment aid\u00e9 et apport\u00e9. On se sent moins seule, on se sent comprise, on y pose toutes sortes de questions et on y trouve de tr\u00e8s bon conseils.<\/p>\n\n\n\n<p>La suggestion pouss\u00e9e d&rsquo;un soutien psychologique de professionnel devrait \u00eatre mise en place dans les h\u00f4pitaux.&nbsp;<\/p>\n\n\n\n<p>On m&rsquo;a vaguement inform\u00e9 qu&rsquo;un psy \u00e9tait \u00e0 l&rsquo;h\u00f4pital de jour pendant les s\u00e9ances de chimioth\u00e9rapies. Cela m&rsquo;a \u00e9t\u00e9 annonc\u00e9 rapidement parmi d&rsquo;autres nombreuses informations.<\/p>\n\n\n\n<p>Un an apr\u00e8s la fin de mes traitements lourds, j&rsquo;ai entam\u00e9 par moi m\u00eame une psychoth\u00e9rapie.\u00a0\u00bb<\/p>\n\n\n\n<h2 class=\"wp-block-heading\">Comment avez-vous g\u00e9r\u00e9 les moments de doute ou de d\u00e9couragement ?<\/h2>\n\n\n\n<p>\u00ab\u00a0J&rsquo;ai trouv\u00e9 \u00e9norm\u00e9ment de force aupr\u00e8s de mes amies proches. Je les appelais pour d\u00eener, prendre un verre afin de me changer les id\u00e9es, de discuter de tout sans aucun jugement, mais surtout pour y trouver du r\u00e9confort et des encouragements.<\/p>\n\n\n\n<p>J&rsquo;ai m\u00eame appel\u00e9 ce groupe \u00ab\u00a0diner th\u00e9rapie\u00a0\u00bb, qui a \u00e9t\u00e9 un de mes principaux soutiens et qui me fait beaucoup de bien depuis toutes ces ann\u00e9es et encore \u00e0 l&rsquo;heure actuelle.\u00a0\u00bb<\/p>\n\n\n\n<h2 class=\"wp-block-heading\">Comment le cancer du sein a-t-il affect\u00e9 votre vie quotidienne ?<\/h2>\n\n\n\n<p>\u00ab\u00a0Le cancer est un v\u00e9ritable tsunami. Entre malades, pendant les traitements, on dit que nous sommes dans la \u00ab\u00a0lessiveuse\u00a0\u00bb.<\/p>\n\n\n\n<p>Pendant les traitements on ne vit que cancer, donc forc\u00e9ment notre vie quotidienne est affect\u00e9e et n&rsquo;est plus la m\u00eame du jour au lendemain.&nbsp;<\/p>\n\n\n\n<p>Entre les prises de sang, les appels de l&rsquo;h\u00f4pital avant les chimioth\u00e9rapies pour connaitre notre poids, savoir comment nous mangeons, les rendez-vous acupuncteur, les chimioth\u00e9rapies,&#8230;&nbsp;<\/p>\n\n\n\n<p>Les personnes autour de nous ne nous parlent presque que de \u00e7a.&nbsp;<\/p>\n\n\n\n<p>G\u00e9rer sa vie familiale (mes enfants avaient \u00e0 l&rsquo;\u00e9poque 3 et 7 ans), ses traitements, ses rdv m\u00e9dicaux &#8230; trop de choses ! J&rsquo;ai donc opt\u00e9 pour \u00eatre en arr\u00eat maladie pendant tout ce temps.<\/p>\n\n\n\n<p>Une forte fatigue est en permanence l\u00e0 et persiste \u00e0 cause de l&rsquo;hormonoth\u00e9rapie (et encore je suis chanceuse de bien la supporter).<\/p>\n\n\n\n<p>Le cancer, m\u00eame en quasi r\u00e9mission, reste l\u00e0 dans un coin de ma t\u00eate. Ma cicatrice de PAC, (petit bo\u00eetier plac\u00e9 sous la peau, g\u00e9n\u00e9ralement au niveau du thorax et reli\u00e9 \u00e0 un cath\u00e9ter gliss\u00e9 dans une veine), est l\u00e0 pour me le rappeler.&nbsp;<\/p>\n\n\n\n<p>La vie quotidienne revient avec les ann\u00e9es mais ne sera jamais la m\u00eame qu&rsquo;avant.\u00a0\u00bb<\/p>\n\n\n\n<h2 class=\"wp-block-heading\">Comment voyez-vous l&rsquo;avenir, en termes de sant\u00e9 et de votre vie en g\u00e9n\u00e9ral ?<\/h2>\n\n\n\n<p>\u00ab\u00a0J&rsquo;ai bon espoir de ne pas avoir de r\u00e9cidive, mais on ne peut \u00eatre s\u00fbr de rien. On a en quelque sorte une \u00e9p\u00e9e de Damocl\u00e8s au dessus de la t\u00eate.<\/p>\n\n\n\n<p>J&rsquo;aurai, \u00e0 vie, \u00e0 passer une fois par an, une \u00e9chographie, mammographie et IRM, avec un rendez-vous avec mon oncologue ou gyn\u00e9cologue de ville par la suite. Je devrai \u00e9galement, faire surveiller ma fille de pr\u00e8s, bien que mon cancer ne soit pas g\u00e9n\u00e9tique.<\/p>\n\n\n\n<p>Ce cancer m&rsquo;a \u00e9t\u00e9 b\u00e9n\u00e9fique. Je con\u00e7ois que \u00e7a soit compliqu\u00e9 \u00e0 comprendre pour les personnes en cours de traitement mais il m&rsquo;a permis de voir ma vie personnelle et professionnelle diff\u00e9remment ; de me remettre en question sur mes envies et besoins,&nbsp;de plus m&rsquo;\u00e9couter et de ce fait, entamer une th\u00e9rapie afin de prendre soin de ma sant\u00e9 mentale (qui influence fortement la sant\u00e9 physique).\u00a0\u00bb<\/p>\n\n\n\n<h2 class=\"wp-block-heading\"><strong>Pensez-vous qu&rsquo;il y ait encore des tabous ou des malentendus autour du cancer du sein ?<\/strong><\/h2>\n\n\n\n<p>\u00ab\u00a0Il y a des a priori sur le sujet. J&rsquo;\u00e9tais la premi\u00e8re \u00e0 penser que ce cancer touchait les femmes d&rsquo;un \u00e2ge avanc\u00e9. Il \u00e9tait impensable pour moi de pouvoir avoir un cancer du sein \u00e0 37 ans. On pense quasi tou(te)s que cela ne peut arriver qu&rsquo;aux autres.&nbsp;<\/p>\n\n\n\n<p>On entend beaucoup parler de la pr\u00e9vention avec Octobre Rose. Mais comme le souligne la marque de cosm\u00e9tiques, m\u00eame \u00ab\u00a0le cancer, une r\u00e9alit\u00e9 qui d\u00e9passe largement le mois d&rsquo;octobre, et qui est loin d&rsquo;\u00eatre rose\u00a0\u00bb<\/p>\n\n\n\n<p>Malheureusement, le cancer du sein devient presque \u00ab\u00a0banal\u00a0\u00bb tant il touche de femmes (1 femme sur 8).<\/p>\n\n\n\n<p>Octobre Rose m&rsquo;a \u00e9t\u00e9 tr\u00e8s compliqu\u00e9 \u00e0 vivre, \u00e0 supporter les premi\u00e8res ann\u00e9es mais depuis 2 ans, j&rsquo;essaye de faire de la pr\u00e9vention aupr\u00e8s de mon entourage, d&rsquo;inciter \u00e0 aller passer ses \u00e9chographies et mammographies de contr\u00f4le. Mais aussi de t\u00e9moigner comme je le fais aujourd&rsquo;hui.\u00a0\u00bb<\/p>\n\n\n\n<p><strong>Articles qui pourraient vous int\u00e9resser :&nbsp;<\/strong><\/p>\n\n\n\n<ul class=\"wp-block-list\">\n<li>Cancer du sein triple n\u00e9gatif : t\u00e9moignage patient : <a href=\"https:\/\/www.doctoome.com\/blog\/journee-mondiale-du-cancer\">https:\/\/www.doctoome.com\/blog\/journee-mondiale-du-cancer<\/a><\/li>\n\n\n\n<li>D\u00e9pistage du cancer du sein : \u00e0 qui s&rsquo;adresser ? : <a href=\"https:\/\/www.doctoome.com\/blog\/cancer-sein-depistage-gynecologue\">https:\/\/www.doctoome.com\/blog\/cancer-sein-depistage-gynecologue<\/a><\/li>\n\n\n\n<li>D\u00e9pistage du cancer : quand, pourquoi et comment ? : <a href=\"https:\/\/www.doctoome.com\/blog\/depistage-du-cancer\">https:\/\/www.doctoome.com\/blog\/depistage-du-cancer<\/a><\/li>\n\n\n\n<li>Cancer du sein : interview de Herv\u00e9 Bonnefoi, oncologue : <a href=\"https:\/\/www.doctoome.com\/blog\/interview-herve-bonnefoi-cancer-du-sein\">https:\/\/www.doctoome.com\/blog\/interview-herve-bonnefoi-cancer-du-sein<\/a><\/li>\n\n\n\n<li>Quels sont les effets de l\u2019acupuncture sur le cancer ? : <a href=\"https:\/\/www.doctoome.com\/blog\/acupuncture-et-cancer\">https:\/\/www.doctoome.com\/blog\/acupuncture-et-cancer<\/a><\/li>\n\n\n\n<li>Hypnose : quelle aide contre le cancer ? :<a href=\"https:\/\/www.doctoome.com\/blog\/hypnose-quelle-aide-contre-le-cancer\"> https:\/\/www.doctoome.com\/blog\/hypnose-quelle-aide-contre-le-cancer<\/a><\/li>\n\n\n\n<li>La sophrologie : une aide contre le cancer ? : <a href=\"https:\/\/www.doctoome.com\/blog\/sophrologie-aide-contre-cancer\">https:\/\/www.doctoome.com\/blog\/sophrologie-aide-contre-cancer<\/a><\/li>\n\n\n\n<li>Les vertus anti-cancer des \u00e9motions : <a href=\"https:\/\/www.doctoome.com\/blog\/les-vertus-anti-cancer-des-emotions\">https:\/\/www.doctoome.com\/blog\/les-vertus-anti-cancer-des-emotions<\/a><\/li>\n\n\n\n<li>Reconstruction mammaire apr\u00e8s un cancer : <a href=\"https:\/\/www.doctoome.com\/blog\/reconstruction-mammaire-apres-un-cancer\">https:\/\/www.doctoome.com\/blog\/reconstruction-mammaire-apres-un-cancer<\/a><\/li>\n\n\n\n<li>Octobre rose : qu\u2019est ce que c\u2019est ? : <a href=\"https:\/\/www.doctoome.com\/blog\/octobre-rose\">https:\/\/www.doctoome.com\/blog\/octobre-rose<\/a><\/li>\n<\/ul>\n","protected":false},"excerpt":{"rendered":"<p>Aurore Brisset, atteinte du cancer du sein, a accept\u00e9 de livrer son t\u00e9moignage et son parcours pour Doctoome.<\/p>\n","protected":false},"author":129,"featured_media":15679,"comment_status":"open","ping_status":"closed","sticky":false,"template":"","format":"standard","meta":{"footnotes":""},"categories":[2164,2464,2467],"tags":[728],"class_list":["post-15022","post","type-post","status-publish","format-standard","has-post-thumbnail","hentry","category-cancer","category-sante-feminine-et-gynecologie","category-temoignage","tag-douleurs"],"yoast_head":"<!-- This site is optimized with the Yoast SEO plugin v27.5 - https:\/\/yoast.com\/product\/yoast-seo-wordpress\/ -->\n<title>T\u00e9moignage de Aurore Brisset, patiente atteinte du cancer du sein | Blog - Doctoome<\/title>\n<meta name=\"description\" content=\"&quot;\u00c7a ne peut pas \u00eatre un cancer, un cancer ne fait pas mal&quot;. Aurore Brisset nous confie son t\u00e9moignage sur son cancer du sein et son parcours.\" \/>\n<meta name=\"robots\" content=\"index, follow, max-snippet:-1, max-image-preview:large, max-video-preview:-1\" \/>\n<link rel=\"canonical\" href=\"https:\/\/www.doctoome.com\/blog\/temoignage-de-aurore-brisset-atteinte-du-cancer-du-sein\/\" \/>\n<meta property=\"og:locale\" content=\"fr_FR\" \/>\n<meta property=\"og:type\" content=\"article\" \/>\n<meta property=\"og:title\" content=\"T\u00e9moignage de Aurore Brisset, patiente atteinte du cancer du sein | Blog - Doctoome\" \/>\n<meta property=\"og:description\" content=\"&quot;\u00c7a ne peut pas \u00eatre un cancer, un cancer ne fait pas mal&quot;. Aurore Brisset nous confie son t\u00e9moignage sur son cancer du sein et son parcours.\" \/>\n<meta property=\"og:url\" content=\"https:\/\/www.doctoome.com\/blog\/temoignage-de-aurore-brisset-atteinte-du-cancer-du-sein\/\" \/>\n<meta property=\"og:site_name\" content=\"Blog - Doctoome\" \/>\n<meta property=\"article:publisher\" content=\"https:\/\/www.facebook.com\/doctoome\/\" \/>\n<meta property=\"article:published_time\" content=\"2024-10-05T08:00:00+00:00\" \/>\n<meta property=\"article:modified_time\" content=\"2025-04-18T06:55:17+00:00\" \/>\n<meta property=\"og:image\" content=\"https:\/\/s3.eu-west-1.amazonaws.com\/dm.prod.raw\/2024\/12\/57.png\" \/>\n\t<meta property=\"og:image:width\" content=\"1313\" \/>\n\t<meta property=\"og:image:height\" content=\"875\" \/>\n\t<meta property=\"og:image:type\" content=\"image\/png\" \/>\n<meta name=\"author\" content=\"Chir\u00een Cola\" \/>\n<meta name=\"twitter:card\" content=\"summary_large_image\" \/>\n<meta name=\"twitter:creator\" content=\"@Doctoome\" \/>\n<meta name=\"twitter:site\" content=\"@Doctoome\" \/>\n<meta name=\"twitter:label1\" content=\"\u00c9crit par\" \/>\n\t<meta name=\"twitter:data1\" content=\"Chir\u00een Cola\" \/>\n\t<meta name=\"twitter:label2\" content=\"Dur\u00e9e de lecture estim\u00e9e\" \/>\n\t<meta name=\"twitter:data2\" content=\"9 minutes\" \/>\n<script type=\"application\/ld+json\" class=\"yoast-schema-graph\">{\"@context\":\"https:\\\/\\\/schema.org\",\"@graph\":[{\"@type\":\"Article\",\"@id\":\"https:\\\/\\\/www.doctoome.com\\\/blog\\\/temoignage-de-aurore-brisset-atteinte-du-cancer-du-sein\\\/#article\",\"isPartOf\":{\"@id\":\"https:\\\/\\\/www.doctoome.com\\\/blog\\\/temoignage-de-aurore-brisset-atteinte-du-cancer-du-sein\\\/\"},\"author\":{\"name\":\"Chir\u00een Cola\",\"@id\":\"https:\\\/\\\/www.doctoome.com\\\/blog\\\/#\\\/schema\\\/person\\\/f033c1e709b7334a0c09d3f60136a2db\"},\"headline\":\"T\u00e9moignage de Aurore Brisset, patiente atteinte du cancer du sein\",\"datePublished\":\"2024-10-05T08:00:00+00:00\",\"dateModified\":\"2025-04-18T06:55:17+00:00\",\"mainEntityOfPage\":{\"@id\":\"https:\\\/\\\/www.doctoome.com\\\/blog\\\/temoignage-de-aurore-brisset-atteinte-du-cancer-du-sein\\\/\"},\"wordCount\":1763,\"commentCount\":0,\"publisher\":{\"@id\":\"https:\\\/\\\/www.doctoome.com\\\/blog\\\/#organization\"},\"image\":{\"@id\":\"https:\\\/\\\/www.doctoome.com\\\/blog\\\/temoignage-de-aurore-brisset-atteinte-du-cancer-du-sein\\\/#primaryimage\"},\"thumbnailUrl\":\"https:\\\/\\\/s3.eu-west-1.amazonaws.com\\\/dm.prod.raw\\\/2024\\\/12\\\/57.png\",\"keywords\":[\"Douleurs\"],\"articleSection\":[\"Cancer\",\"Sant\u00e9 f\u00e9minine et gyn\u00e9cologie\",\"T\u00e9moignage\"],\"inLanguage\":\"fr-FR\",\"potentialAction\":[{\"@type\":\"CommentAction\",\"name\":\"Comment\",\"target\":[\"https:\\\/\\\/www.doctoome.com\\\/blog\\\/temoignage-de-aurore-brisset-atteinte-du-cancer-du-sein\\\/#respond\"]}]},{\"@type\":\"WebPage\",\"@id\":\"https:\\\/\\\/www.doctoome.com\\\/blog\\\/temoignage-de-aurore-brisset-atteinte-du-cancer-du-sein\\\/\",\"url\":\"https:\\\/\\\/www.doctoome.com\\\/blog\\\/temoignage-de-aurore-brisset-atteinte-du-cancer-du-sein\\\/\",\"name\":\"T\u00e9moignage de Aurore Brisset, patiente atteinte du cancer du sein | Blog - Doctoome\",\"isPartOf\":{\"@id\":\"https:\\\/\\\/www.doctoome.com\\\/blog\\\/#website\"},\"primaryImageOfPage\":{\"@id\":\"https:\\\/\\\/www.doctoome.com\\\/blog\\\/temoignage-de-aurore-brisset-atteinte-du-cancer-du-sein\\\/#primaryimage\"},\"image\":{\"@id\":\"https:\\\/\\\/www.doctoome.com\\\/blog\\\/temoignage-de-aurore-brisset-atteinte-du-cancer-du-sein\\\/#primaryimage\"},\"thumbnailUrl\":\"https:\\\/\\\/s3.eu-west-1.amazonaws.com\\\/dm.prod.raw\\\/2024\\\/12\\\/57.png\",\"datePublished\":\"2024-10-05T08:00:00+00:00\",\"dateModified\":\"2025-04-18T06:55:17+00:00\",\"description\":\"\\\"\u00c7a ne peut pas \u00eatre un cancer, un cancer ne fait pas mal\\\". Aurore Brisset nous confie son t\u00e9moignage sur son cancer du sein et son parcours.\",\"inLanguage\":\"fr-FR\",\"potentialAction\":[{\"@type\":\"ReadAction\",\"target\":[\"https:\\\/\\\/www.doctoome.com\\\/blog\\\/temoignage-de-aurore-brisset-atteinte-du-cancer-du-sein\\\/\"]}]},{\"@type\":\"ImageObject\",\"inLanguage\":\"fr-FR\",\"@id\":\"https:\\\/\\\/www.doctoome.com\\\/blog\\\/temoignage-de-aurore-brisset-atteinte-du-cancer-du-sein\\\/#primaryimage\",\"url\":\"https:\\\/\\\/s3.eu-west-1.amazonaws.com\\\/dm.prod.raw\\\/2024\\\/12\\\/57.png\",\"contentUrl\":\"https:\\\/\\\/s3.eu-west-1.amazonaws.com\\\/dm.prod.raw\\\/2024\\\/12\\\/57.png\",\"width\":1313,\"height\":875,\"caption\":\"t\u00e9moignage patient cancer du sein\"},{\"@type\":\"WebSite\",\"@id\":\"https:\\\/\\\/www.doctoome.com\\\/blog\\\/#website\",\"url\":\"https:\\\/\\\/www.doctoome.com\\\/blog\\\/\",\"name\":\"Blog - Doctoome\",\"description\":\"Toutes nos astuces sant\u00e9 et bien-\u00eatre\",\"publisher\":{\"@id\":\"https:\\\/\\\/www.doctoome.com\\\/blog\\\/#organization\"},\"potentialAction\":[{\"@type\":\"SearchAction\",\"target\":{\"@type\":\"EntryPoint\",\"urlTemplate\":\"https:\\\/\\\/www.doctoome.com\\\/blog\\\/?s={search_term_string}\"},\"query-input\":{\"@type\":\"PropertyValueSpecification\",\"valueRequired\":true,\"valueName\":\"search_term_string\"}}],\"inLanguage\":\"fr-FR\"},{\"@type\":\"Organization\",\"@id\":\"https:\\\/\\\/www.doctoome.com\\\/blog\\\/#organization\",\"name\":\"Blog - Doctoome\",\"url\":\"https:\\\/\\\/www.doctoome.com\\\/blog\\\/\",\"logo\":{\"@type\":\"ImageObject\",\"inLanguage\":\"fr-FR\",\"@id\":\"https:\\\/\\\/www.doctoome.com\\\/blog\\\/#\\\/schema\\\/logo\\\/image\\\/\",\"url\":\"https:\\\/\\\/s3.eu-west-1.amazonaws.com\\\/dm.prod.raw\\\/2025\\\/07\\\/dQutxZuI-Media-1.png\",\"contentUrl\":\"https:\\\/\\\/s3.eu-west-1.amazonaws.com\\\/dm.prod.raw\\\/2025\\\/07\\\/dQutxZuI-Media-1.png\",\"width\":450,\"height\":200,\"caption\":\"Blog - Doctoome\"},\"image\":{\"@id\":\"https:\\\/\\\/www.doctoome.com\\\/blog\\\/#\\\/schema\\\/logo\\\/image\\\/\"},\"sameAs\":[\"https:\\\/\\\/www.facebook.com\\\/doctoome\\\/\",\"https:\\\/\\\/x.com\\\/Doctoome\",\"https:\\\/\\\/www.instagram.com\\\/doctoome_\\\/\",\"https:\\\/\\\/www.linkedin.com\\\/company\\\/doctoome\\\/\",\"https:\\\/\\\/www.youtube.com\\\/channel\\\/UCDbvPhELiZsPKeyNddFz6Qg\"]},{\"@type\":\"Person\",\"@id\":\"https:\\\/\\\/www.doctoome.com\\\/blog\\\/#\\\/schema\\\/person\\\/f033c1e709b7334a0c09d3f60136a2db\",\"name\":\"Chir\u00een Cola\",\"image\":{\"@type\":\"ImageObject\",\"inLanguage\":\"fr-FR\",\"@id\":\"https:\\\/\\\/secure.gravatar.com\\\/avatar\\\/170a650770564bf67694ed11f944632ea96fa115542aebfae87da2edfaa262ab?s=96&d=blank&r=g\",\"url\":\"https:\\\/\\\/secure.gravatar.com\\\/avatar\\\/170a650770564bf67694ed11f944632ea96fa115542aebfae87da2edfaa262ab?s=96&d=blank&r=g\",\"contentUrl\":\"https:\\\/\\\/secure.gravatar.com\\\/avatar\\\/170a650770564bf67694ed11f944632ea96fa115542aebfae87da2edfaa262ab?s=96&d=blank&r=g\",\"caption\":\"Chir\u00een Cola\"},\"description\":\"Chir\u00een Cola est \u00e9tudiante en pharmacie industrielle et passionn\u00e9e de sant\u00e9. Elle \u00e9crit sur de nombreux sujets de sant\u00e9.\",\"url\":\"https:\\\/\\\/www.doctoome.com\\\/blog\\\/author\\\/chirin-cola\\\/\"}]}<\/script>\n<!-- \/ Yoast SEO plugin. -->","yoast_head_json":{"title":"T\u00e9moignage de Aurore Brisset, patiente atteinte du cancer du sein | Blog - Doctoome","description":"\"\u00c7a ne peut pas \u00eatre un cancer, un cancer ne fait pas mal\". Aurore Brisset nous confie son t\u00e9moignage sur son cancer du sein et son parcours.","robots":{"index":"index","follow":"follow","max-snippet":"max-snippet:-1","max-image-preview":"max-image-preview:large","max-video-preview":"max-video-preview:-1"},"canonical":"https:\/\/www.doctoome.com\/blog\/temoignage-de-aurore-brisset-atteinte-du-cancer-du-sein\/","og_locale":"fr_FR","og_type":"article","og_title":"T\u00e9moignage de Aurore Brisset, patiente atteinte du cancer du sein | Blog - Doctoome","og_description":"\"\u00c7a ne peut pas \u00eatre un cancer, un cancer ne fait pas mal\". Aurore Brisset nous confie son t\u00e9moignage sur son cancer du sein et son parcours.","og_url":"https:\/\/www.doctoome.com\/blog\/temoignage-de-aurore-brisset-atteinte-du-cancer-du-sein\/","og_site_name":"Blog - Doctoome","article_publisher":"https:\/\/www.facebook.com\/doctoome\/","article_published_time":"2024-10-05T08:00:00+00:00","article_modified_time":"2025-04-18T06:55:17+00:00","og_image":[{"width":1313,"height":875,"url":"https:\/\/s3.eu-west-1.amazonaws.com\/dm.prod.raw\/2024\/12\/57.png","type":"image\/png"}],"author":"Chir\u00een Cola","twitter_card":"summary_large_image","twitter_creator":"@Doctoome","twitter_site":"@Doctoome","twitter_misc":{"\u00c9crit par":"Chir\u00een Cola","Dur\u00e9e de lecture estim\u00e9e":"9 minutes"},"schema":{"@context":"https:\/\/schema.org","@graph":[{"@type":"Article","@id":"https:\/\/www.doctoome.com\/blog\/temoignage-de-aurore-brisset-atteinte-du-cancer-du-sein\/#article","isPartOf":{"@id":"https:\/\/www.doctoome.com\/blog\/temoignage-de-aurore-brisset-atteinte-du-cancer-du-sein\/"},"author":{"name":"Chir\u00een Cola","@id":"https:\/\/www.doctoome.com\/blog\/#\/schema\/person\/f033c1e709b7334a0c09d3f60136a2db"},"headline":"T\u00e9moignage de Aurore Brisset, patiente atteinte du cancer du sein","datePublished":"2024-10-05T08:00:00+00:00","dateModified":"2025-04-18T06:55:17+00:00","mainEntityOfPage":{"@id":"https:\/\/www.doctoome.com\/blog\/temoignage-de-aurore-brisset-atteinte-du-cancer-du-sein\/"},"wordCount":1763,"commentCount":0,"publisher":{"@id":"https:\/\/www.doctoome.com\/blog\/#organization"},"image":{"@id":"https:\/\/www.doctoome.com\/blog\/temoignage-de-aurore-brisset-atteinte-du-cancer-du-sein\/#primaryimage"},"thumbnailUrl":"https:\/\/s3.eu-west-1.amazonaws.com\/dm.prod.raw\/2024\/12\/57.png","keywords":["Douleurs"],"articleSection":["Cancer","Sant\u00e9 f\u00e9minine et gyn\u00e9cologie","T\u00e9moignage"],"inLanguage":"fr-FR","potentialAction":[{"@type":"CommentAction","name":"Comment","target":["https:\/\/www.doctoome.com\/blog\/temoignage-de-aurore-brisset-atteinte-du-cancer-du-sein\/#respond"]}]},{"@type":"WebPage","@id":"https:\/\/www.doctoome.com\/blog\/temoignage-de-aurore-brisset-atteinte-du-cancer-du-sein\/","url":"https:\/\/www.doctoome.com\/blog\/temoignage-de-aurore-brisset-atteinte-du-cancer-du-sein\/","name":"T\u00e9moignage de Aurore Brisset, patiente atteinte du cancer du sein | Blog - Doctoome","isPartOf":{"@id":"https:\/\/www.doctoome.com\/blog\/#website"},"primaryImageOfPage":{"@id":"https:\/\/www.doctoome.com\/blog\/temoignage-de-aurore-brisset-atteinte-du-cancer-du-sein\/#primaryimage"},"image":{"@id":"https:\/\/www.doctoome.com\/blog\/temoignage-de-aurore-brisset-atteinte-du-cancer-du-sein\/#primaryimage"},"thumbnailUrl":"https:\/\/s3.eu-west-1.amazonaws.com\/dm.prod.raw\/2024\/12\/57.png","datePublished":"2024-10-05T08:00:00+00:00","dateModified":"2025-04-18T06:55:17+00:00","description":"\"\u00c7a ne peut pas \u00eatre un cancer, un cancer ne fait pas mal\". Aurore Brisset nous confie son t\u00e9moignage sur son cancer du sein et son parcours.","inLanguage":"fr-FR","potentialAction":[{"@type":"ReadAction","target":["https:\/\/www.doctoome.com\/blog\/temoignage-de-aurore-brisset-atteinte-du-cancer-du-sein\/"]}]},{"@type":"ImageObject","inLanguage":"fr-FR","@id":"https:\/\/www.doctoome.com\/blog\/temoignage-de-aurore-brisset-atteinte-du-cancer-du-sein\/#primaryimage","url":"https:\/\/s3.eu-west-1.amazonaws.com\/dm.prod.raw\/2024\/12\/57.png","contentUrl":"https:\/\/s3.eu-west-1.amazonaws.com\/dm.prod.raw\/2024\/12\/57.png","width":1313,"height":875,"caption":"t\u00e9moignage patient cancer du sein"},{"@type":"WebSite","@id":"https:\/\/www.doctoome.com\/blog\/#website","url":"https:\/\/www.doctoome.com\/blog\/","name":"Blog - Doctoome","description":"Toutes nos astuces sant\u00e9 et bien-\u00eatre","publisher":{"@id":"https:\/\/www.doctoome.com\/blog\/#organization"},"potentialAction":[{"@type":"SearchAction","target":{"@type":"EntryPoint","urlTemplate":"https:\/\/www.doctoome.com\/blog\/?s={search_term_string}"},"query-input":{"@type":"PropertyValueSpecification","valueRequired":true,"valueName":"search_term_string"}}],"inLanguage":"fr-FR"},{"@type":"Organization","@id":"https:\/\/www.doctoome.com\/blog\/#organization","name":"Blog - Doctoome","url":"https:\/\/www.doctoome.com\/blog\/","logo":{"@type":"ImageObject","inLanguage":"fr-FR","@id":"https:\/\/www.doctoome.com\/blog\/#\/schema\/logo\/image\/","url":"https:\/\/s3.eu-west-1.amazonaws.com\/dm.prod.raw\/2025\/07\/dQutxZuI-Media-1.png","contentUrl":"https:\/\/s3.eu-west-1.amazonaws.com\/dm.prod.raw\/2025\/07\/dQutxZuI-Media-1.png","width":450,"height":200,"caption":"Blog - Doctoome"},"image":{"@id":"https:\/\/www.doctoome.com\/blog\/#\/schema\/logo\/image\/"},"sameAs":["https:\/\/www.facebook.com\/doctoome\/","https:\/\/x.com\/Doctoome","https:\/\/www.instagram.com\/doctoome_\/","https:\/\/www.linkedin.com\/company\/doctoome\/","https:\/\/www.youtube.com\/channel\/UCDbvPhELiZsPKeyNddFz6Qg"]},{"@type":"Person","@id":"https:\/\/www.doctoome.com\/blog\/#\/schema\/person\/f033c1e709b7334a0c09d3f60136a2db","name":"Chir\u00een Cola","image":{"@type":"ImageObject","inLanguage":"fr-FR","@id":"https:\/\/secure.gravatar.com\/avatar\/170a650770564bf67694ed11f944632ea96fa115542aebfae87da2edfaa262ab?s=96&d=blank&r=g","url":"https:\/\/secure.gravatar.com\/avatar\/170a650770564bf67694ed11f944632ea96fa115542aebfae87da2edfaa262ab?s=96&d=blank&r=g","contentUrl":"https:\/\/secure.gravatar.com\/avatar\/170a650770564bf67694ed11f944632ea96fa115542aebfae87da2edfaa262ab?s=96&d=blank&r=g","caption":"Chir\u00een Cola"},"description":"Chir\u00een Cola est \u00e9tudiante en pharmacie industrielle et passionn\u00e9e de sant\u00e9. Elle \u00e9crit sur de nombreux sujets de sant\u00e9.","url":"https:\/\/www.doctoome.com\/blog\/author\/chirin-cola\/"}]}},"_links":{"self":[{"href":"https:\/\/www.doctoome.com\/blog\/wp-json\/wp\/v2\/posts\/15022","targetHints":{"allow":["GET"]}}],"collection":[{"href":"https:\/\/www.doctoome.com\/blog\/wp-json\/wp\/v2\/posts"}],"about":[{"href":"https:\/\/www.doctoome.com\/blog\/wp-json\/wp\/v2\/types\/post"}],"author":[{"embeddable":true,"href":"https:\/\/www.doctoome.com\/blog\/wp-json\/wp\/v2\/users\/129"}],"replies":[{"embeddable":true,"href":"https:\/\/www.doctoome.com\/blog\/wp-json\/wp\/v2\/comments?post=15022"}],"version-history":[{"count":0,"href":"https:\/\/www.doctoome.com\/blog\/wp-json\/wp\/v2\/posts\/15022\/revisions"}],"wp:featuredmedia":[{"embeddable":true,"href":"https:\/\/www.doctoome.com\/blog\/wp-json\/wp\/v2\/media\/15679"}],"wp:attachment":[{"href":"https:\/\/www.doctoome.com\/blog\/wp-json\/wp\/v2\/media?parent=15022"}],"wp:term":[{"taxonomy":"category","embeddable":true,"href":"https:\/\/www.doctoome.com\/blog\/wp-json\/wp\/v2\/categories?post=15022"},{"taxonomy":"post_tag","embeddable":true,"href":"https:\/\/www.doctoome.com\/blog\/wp-json\/wp\/v2\/tags?post=15022"}],"curies":[{"name":"wp","href":"https:\/\/api.w.org\/{rel}","templated":true}]}}