{"id":15237,"date":"2024-10-30T06:30:00","date_gmt":"2024-10-30T05:30:00","guid":{"rendered":"https:\/\/www.doctoome.com\/blog\/?p=15237"},"modified":"2025-04-18T08:55:16","modified_gmt":"2025-04-18T06:55:16","slug":"asthenie-ou-depression-comment-faire-la-difference","status":"publish","type":"post","link":"https:\/\/www.doctoome.com\/blog\/asthenie-ou-depression-comment-faire-la-difference\/","title":{"rendered":"Asth\u00e9nie ou d\u00e9pression : comment faire la diff\u00e9rence"},"content":{"rendered":"\n<p>Les <strong>sympt\u00f4mes d\u2019asth\u00e9nie<\/strong> et de <strong>d\u00e9pression<\/strong> pr\u00e9sentent des similitudes qui peuvent compliquer leur distinction, notamment en raison de la <strong>fatigue intense<\/strong> qu\u2019ils entra\u00eenent. Cependant, la nature et l&rsquo;origine de cette fatigue varient : l&rsquo;asth\u00e9nie est avant tout physique, tandis que la d\u00e9pression s&rsquo;accompagne d&rsquo;un \u00e9puisement plus global, incluant des dimensions \u00e9motionnelles et mentales. Apprendre \u00e0 diff\u00e9rencier ces deux \u00e9tats est essentiel pour orienter le diagnostic et adapter le traitement.<\/p>\n\n\n\n<h2 class=\"wp-block-heading\">L\u2019asth\u00e9nie : sympt\u00f4mes physiques et pr\u00e9valence chez les personnes atteintes de pathologies chroniques<\/h2>\n\n\n\n<p>L\u2019asth\u00e9nie se traduit par une fatigue persistante qui ne dispara\u00eet pas avec le repos. Elle touche particuli\u00e8rement les personnes atteintes de maladies chroniques, mais peut \u00e9galement survenir chez des individus en bonne sant\u00e9.<\/p>\n\n\n\n<ul class=\"wp-block-list\">\n<li><strong>Sympt\u00f4mes de l\u2019asth\u00e9nie<\/strong> : Les sympt\u00f4mes de l\u2019asth\u00e9nie se manifestent essentiellement par une baisse d\u2019\u00e9nergie physique. Les patients souffrent de lourdeur musculaire, de faiblesse g\u00e9n\u00e9ralis\u00e9e et de difficult\u00e9s \u00e0 effectuer des activit\u00e9s courantes, m\u00eame apr\u00e8s des p\u00e9riodes de repos. Par exemple, monter des escaliers ou accomplir des t\u00e2ches domestiques simples peuvent devenir p\u00e9nibles.<\/li>\n\n\n\n<li><strong>Pr\u00e9valence et causes fr\u00e9quentes<\/strong> : L\u2019asth\u00e9nie est un sympt\u00f4me courant dans des pathologies comme la fibromyalgie, le diab\u00e8te ou encore la scl\u00e9rose en plaques. Environ 80 % des personnes atteintes de fibromyalgie ressentent une asth\u00e9nie s\u00e9v\u00e8re. Dans le cas du cancer, notamment lors de traitements lourds comme la chimioth\u00e9rapie, plus de 60 % des patients rapportent une fatigue intense et persistante. En France, l\u2019asth\u00e9nie est \u00e9galement signal\u00e9e dans les cas de surmenage ou de stress prolong\u00e9.<\/li>\n<\/ul>\n\n\n\n<h2 class=\"wp-block-heading\">La d\u00e9pression : comprendre les sympt\u00f4mes \u00e9motionnels et l\u2019impact de la fatigue psychologique<\/h2>\n\n\n\n<p>La d\u00e9pression est un trouble psychologique qui affecte l&rsquo;humeur, les pens\u00e9es, et le comportement. Elle se manifeste \u00e9galement par une fatigue importante, mais celle-ci est avant tout li\u00e9e aux \u00e9motions et au mental, ce qui la distingue de l\u2019asth\u00e9nie purement physique.<\/p>\n\n\n\n<ul class=\"wp-block-list\">\n<li><strong>Sympt\u00f4mes sp\u00e9cifiques de la d\u00e9pression<\/strong> : La d\u00e9pression est caract\u00e9ris\u00e9e par une fatigue \u00e9motionnelle associ\u00e9e \u00e0 une tristesse profonde, une perte de motivation et de plaisir, ainsi qu&rsquo;un sentiment de d\u00e9sespoir. La fatigue d\u00e9pressive est souvent d\u00e9crite comme \u00e9crasante, touchant non seulement le corps, mais aussi l&rsquo;esprit, rendant chaque activit\u00e9 mentale ou physique difficile. Le sommeil est souvent perturb\u00e9, et m\u00eame apr\u00e8s une longue nuit, les personnes d\u00e9pressives ne ressentent pas de repos r\u00e9el.<\/li>\n\n\n\n<li><strong>Pr\u00e9valence et facteurs de risque<\/strong> : En France, la d\u00e9pression touche pr\u00e8s de 3 millions de personnes chaque ann\u00e9e, soit environ 7 % de la population. Les femmes sont plus susceptibles de souffrir de d\u00e9pression que les hommes, avec un risque accru lors de p\u00e9riodes de changement hormonal comme la m\u00e9nopause. Le stress chronique, les traumatismes et certaines pr\u00e9dispositions familiales augmentent \u00e9galement le risque de d\u00e9pression.<\/li>\n<\/ul>\n\n\n\n<hr class=\"wp-block-separator has-alpha-channel-opacity\"\/>\n\n\n\n<h2 class=\"wp-block-heading\">Comment distinguer les sympt\u00f4mes physiques de l\u2019asth\u00e9nie et les sympt\u00f4mes psychologiques de la d\u00e9pression ?<\/h2>\n\n\n\n<p>La distinction entre asth\u00e9nie et d\u00e9pression repose principalement sur la nature de la fatigue ressentie. Bien que les deux \u00e9tats puissent se manifester par une fatigue intense, l&rsquo;origine et les cons\u00e9quences de celle-ci sont diff\u00e9rentes.<\/p>\n\n\n\n<h3 class=\"wp-block-heading\">Identifier la fatigue physique de l\u2019asth\u00e9nie : le corps qui s\u2019\u00e9puise<\/h3>\n\n\n\n<ul class=\"wp-block-list\">\n<li><strong>Une fatigue centr\u00e9e sur les capacit\u00e9s physiques<\/strong> : La fatigue de l\u2019asth\u00e9nie est principalement physique. Les personnes concern\u00e9es ressentent une fatigue qui touche essentiellement le corps, et cette sensation de faiblesse s&rsquo;intensifie \u00e0 l&rsquo;effort. Par exemple, une simple t\u00e2che physique, comme porter des courses ou marcher sur une courte distance, peut rapidement devenir \u00e9prouvante. Le corps manque de vitalit\u00e9 et semble manquer d&rsquo;\u00e9nergie pour accomplir des t\u00e2ches quotidiennes.<\/li>\n\n\n\n<li><strong>Impact limit\u00e9 sur le moral<\/strong> : Les personnes souffrant d\u2019asth\u00e9nie peuvent \u00e9prouver de l\u2019irritabilit\u00e9 ou de l&rsquo;anxi\u00e9t\u00e9, mais elles ne ressentent g\u00e9n\u00e9ralement pas les sympt\u00f4mes \u00e9motionnels et mentaux caract\u00e9ristiques de la d\u00e9pression, tels que la tristesse profonde ou la perte d&rsquo;int\u00e9r\u00eat pour les activit\u00e9s.<\/li>\n<\/ul>\n\n\n\n<h3 class=\"wp-block-heading\">Reconna\u00eetre la fatigue psychologique dans la d\u00e9pression : esprit et corps affect\u00e9s<\/h3>\n\n\n\n<ul class=\"wp-block-list\">\n<li><strong>Une fatigue mentale li\u00e9e aux \u00e9motions<\/strong> : Dans la d\u00e9pression, la fatigue est souvent d\u00e9crite comme un <strong>\u00e9puisement psychique.<\/strong> Le cerveau semble engourdi, chaque t\u00e2che demande un effort mental consid\u00e9rable, et la concentration devient difficile. Cette sensation d\u2019\u00e9puisement touche tous les aspects de la vie, tant physiques qu\u2019\u00e9motionnels. La personne \u00e9prouve un d\u00e9sint\u00e9r\u00eat g\u00e9n\u00e9ral et peut m\u00eame rencontrer des difficult\u00e9s pour entamer des activit\u00e9s simples.<\/li>\n\n\n\n<li><strong>Sympt\u00f4mes \u00e9motionnels<\/strong> : La fatigue est souvent accompagn\u00e9e d&rsquo;une <strong>profonde tristesse<\/strong>, d&rsquo;un sentiment d&rsquo;inutilit\u00e9 et de d\u00e9sespoir. Ces sympt\u00f4mes peuvent s\u2019aggraver en l&rsquo;absence de soutien psychologique, et il est fr\u00e9quent que les personnes d\u00e9pressives ressentent une baisse de confiance en elles et des pens\u00e9es pessimistes concernant leur avenir.<\/li>\n<\/ul>\n\n\n\n<div class=\"wp-block-buttons is-content-justification-center is-layout-flex wp-container-core-buttons-is-layout-16018d1d wp-block-buttons-is-layout-flex\">\n<div class=\"wp-block-button\"><a class=\"wp-block-button__link wp-element-button\" href=\"https:\/\/www.doctoome.com\/s\/psychologue\" target=\"_blank\" rel=\"noreferrer noopener\">Consulter un psychologue autour de moi<\/a><\/div>\n<\/div>\n\n\n\n<hr class=\"wp-block-separator has-alpha-channel-opacity\"\/>\n\n\n\n<h2 class=\"wp-block-heading\">Consulter un professionnel de sant\u00e9 : \u00e9tapes du parcours de soins et traitements pour une fatigue persistante<\/h2>\n\n\n\n<p>Un diagnostic pr\u00e9cis est essentiel pour adapter le traitement \u00e0 l&rsquo;origine de la fatigue. Consulter un professionnel de sant\u00e9 permet de faire la diff\u00e9rence entre une fatigue d\u2019origine physique et une fatigue d\u2019origine psychologique.<\/p>\n\n\n\n<h3 class=\"wp-block-heading\">Le parcours de soins pour un diagnostic fiable de la fatigue<\/h3>\n\n\n\n<ul class=\"wp-block-list\">\n<li><strong>Premi\u00e8re consultation avec un m\u00e9decin g\u00e9n\u00e9raliste<\/strong> : La premi\u00e8re \u00e9tape est de consulter un m\u00e9decin g\u00e9n\u00e9raliste, surtout si la fatigue persiste depuis plusieurs semaines sans am\u00e9lioration. Le m\u00e9decin proc\u00e8de \u00e0 un bilan complet, en cherchant des signes d\u2019infection, de carence, ou de maladie chronique susceptibles d\u2019expliquer l\u2019asth\u00e9nie. Des analyses de sang et des examens physiques peuvent \u00eatre r\u00e9alis\u00e9s.<\/li>\n\n\n\n<li><strong>Orientation vers des sp\u00e9cialistes<\/strong> : Si le m\u00e9decin g\u00e9n\u00e9raliste identifie une composante psychologique dans la fatigue, il peut orienter le patient vers un psychologue ou un psychiatre qui diagnostiqueront la d\u00e9pression et \u00e9tabliront un plan de traitement adapt\u00e9.<\/li>\n<\/ul>\n\n\n\n<h3 class=\"wp-block-heading\">Traitements et suivi pour l\u2019asth\u00e9nie et la d\u00e9pression<\/h3>\n\n\n\n<ul class=\"wp-block-list\">\n<li><strong>Traitements de l\u2019asth\u00e9nie<\/strong> : Le traitement de l\u2019asth\u00e9nie repose sur la gestion de la cause sous-jacente. Par exemple, en cas de carence en fer, le m\u00e9decin pourra prescrire des compl\u00e9ments alimentaires, tandis qu\u2019un traitement de la maladie chronique sera adapt\u00e9 si l\u2019asth\u00e9nie est due \u00e0 une pathologie existante.<\/li>\n\n\n\n<li><strong>Traitements de la d\u00e9pression<\/strong> : La prise en charge de la d\u00e9pression repose souvent sur un traitement m\u00e9dicamenteux (antid\u00e9presseurs) combin\u00e9 \u00e0 une psychoth\u00e9rapie, comme la th\u00e9rapie comportementale et cognitive (TCC). Ces th\u00e9rapies permettent de modifier les sch\u00e9mas de pens\u00e9e n\u00e9gatifs et d\u2019am\u00e9liorer la qualit\u00e9 de vie du patient.<\/li>\n<\/ul>\n\n\n\n<hr class=\"wp-block-separator has-alpha-channel-opacity\"\/>\n\n\n\n<h2 class=\"wp-block-heading\">Questions fr\u00e9quentes pour mieux comprendre la diff\u00e9rence entre asth\u00e9nie et d\u00e9pression<\/h2>\n\n\n\n<h3 class=\"wp-block-heading\">Quels sont les signes distinctifs entre l\u2019asth\u00e9nie et la d\u00e9pression ?<\/h3>\n\n\n\n<p>L\u2019asth\u00e9nie est une fatigue d\u2019origine physique, souvent due \u00e0 une pathologie ou un manque de repos. La d\u00e9pression, quant \u00e0 elle, inclut une fatigue mentale et \u00e9motionnelle accompagn\u00e9e de tristesse et de perte d\u2019int\u00e9r\u00eat.<\/p>\n\n\n\n<h3 class=\"wp-block-heading\">Comment savoir si la fatigue est li\u00e9e \u00e0 une maladie physique ou psychologique ?<\/h3>\n\n\n\n<p>Un m\u00e9decin g\u00e9n\u00e9raliste peut aider \u00e0 faire le tri entre une fatigue d\u2019origine physique et une fatigue d\u2019origine psychologique. Il est conseill\u00e9 de consulter si la fatigue dure plusieurs semaines et impacte la qualit\u00e9 de vie.<\/p>\n\n\n\n<h3 class=\"wp-block-heading\">Peut-on souffrir d\u2019asth\u00e9nie et de d\u00e9pression en m\u00eame temps ?<\/h3>\n\n\n\n<p>Oui, il est possible de ressentir les deux simultan\u00e9ment. Les personnes atteintes de maladies chroniques peuvent \u00eatre affect\u00e9es par l\u2019asth\u00e9nie et d\u00e9velopper une d\u00e9pression, d\u2019o\u00f9 l\u2019importance d\u2019un suivi global.<\/p>\n\n\n\n<h3 class=\"wp-block-heading\">Quand consulter pour une fatigue persistante ?<\/h3>\n\n\n\n<p>Si la fatigue dure plus de deux semaines et  s\u2019accompagne de douleurs ou emp\u00eache de mener une vie normale,  une consultation m\u00e9dicale est recommand\u00e9e. Ne pas h\u00e9siter \u00e0 consulter m\u00eame si la cause semble incertaine.<\/p>\n\n\n\n<h3 class=\"wp-block-heading\">Comment traiter la fatigue li\u00e9e \u00e0 la d\u00e9pression ?<\/h3>\n\n\n\n<p>Les traitements incluent souvent des antid\u00e9presseurs, la th\u00e9rapie comportementale et cognitive, ainsi que des techniques de gestion du stress comme la relaxation ou la m\u00e9ditation.<\/p>\n\n\n\n<p><\/p>\n\n\n\n<p><\/p>\n\n\n\n<p><\/p>\n\n\n\n<p><strong>Autres articles qui pourraient vous int\u00e9resser :<\/strong><\/p>\n\n\n\n<ul class=\"wp-block-list\">\n<li>https:\/\/www.doctoome.com\/blog\/asthenie-quelles-sont-les-causes-comment-la-traiter\/<\/li>\n\n\n\n<li>https:\/\/www.doctoome.com\/blog\/fatigue-quels-sont-les-signes\/<\/li>\n\n\n\n<li>https:\/\/www.doctoome.com\/blog\/depression-saisonniere-labsence-du-soleil-influe-sur-votre-sante\/<\/li>\n\n\n\n<li>https:\/\/www.doctoome.com\/blog\/soigner-depression-therapeute\/<\/li>\n\n\n\n<li>https:\/\/www.doctoome.com\/blog\/soigner-depression-psychotherapie\/<\/li>\n\n\n\n<li>https:\/\/www.doctoome.com\/blog\/therapie-cognitive-et-comportementale-tcc-pour-la-depression\/<\/li>\n<\/ul>\n\n\n\n<p><\/p>\n","protected":false},"excerpt":{"rendered":"<p>Les sympt\u00f4mes d\u2019asth\u00e9nie et de d\u00e9pression pr\u00e9sentent des similitudes qui peuvent compliquer leur distinction, notamment en raison de la fatigue intense qu\u2019ils entra\u00eenent. Cependant, la nature et l&rsquo;origine de cette fatigue varient.<\/p>\n","protected":false},"author":129,"featured_media":15670,"comment_status":"open","ping_status":"closed","sticky":false,"template":"","format":"standard","meta":{"footnotes":""},"categories":[1861],"tags":[877],"class_list":["post-15237","post","type-post","status-publish","format-standard","has-post-thumbnail","hentry","category-sante-mentale","tag-psychologue"],"yoast_head":"<!-- This site is optimized with the Yoast SEO plugin v27.5 - https:\/\/yoast.com\/product\/yoast-seo-wordpress\/ -->\n<title>Asth\u00e9nie ou d\u00e9pression : comment faire la diff\u00e9rence | Blog - Doctoome<\/title>\n<meta name=\"description\" content=\"Fatigue persistante : asth\u00e9nie ou d\u00e9pression ? D\u00e9couvrez comment diff\u00e9rencier la fatigue physique de l&#039;asth\u00e9nie et la fatigue mentale de la d\u00e9pression.\" \/>\n<meta name=\"robots\" content=\"index, follow, max-snippet:-1, max-image-preview:large, max-video-preview:-1\" \/>\n<link rel=\"canonical\" href=\"https:\/\/www.doctoome.com\/blog\/asthenie-ou-depression-comment-faire-la-difference\/\" \/>\n<meta property=\"og:locale\" content=\"fr_FR\" \/>\n<meta property=\"og:type\" content=\"article\" \/>\n<meta property=\"og:title\" content=\"Asth\u00e9nie ou d\u00e9pression : comment faire la diff\u00e9rence | Blog - Doctoome\" \/>\n<meta property=\"og:description\" content=\"Fatigue persistante : asth\u00e9nie ou d\u00e9pression ? D\u00e9couvrez comment diff\u00e9rencier la fatigue physique de l&#039;asth\u00e9nie et la fatigue mentale de la d\u00e9pression.\" \/>\n<meta property=\"og:url\" content=\"https:\/\/www.doctoome.com\/blog\/asthenie-ou-depression-comment-faire-la-difference\/\" \/>\n<meta property=\"og:site_name\" content=\"Blog - Doctoome\" \/>\n<meta property=\"article:publisher\" content=\"https:\/\/www.facebook.com\/doctoome\/\" \/>\n<meta property=\"article:published_time\" content=\"2024-10-30T05:30:00+00:00\" \/>\n<meta property=\"article:modified_time\" content=\"2025-04-18T06:55:16+00:00\" \/>\n<meta property=\"og:image\" content=\"https:\/\/s3.eu-west-1.amazonaws.com\/dm.prod.raw\/2024\/12\/48.png\" \/>\n\t<meta property=\"og:image:width\" content=\"1313\" \/>\n\t<meta property=\"og:image:height\" content=\"875\" \/>\n\t<meta property=\"og:image:type\" content=\"image\/png\" \/>\n<meta name=\"author\" content=\"Chir\u00een Cola\" \/>\n<meta name=\"twitter:card\" content=\"summary_large_image\" \/>\n<meta name=\"twitter:creator\" content=\"@Doctoome\" \/>\n<meta name=\"twitter:site\" content=\"@Doctoome\" \/>\n<meta name=\"twitter:label1\" content=\"\u00c9crit par\" \/>\n\t<meta name=\"twitter:data1\" content=\"Chir\u00een Cola\" \/>\n\t<meta name=\"twitter:label2\" content=\"Dur\u00e9e de lecture estim\u00e9e\" \/>\n\t<meta name=\"twitter:data2\" content=\"7 minutes\" \/>\n<script type=\"application\/ld+json\" class=\"yoast-schema-graph\">{\"@context\":\"https:\\\/\\\/schema.org\",\"@graph\":[{\"@type\":\"Article\",\"@id\":\"https:\\\/\\\/www.doctoome.com\\\/blog\\\/asthenie-ou-depression-comment-faire-la-difference\\\/#article\",\"isPartOf\":{\"@id\":\"https:\\\/\\\/www.doctoome.com\\\/blog\\\/asthenie-ou-depression-comment-faire-la-difference\\\/\"},\"author\":{\"name\":\"Chir\u00een Cola\",\"@id\":\"https:\\\/\\\/www.doctoome.com\\\/blog\\\/#\\\/schema\\\/person\\\/f033c1e709b7334a0c09d3f60136a2db\"},\"headline\":\"Asth\u00e9nie ou d\u00e9pression : comment faire la diff\u00e9rence\",\"datePublished\":\"2024-10-30T05:30:00+00:00\",\"dateModified\":\"2025-04-18T06:55:16+00:00\",\"mainEntityOfPage\":{\"@id\":\"https:\\\/\\\/www.doctoome.com\\\/blog\\\/asthenie-ou-depression-comment-faire-la-difference\\\/\"},\"wordCount\":1483,\"commentCount\":0,\"publisher\":{\"@id\":\"https:\\\/\\\/www.doctoome.com\\\/blog\\\/#organization\"},\"image\":{\"@id\":\"https:\\\/\\\/www.doctoome.com\\\/blog\\\/asthenie-ou-depression-comment-faire-la-difference\\\/#primaryimage\"},\"thumbnailUrl\":\"https:\\\/\\\/s3.eu-west-1.amazonaws.com\\\/dm.prod.raw\\\/2024\\\/12\\\/48.png\",\"keywords\":[\"Psychologue\"],\"articleSection\":[\"Bien-\u00eatre et sant\u00e9 mentale\"],\"inLanguage\":\"fr-FR\",\"potentialAction\":[{\"@type\":\"CommentAction\",\"name\":\"Comment\",\"target\":[\"https:\\\/\\\/www.doctoome.com\\\/blog\\\/asthenie-ou-depression-comment-faire-la-difference\\\/#respond\"]}]},{\"@type\":\"WebPage\",\"@id\":\"https:\\\/\\\/www.doctoome.com\\\/blog\\\/asthenie-ou-depression-comment-faire-la-difference\\\/\",\"url\":\"https:\\\/\\\/www.doctoome.com\\\/blog\\\/asthenie-ou-depression-comment-faire-la-difference\\\/\",\"name\":\"Asth\u00e9nie ou d\u00e9pression : comment faire la diff\u00e9rence | Blog - Doctoome\",\"isPartOf\":{\"@id\":\"https:\\\/\\\/www.doctoome.com\\\/blog\\\/#website\"},\"primaryImageOfPage\":{\"@id\":\"https:\\\/\\\/www.doctoome.com\\\/blog\\\/asthenie-ou-depression-comment-faire-la-difference\\\/#primaryimage\"},\"image\":{\"@id\":\"https:\\\/\\\/www.doctoome.com\\\/blog\\\/asthenie-ou-depression-comment-faire-la-difference\\\/#primaryimage\"},\"thumbnailUrl\":\"https:\\\/\\\/s3.eu-west-1.amazonaws.com\\\/dm.prod.raw\\\/2024\\\/12\\\/48.png\",\"datePublished\":\"2024-10-30T05:30:00+00:00\",\"dateModified\":\"2025-04-18T06:55:16+00:00\",\"description\":\"Fatigue persistante : asth\u00e9nie ou d\u00e9pression ? D\u00e9couvrez comment diff\u00e9rencier la fatigue physique de l'asth\u00e9nie et la fatigue mentale de la d\u00e9pression.\",\"inLanguage\":\"fr-FR\",\"potentialAction\":[{\"@type\":\"ReadAction\",\"target\":[\"https:\\\/\\\/www.doctoome.com\\\/blog\\\/asthenie-ou-depression-comment-faire-la-difference\\\/\"]}]},{\"@type\":\"ImageObject\",\"inLanguage\":\"fr-FR\",\"@id\":\"https:\\\/\\\/www.doctoome.com\\\/blog\\\/asthenie-ou-depression-comment-faire-la-difference\\\/#primaryimage\",\"url\":\"https:\\\/\\\/s3.eu-west-1.amazonaws.com\\\/dm.prod.raw\\\/2024\\\/12\\\/48.png\",\"contentUrl\":\"https:\\\/\\\/s3.eu-west-1.amazonaws.com\\\/dm.prod.raw\\\/2024\\\/12\\\/48.png\",\"width\":1313,\"height\":875,\"caption\":\"Asth\u00e9nie ou d\u00e9pression\"},{\"@type\":\"WebSite\",\"@id\":\"https:\\\/\\\/www.doctoome.com\\\/blog\\\/#website\",\"url\":\"https:\\\/\\\/www.doctoome.com\\\/blog\\\/\",\"name\":\"Blog - Doctoome\",\"description\":\"Toutes nos astuces sant\u00e9 et bien-\u00eatre\",\"publisher\":{\"@id\":\"https:\\\/\\\/www.doctoome.com\\\/blog\\\/#organization\"},\"potentialAction\":[{\"@type\":\"SearchAction\",\"target\":{\"@type\":\"EntryPoint\",\"urlTemplate\":\"https:\\\/\\\/www.doctoome.com\\\/blog\\\/?s={search_term_string}\"},\"query-input\":{\"@type\":\"PropertyValueSpecification\",\"valueRequired\":true,\"valueName\":\"search_term_string\"}}],\"inLanguage\":\"fr-FR\"},{\"@type\":\"Organization\",\"@id\":\"https:\\\/\\\/www.doctoome.com\\\/blog\\\/#organization\",\"name\":\"Blog - Doctoome\",\"url\":\"https:\\\/\\\/www.doctoome.com\\\/blog\\\/\",\"logo\":{\"@type\":\"ImageObject\",\"inLanguage\":\"fr-FR\",\"@id\":\"https:\\\/\\\/www.doctoome.com\\\/blog\\\/#\\\/schema\\\/logo\\\/image\\\/\",\"url\":\"https:\\\/\\\/s3.eu-west-1.amazonaws.com\\\/dm.prod.raw\\\/2025\\\/07\\\/dQutxZuI-Media-1.png\",\"contentUrl\":\"https:\\\/\\\/s3.eu-west-1.amazonaws.com\\\/dm.prod.raw\\\/2025\\\/07\\\/dQutxZuI-Media-1.png\",\"width\":450,\"height\":200,\"caption\":\"Blog - Doctoome\"},\"image\":{\"@id\":\"https:\\\/\\\/www.doctoome.com\\\/blog\\\/#\\\/schema\\\/logo\\\/image\\\/\"},\"sameAs\":[\"https:\\\/\\\/www.facebook.com\\\/doctoome\\\/\",\"https:\\\/\\\/x.com\\\/Doctoome\",\"https:\\\/\\\/www.instagram.com\\\/doctoome_\\\/\",\"https:\\\/\\\/www.linkedin.com\\\/company\\\/doctoome\\\/\",\"https:\\\/\\\/www.youtube.com\\\/channel\\\/UCDbvPhELiZsPKeyNddFz6Qg\"]},{\"@type\":\"Person\",\"@id\":\"https:\\\/\\\/www.doctoome.com\\\/blog\\\/#\\\/schema\\\/person\\\/f033c1e709b7334a0c09d3f60136a2db\",\"name\":\"Chir\u00een Cola\",\"image\":{\"@type\":\"ImageObject\",\"inLanguage\":\"fr-FR\",\"@id\":\"https:\\\/\\\/secure.gravatar.com\\\/avatar\\\/170a650770564bf67694ed11f944632ea96fa115542aebfae87da2edfaa262ab?s=96&d=blank&r=g\",\"url\":\"https:\\\/\\\/secure.gravatar.com\\\/avatar\\\/170a650770564bf67694ed11f944632ea96fa115542aebfae87da2edfaa262ab?s=96&d=blank&r=g\",\"contentUrl\":\"https:\\\/\\\/secure.gravatar.com\\\/avatar\\\/170a650770564bf67694ed11f944632ea96fa115542aebfae87da2edfaa262ab?s=96&d=blank&r=g\",\"caption\":\"Chir\u00een Cola\"},\"description\":\"Chir\u00een Cola est \u00e9tudiante en pharmacie industrielle et passionn\u00e9e de sant\u00e9. Elle \u00e9crit sur de nombreux sujets de sant\u00e9.\",\"url\":\"https:\\\/\\\/www.doctoome.com\\\/blog\\\/author\\\/chirin-cola\\\/\"}]}<\/script>\n<!-- \/ Yoast SEO plugin. -->","yoast_head_json":{"title":"Asth\u00e9nie ou d\u00e9pression : comment faire la diff\u00e9rence | Blog - Doctoome","description":"Fatigue persistante : asth\u00e9nie ou d\u00e9pression ? D\u00e9couvrez comment diff\u00e9rencier la fatigue physique de l'asth\u00e9nie et la fatigue mentale de la d\u00e9pression.","robots":{"index":"index","follow":"follow","max-snippet":"max-snippet:-1","max-image-preview":"max-image-preview:large","max-video-preview":"max-video-preview:-1"},"canonical":"https:\/\/www.doctoome.com\/blog\/asthenie-ou-depression-comment-faire-la-difference\/","og_locale":"fr_FR","og_type":"article","og_title":"Asth\u00e9nie ou d\u00e9pression : comment faire la diff\u00e9rence | Blog - Doctoome","og_description":"Fatigue persistante : asth\u00e9nie ou d\u00e9pression ? D\u00e9couvrez comment diff\u00e9rencier la fatigue physique de l'asth\u00e9nie et la fatigue mentale de la d\u00e9pression.","og_url":"https:\/\/www.doctoome.com\/blog\/asthenie-ou-depression-comment-faire-la-difference\/","og_site_name":"Blog - Doctoome","article_publisher":"https:\/\/www.facebook.com\/doctoome\/","article_published_time":"2024-10-30T05:30:00+00:00","article_modified_time":"2025-04-18T06:55:16+00:00","og_image":[{"width":1313,"height":875,"url":"https:\/\/s3.eu-west-1.amazonaws.com\/dm.prod.raw\/2024\/12\/48.png","type":"image\/png"}],"author":"Chir\u00een Cola","twitter_card":"summary_large_image","twitter_creator":"@Doctoome","twitter_site":"@Doctoome","twitter_misc":{"\u00c9crit par":"Chir\u00een Cola","Dur\u00e9e de lecture estim\u00e9e":"7 minutes"},"schema":{"@context":"https:\/\/schema.org","@graph":[{"@type":"Article","@id":"https:\/\/www.doctoome.com\/blog\/asthenie-ou-depression-comment-faire-la-difference\/#article","isPartOf":{"@id":"https:\/\/www.doctoome.com\/blog\/asthenie-ou-depression-comment-faire-la-difference\/"},"author":{"name":"Chir\u00een Cola","@id":"https:\/\/www.doctoome.com\/blog\/#\/schema\/person\/f033c1e709b7334a0c09d3f60136a2db"},"headline":"Asth\u00e9nie ou d\u00e9pression : comment faire la diff\u00e9rence","datePublished":"2024-10-30T05:30:00+00:00","dateModified":"2025-04-18T06:55:16+00:00","mainEntityOfPage":{"@id":"https:\/\/www.doctoome.com\/blog\/asthenie-ou-depression-comment-faire-la-difference\/"},"wordCount":1483,"commentCount":0,"publisher":{"@id":"https:\/\/www.doctoome.com\/blog\/#organization"},"image":{"@id":"https:\/\/www.doctoome.com\/blog\/asthenie-ou-depression-comment-faire-la-difference\/#primaryimage"},"thumbnailUrl":"https:\/\/s3.eu-west-1.amazonaws.com\/dm.prod.raw\/2024\/12\/48.png","keywords":["Psychologue"],"articleSection":["Bien-\u00eatre et sant\u00e9 mentale"],"inLanguage":"fr-FR","potentialAction":[{"@type":"CommentAction","name":"Comment","target":["https:\/\/www.doctoome.com\/blog\/asthenie-ou-depression-comment-faire-la-difference\/#respond"]}]},{"@type":"WebPage","@id":"https:\/\/www.doctoome.com\/blog\/asthenie-ou-depression-comment-faire-la-difference\/","url":"https:\/\/www.doctoome.com\/blog\/asthenie-ou-depression-comment-faire-la-difference\/","name":"Asth\u00e9nie ou d\u00e9pression : comment faire la diff\u00e9rence | Blog - Doctoome","isPartOf":{"@id":"https:\/\/www.doctoome.com\/blog\/#website"},"primaryImageOfPage":{"@id":"https:\/\/www.doctoome.com\/blog\/asthenie-ou-depression-comment-faire-la-difference\/#primaryimage"},"image":{"@id":"https:\/\/www.doctoome.com\/blog\/asthenie-ou-depression-comment-faire-la-difference\/#primaryimage"},"thumbnailUrl":"https:\/\/s3.eu-west-1.amazonaws.com\/dm.prod.raw\/2024\/12\/48.png","datePublished":"2024-10-30T05:30:00+00:00","dateModified":"2025-04-18T06:55:16+00:00","description":"Fatigue persistante : asth\u00e9nie ou d\u00e9pression ? D\u00e9couvrez comment diff\u00e9rencier la fatigue physique de l'asth\u00e9nie et la fatigue mentale de la d\u00e9pression.","inLanguage":"fr-FR","potentialAction":[{"@type":"ReadAction","target":["https:\/\/www.doctoome.com\/blog\/asthenie-ou-depression-comment-faire-la-difference\/"]}]},{"@type":"ImageObject","inLanguage":"fr-FR","@id":"https:\/\/www.doctoome.com\/blog\/asthenie-ou-depression-comment-faire-la-difference\/#primaryimage","url":"https:\/\/s3.eu-west-1.amazonaws.com\/dm.prod.raw\/2024\/12\/48.png","contentUrl":"https:\/\/s3.eu-west-1.amazonaws.com\/dm.prod.raw\/2024\/12\/48.png","width":1313,"height":875,"caption":"Asth\u00e9nie ou d\u00e9pression"},{"@type":"WebSite","@id":"https:\/\/www.doctoome.com\/blog\/#website","url":"https:\/\/www.doctoome.com\/blog\/","name":"Blog - Doctoome","description":"Toutes nos astuces sant\u00e9 et bien-\u00eatre","publisher":{"@id":"https:\/\/www.doctoome.com\/blog\/#organization"},"potentialAction":[{"@type":"SearchAction","target":{"@type":"EntryPoint","urlTemplate":"https:\/\/www.doctoome.com\/blog\/?s={search_term_string}"},"query-input":{"@type":"PropertyValueSpecification","valueRequired":true,"valueName":"search_term_string"}}],"inLanguage":"fr-FR"},{"@type":"Organization","@id":"https:\/\/www.doctoome.com\/blog\/#organization","name":"Blog - Doctoome","url":"https:\/\/www.doctoome.com\/blog\/","logo":{"@type":"ImageObject","inLanguage":"fr-FR","@id":"https:\/\/www.doctoome.com\/blog\/#\/schema\/logo\/image\/","url":"https:\/\/s3.eu-west-1.amazonaws.com\/dm.prod.raw\/2025\/07\/dQutxZuI-Media-1.png","contentUrl":"https:\/\/s3.eu-west-1.amazonaws.com\/dm.prod.raw\/2025\/07\/dQutxZuI-Media-1.png","width":450,"height":200,"caption":"Blog - Doctoome"},"image":{"@id":"https:\/\/www.doctoome.com\/blog\/#\/schema\/logo\/image\/"},"sameAs":["https:\/\/www.facebook.com\/doctoome\/","https:\/\/x.com\/Doctoome","https:\/\/www.instagram.com\/doctoome_\/","https:\/\/www.linkedin.com\/company\/doctoome\/","https:\/\/www.youtube.com\/channel\/UCDbvPhELiZsPKeyNddFz6Qg"]},{"@type":"Person","@id":"https:\/\/www.doctoome.com\/blog\/#\/schema\/person\/f033c1e709b7334a0c09d3f60136a2db","name":"Chir\u00een Cola","image":{"@type":"ImageObject","inLanguage":"fr-FR","@id":"https:\/\/secure.gravatar.com\/avatar\/170a650770564bf67694ed11f944632ea96fa115542aebfae87da2edfaa262ab?s=96&d=blank&r=g","url":"https:\/\/secure.gravatar.com\/avatar\/170a650770564bf67694ed11f944632ea96fa115542aebfae87da2edfaa262ab?s=96&d=blank&r=g","contentUrl":"https:\/\/secure.gravatar.com\/avatar\/170a650770564bf67694ed11f944632ea96fa115542aebfae87da2edfaa262ab?s=96&d=blank&r=g","caption":"Chir\u00een Cola"},"description":"Chir\u00een Cola est \u00e9tudiante en pharmacie industrielle et passionn\u00e9e de sant\u00e9. Elle \u00e9crit sur de nombreux sujets de sant\u00e9.","url":"https:\/\/www.doctoome.com\/blog\/author\/chirin-cola\/"}]}},"_links":{"self":[{"href":"https:\/\/www.doctoome.com\/blog\/wp-json\/wp\/v2\/posts\/15237","targetHints":{"allow":["GET"]}}],"collection":[{"href":"https:\/\/www.doctoome.com\/blog\/wp-json\/wp\/v2\/posts"}],"about":[{"href":"https:\/\/www.doctoome.com\/blog\/wp-json\/wp\/v2\/types\/post"}],"author":[{"embeddable":true,"href":"https:\/\/www.doctoome.com\/blog\/wp-json\/wp\/v2\/users\/129"}],"replies":[{"embeddable":true,"href":"https:\/\/www.doctoome.com\/blog\/wp-json\/wp\/v2\/comments?post=15237"}],"version-history":[{"count":0,"href":"https:\/\/www.doctoome.com\/blog\/wp-json\/wp\/v2\/posts\/15237\/revisions"}],"wp:featuredmedia":[{"embeddable":true,"href":"https:\/\/www.doctoome.com\/blog\/wp-json\/wp\/v2\/media\/15670"}],"wp:attachment":[{"href":"https:\/\/www.doctoome.com\/blog\/wp-json\/wp\/v2\/media?parent=15237"}],"wp:term":[{"taxonomy":"category","embeddable":true,"href":"https:\/\/www.doctoome.com\/blog\/wp-json\/wp\/v2\/categories?post=15237"},{"taxonomy":"post_tag","embeddable":true,"href":"https:\/\/www.doctoome.com\/blog\/wp-json\/wp\/v2\/tags?post=15237"}],"curies":[{"name":"wp","href":"https:\/\/api.w.org\/{rel}","templated":true}]}}