{"id":17059,"date":"2025-06-10T06:30:00","date_gmt":"2025-06-10T04:30:00","guid":{"rendered":"https:\/\/www.doctoome.com\/blog\/?p=17059"},"modified":"2025-07-17T14:40:44","modified_gmt":"2025-07-17T12:40:44","slug":"association-lupus-france-temoignage-de-manon-deleguee-savoie","status":"publish","type":"post","link":"https:\/\/www.doctoome.com\/blog\/association-lupus-france-temoignage-de-manon-deleguee-savoie\/","title":{"rendered":"Association LUPUS FRANCE : t\u00e9moignage de Manon, D\u00e9l\u00e9gu\u00e9e Savoie"},"content":{"rendered":"<div class=\"wp-block-image\">\n<figure class=\"aligncenter size-large is-resized\"><img decoding=\"async\" width=\"868\" height=\"1024\" data-src=\"https:\/\/s3.eu-west-1.amazonaws.com\/dm.prod.raw\/2025\/05\/iQb4OHt6-Capture-decran-2025-05-29-a-17.51.52-868x1024.png\" alt=\"\" class=\"wp-image-17064 lazyload\" style=\"--smush-placeholder-width: 868px; --smush-placeholder-aspect-ratio: 868\/1024;width:242px;height:auto\" data-srcset=\"https:\/\/s3.eu-west-1.amazonaws.com\/dm.prod.raw\/2025\/05\/iQb4OHt6-Capture-decran-2025-05-29-a-17.51.52-254x300.png 254w, https:\/\/s3.eu-west-1.amazonaws.com\/dm.prod.raw\/2025\/05\/iQb4OHt6-Capture-decran-2025-05-29-a-17.51.52-868x1024.png 868w, https:\/\/s3.eu-west-1.amazonaws.com\/dm.prod.raw\/2025\/05\/iQb4OHt6-Capture-decran-2025-05-29-a-17.51.52-768x906.png 768w, https:\/\/s3.eu-west-1.amazonaws.com\/dm.prod.raw\/2025\/05\/iQb4OHt6-Capture-decran-2025-05-29-a-17.51.52.png 1024w\" data-sizes=\"(max-width: 868px) 100vw, 868px\" src=\"data:image\/svg+xml;base64,PHN2ZyB3aWR0aD0iMSIgaGVpZ2h0PSIxIiB4bWxucz0iaHR0cDovL3d3dy53My5vcmcvMjAwMC9zdmciPjwvc3ZnPg==\" \/><\/figure>\n<\/div>\n\n\n<blockquote class=\"wp-block-quote is-layout-flow wp-block-quote-is-layout-flow\">\n<p>Il est tout de m\u00eame \u00e9trange que le mot affection signifie aussi bien attachement, amiti\u00e9 et tendresse que maladie grave, aigu\u00eb ou chronique.<\/p>\n<\/blockquote>\n\n\n\n<h2 class=\"wp-block-heading has-text-color has-link-color wp-elements-95ce22f2e528fe8b9033f864caf86ebf\" style=\"color:#0097a7\"><strong>Depuis quand vivez-vous avec le lupus et comment s\u2019est d\u00e9roul\u00e9 le diagnostic au moment o\u00f9 les choses ont vraiment commenc\u00e9 \u00e0 s\u2019aggraver ?<\/strong><\/h2>\n\n\n\n<p>Je vis avec le lupus depuis mon adolescence, mais la maladie n\u2019a \u00e9t\u00e9 officiellement diagnostiqu\u00e9e qu\u2019en mai 2020. C\u2019\u00e9tait au tout d\u00e9but de la pand\u00e9mie de Covid-19. \u00c0 ce moment-l\u00e0, je prenais soin d\u2019une personne \u00e2g\u00e9e et encha\u00eenais de tr\u00e8s longues heures de travail, ce qui a sans doute contribu\u00e9 \u00e0 aggraver les sympt\u00f4mes. <\/p>\n\n\n\n<p>Les premiers signes sont apparus sous forme de plaques cutan\u00e9es : d\u2019abord un <strong>\u00ab\u00a0masque de loup\u00a0\u00bb<\/strong> sur le visage, puis sur les bras, les jambes, et finalement sur tout le corps. Inqui\u00e8te, j\u2019ai consult\u00e9 une dermatologue, qui m\u2019a prescrit un bilan sanguin. Les r\u00e9sultats l\u2019ont amen\u00e9e \u00e0 me recommander de consulter rapidement mon m\u00e9decin traitant pour des examens plus approfondis. Une fois tous les r\u00e9sultats r\u00e9unis, mon m\u00e9decin a imm\u00e9diatement contact\u00e9 l\u2019h\u00f4pital de secteur pour une prise en charge en urgence, car je faisais une forte pouss\u00e9e de lupus.<\/p>\n\n\n\n<blockquote class=\"wp-block-quote is-layout-flow wp-block-quote-is-layout-flow\">\n<h2 class=\"wp-block-heading has-text-color has-link-color wp-elements-95ce22f2e528fe8b9033f864caf86ebf\" style=\"color:#0097a7\"><strong>Depuis quand vivez-vous avec le lupus et comment s\u2019est d\u00e9roul\u00e9 le diagnostic au moment o\u00f9 les choses ont vraiment commenc\u00e9 \u00e0 s\u2019aggraver ?<\/strong><\/h2>\n<\/blockquote>\n\n\n\n<p>Les premiers sympt\u00f4mes qui m\u2019ont alert\u00e9e \u00e9taient l\u2019apparition de <strong>plaques sur la peau<\/strong>. Elles revenaient chaque ann\u00e9e, et on me traitait syst\u00e9matiquement pour une lucite estivale, une r\u00e9action allergique au soleil. Ensuite, sont apparues des douleurs articulaires, que l\u2019on a attribu\u00e9es \u00e0 la fatigue. Puis est venue une chute de cheveux importante. \u00c0 l\u2019\u00e9poque, je venais de changer de moyen de contraception, et ce sympt\u00f4me a \u00e9t\u00e9 mis sur le compte de ce changement hormonal.<\/p>\n\n\n\n<p>Depuis mon adolescence, je souffrais \u00e9galement d\u2019infections urinaires \u00e0 r\u00e9p\u00e9tition. Mais jusque-l\u00e0, aucun m\u00e9decin n\u2019avait reli\u00e9 tous ces sympt\u00f4mes entre eux. Je n\u2019avais jamais pr\u00e9sent\u00e9 tous ces signes en m\u00eame temps, ce qui a sans doute retard\u00e9 le diagnostic.<\/p>\n\n\n\n<h2 class=\"wp-block-heading has-text-color has-link-color wp-elements-450a8dd08ffce096989d715a7a1c88ba\" style=\"color:#0097a7\"><strong><strong>Comment avez-vous v\u00e9cu cette premi\u00e8re pouss\u00e9e importante du lupus ? Qu\u2019est-ce qui vous a le plus marqu\u00e9e \u00e0 ce moment-l\u00e0 ?<\/strong><\/strong><\/h2>\n\n\n\n<p>Je ne comprenais pas ce qui m\u2019arrivait. Mon corps \u00e9tait couvert de plaques qui me br\u00fblaient, au point que je ne me reconnaissais plus dans le miroir. Je me sentais d\u00e9figur\u00e9e. Et puis, il y a eu la perte de cheveux\u2026 C\u2019est ce que j\u2019ai eu le plus de mal \u00e0 accepter.<\/p>\n\n\n\n<p>Ce qui a \u00e9t\u00e9 le plus difficile, c\u2019est l\u2019incompr\u00e9hension, tant que le diagnostic n\u2019\u00e9tait pas pos\u00e9. On se sent perdue, on doute m\u00eame de soi. Et puis un jour, le diagnostic tombe. D\u2019un c\u00f4t\u00e9, c\u2019est un soulagement : on se dit enfin <em>\u201cje ne suis pas folle, il y a vraiment quelque chose\u201d<\/em>. Mais tr\u00e8s vite, surgissent toutes les questions, les peurs, les incertitudes li\u00e9es \u00e0 cette maladie qu\u2019on d\u00e9couvre \u00e0 peine.<\/p>\n\n\n\n<h2 class=\"wp-block-heading has-text-color has-link-color wp-elements-432c93e7b811ab8227d0443408e220ae\" style=\"color:#0097a7\"><strong><strong><strong>Comment la maladie affecte-t-elle votre quotidien aujourd\u2019hui, aussi bien sur le plan physique que moral ?<\/strong><\/strong><\/strong><\/h2>\n\n\n\n<p>Lorsque le lupus est en pouss\u00e9e, le quotidien devient extr\u00eamement difficile. La fatigue et les douleurs prennent le dessus sur tout. Des gestes simples et banals, comme prendre une douche, peuvent devenir de v\u00e9ritables \u00e9preuves. Chaque effort demande une \u00e9nergie que l\u2019on n\u2019a plus, et, in\u00e9vitablement, le moral en souffre. On a l\u2019impression de ne plus \u00eatre capable de grand-chose.<\/p>\n\n\n\n<p>Quand la maladie est stable, elle p\u00e8se moins lourd sur mon quotidien. M\u00eame si des \u00e9pisodes de grande fatigue ou de douleurs intenses peuvent survenir, ils sont plus ponctuels. Avec le temps, malheureusement, on apprend \u00e0 vivre avec\u2026 on s\u2019habitue, malgr\u00e9 tout.<\/p>\n\n\n\n<h2 class=\"wp-block-heading has-text-color has-link-color wp-elements-8b5fb319cd562c9b839578a1471ebced\" style=\"color:#0097a7\"><strong>Vous avez eu une grossesse alors que votre lupus \u00e9tait stabilis\u00e9. Comment avez-vous g\u00e9r\u00e9 cette p\u00e9riode ? Et comment s\u2019est pass\u00e9e la coordination avec les m\u00e9decins ?<\/strong><\/h2>\n\n\n\n<p>Ma grossesse s\u2019est globalement tr\u00e8s bien d\u00e9roul\u00e9e, et j\u2019ai b\u00e9n\u00e9fici\u00e9 d\u2019un suivi m\u00e9dical de qualit\u00e9 tout au long de cette p\u00e9riode.<\/p>\n\n\n\n<p>Le suivi a commenc\u00e9 \u00e0 la maternit\u00e9 avec une <strong><a href=\"https:\/\/www.doctoome.com\/s\/gynecologue-obstetricien\" target=\"_blank\" rel=\"noreferrer noopener\">gyn\u00e9cologue-obst\u00e9tricienne <\/a><\/strong>que je voyais chaque mois. Elle travaillait en lien \u00e9troit avec ma m\u00e9decin interne, ce qui permettait une prise en charge coordonn\u00e9e. En fin de grossesse, une sage-femme a \u00e9galement \u00e9t\u00e9 mise en place \u00e0 domicile, deux fois par semaine, pour un suivi encore plus r\u00e9gulier.<\/p>\n\n\n\n<p>Mon m\u00e9decin traitant \u00e9tait lui aussi impliqu\u00e9 dans le suivi, ce qui a permis de maintenir une continuit\u00e9 dans l\u2019accompagnement.<\/p>\n\n\n\n<h2 class=\"wp-block-heading has-text-color has-link-color wp-elements-ffd7b3628781e9d9d0da18b2043f3fbc\" style=\"color:#0097a7\"><strong>L\u2019accouchement a \u00e9t\u00e9 un moment tr\u00e8s difficile. Pouvez-vous nous raconter ce qui s&rsquo;est pass\u00e9 ?&nbsp;<\/strong><\/h2>\n\n\n\n<p>On m\u2019avait inform\u00e9e qu\u2019en cas de lupus, un accouchement par c\u00e9sarienne pouvait s\u2019av\u00e9rer plus d\u00e9licat, avec un risque accru de complications. Malheureusement, apr\u00e8s trois jours de tentatives de d\u00e9clenchement, mon b\u00e9b\u00e9 ne voulait toujours pas na\u00eetre par voie naturelle. J\u2019ai donc d\u00fb subir une c\u00e9sarienne.<\/p>\n\n\n\n<p>Malheureusement, l\u2019accouchement ne s\u2019est pas d\u00e9roul\u00e9 comme pr\u00e9vu : j\u2019ai fait une <strong>atonie ut\u00e9rine<\/strong>, c\u2019est-\u00e0-dire que mon ut\u00e9rus ne se contractait plus, ce qui a entra\u00een\u00e9 une h\u00e9morragie importante. Un mois apr\u00e8s l\u2019accouchement, j\u2019ai \u00e9galement d\u00e9velopp\u00e9 une thrombose accompagn\u00e9e d\u2019une embolie pulmonaire. Les m\u00e9decins m\u2019ont expliqu\u00e9 que ce type de complication est l\u2019un des principaux risques associ\u00e9s \u00e0 la c\u00e9sarienne, et que dans mon cas, le lupus avait sans doute jou\u00e9 un r\u00f4le aggravant. Cette maladie a la particularit\u00e9 de s\u2019attaquer aux zones du corps d\u00e9j\u00e0 fragilis\u00e9es, et c\u2019est exactement ce qui s\u2019est pass\u00e9.<\/p>\n\n\n\n<h2 class=\"wp-block-heading has-text-color has-link-color wp-elements-d4f432bd87b01b78400d1db1edf18c13\" style=\"color:#0097a7\"><strong>Apr\u00e8s ces complications post-accouchement, comment avez-vous r\u00e9ussi \u00e0 remonter la pente, physiquement et \u00e9motionnellement ?<\/strong><\/h2>\n\n\n\n<p>Dans un premier temps, c\u2019est comme si mon cerveau avait mis un voile sur tout ce que j\u2019avais v\u00e9cu. J\u2019\u00e9tais focalis\u00e9e sur mon b\u00e9b\u00e9, sur le fait d\u2019avancer pour lui, co\u00fbte que co\u00fbte. Physiquement, \u00e7a a \u00e9t\u00e9 tr\u00e8s difficile. Ma jambe, touch\u00e9e par la thrombose, me faisait atrocement souffrir, et me d\u00e9placer \u00e9tait devenu un v\u00e9ritable combat.<\/p>\n\n\n\n<p>Puis, \u00e0 l\u2019approche du premier anniversaire de mon fils, tout m\u2019est revenu d\u2019un seul coup, comme une vague. C\u2019\u00e9tait comme si je r\u00e9alisais enfin tout ce que j\u2019avais travers\u00e9. J\u2019ai alors ressenti le besoin de parler. J\u2019ai beaucoup \u00e9chang\u00e9 avec mes proches, avec les m\u00e9decins, et j\u2019ai d\u00e9cid\u00e9 de consulter une psychologue. Cela m\u2019a permis de commencer \u00e0 poser des mots sur ce que j\u2019avais enfoui jusque-l\u00e0.&nbsp;<\/p>\n\n\n\n<h2 class=\"wp-block-heading has-text-color has-link-color wp-elements-2b547887f2299790af92e6bdfb1fff4f\" style=\"color:#0097a7\"><strong>Depuis que vous avez commenc\u00e9 l\u2019immunoth\u00e9rapie, sentez-vous une vraie am\u00e9lioration ? Quels changements cela a-t-il apport\u00e9 dans votre vie ?<\/strong><\/h2>\n\n\n\n<p>Au d\u00e9but, l\u2019annonce d\u2019un nouveau traitement fait toujours un peu peur. On se pose mille questions, on redoute les effets secondaires, l\u2019inconnu\u2026 J\u2019ai commenc\u00e9 ce traitement en septembre, et depuis, je ressens une nette am\u00e9lioration. Les douleurs se sont att\u00e9nu\u00e9es, la fatigue est bien moins pr\u00e9sente. Mes cheveux ne sont pas retomb\u00e9s, les plaques ne sont pas revenues\u2026 Pourvu que cela continue dans ce sens. <\/p>\n\n\n\n<h2 class=\"wp-block-heading has-text-color has-link-color wp-elements-2336f2722d4e3c9d1a3246db747ca36d\" style=\"color:#0097a7\"><strong>Quel message aimeriez-vous transmettre aux autres personnes atteintes de lupus, ou \u00e0 celles qui ne connaissent pas bien cette maladie invisible mais dont les cons\u00e9quences peuvent impacter fortement la sant\u00e9 ?<\/strong><\/h2>\n\n\n\n<p>Les sympt\u00f4mes du lupus varient \u00e9norm\u00e9ment d\u2019une personne \u00e0 l\u2019autre, ce qui rend la maladie difficile \u00e0 comprendre, m\u00eame pour ceux qui en sont atteints. Pour moi, \u00e9changer avec d\u2019autres malades a \u00e9t\u00e9 d\u2019un grand soutien. L\u2019association Lupus France joue un r\u00f4le essentiel : elle met en contact avec des d\u00e9l\u00e9gu\u00e9s locaux, organise des r\u00e9unions et des groupes d\u2019\u00e9changes, tout en participant activement \u00e0 la recherche sur cette maladie.<\/p>\n\n\n\n<p>Malheureusement, le lupus reste encore trop m\u00e9connu, notamment parce qu\u2019il est rare. Il est donc important d\u2019en parler, de sensibiliser le plus grand nombre. Le principal d\u00e9fi avec le lupus, c\u2019est qu\u2019il est souvent invisible aux yeux des autres. Beaucoup ne comprennent pas quand on explique que l\u2019on est malade. En parler, c\u2019est permettre de lever ce malentendu et d\u2019aider \u00e0 faire conna\u00eetre cette maladie.<\/p>\n\n\n\n<p>Pour plus d&rsquo;informations, vous pouvez contacter l&rsquo;association : <a href=\"https:\/\/lupusfrance.com\/\" target=\"_blank\" rel=\"noreferrer noopener\">Lupus France<\/a>.<\/p>\n\n\n\n<p>Le compte Instagram de Lupus France : <a href=\"https:\/\/www.instagram.com\/lupus.france.officiel\/\" target=\"_blank\" rel=\"noreferrer noopener\">https:\/\/www.instagram.com\/lupus.france.officiel\/<\/a><\/p>\n\n\n\n<p>Le compte Instagram de Manon : <a href=\"https:\/\/www.instagram.com\/lupus_fr\/\" target=\"_blank\" rel=\"noreferrer noopener\">https:\/\/www.instagram.com\/lupus_fr\/<\/a><\/p>\n\n\n\n<p><strong>Autres articles qui pourraient vous int\u00e9resser : <\/strong><\/p>\n\n\n\n<ul class=\"wp-block-list\">\n<li>Association LUPUS FRANCE : t\u00e9moignage de Johanna Clouscard, Pr\u00e9sidente : Lupus : sympt\u00f4mes, traitements et sp\u00e9cialistes \u00e0 consulter : <a href=\"https:\/\/www.doctoome.com\/blog\/comprendre-le-lupus-symptomes-traitements-prevention\/\" target=\"_blank\" rel=\"noreferrer noopener\">https:\/\/www.doctoome.com\/blog\/association-lupus-france-interview-presidente<\/a><\/li>\n\n\n\n<li>Lupus : sympt\u00f4mes, traitements et sp\u00e9cialistes \u00e0 consulter : <a href=\"https:\/\/www.doctoome.com\/blog\/comprendre-le-lupus-symptomes-traitements-prevention\/\" target=\"_blank\" rel=\"noreferrer noopener\">https:\/\/www.doctoome.com\/blog\/comprendre-le-lupus-symptomes-traitements-prevention\/<\/a><\/li>\n\n\n\n<li>Rosac\u00e9e : une maladie de peau : <a href=\"https:\/\/www.doctoome.com\/blog\/rosacee-symptomes-et-traitements-de-maladie-de-peau\/\" target=\"_blank\" rel=\"noreferrer noopener\">https:\/\/www.doctoome.com\/blog\/rosacee-symptomes-et-traitements-de-maladie-de-peau\/<\/a><\/li>\n\n\n\n<li>Psoriasis : causes, sympt\u00f4mes, traitements. \u00c0 savoir avant de consulter : <a href=\"https:\/\/www.doctoome.com\/blog\/psoriasis-causes-symptomes-traitements\/\" target=\"_blank\" rel=\"noreferrer noopener\">https:\/\/www.doctoome.com\/blog\/psoriasis-causes-symptomes-traitements\/<\/a><\/li>\n\n\n\n<li>Ecz\u00e9ma atopique ou dermatite atopique : causes, sympt\u00f4mes et traitements : <a href=\"https:\/\/www.doctoome.com\/blog\/comment-traiter-eczema-dermatite-atopique\/\" target=\"_blank\" rel=\"noreferrer noopener\">https:\/\/www.doctoome.com\/blog\/comment-traiter-eczema-dermatite-atopique\/<\/a><\/li>\n<\/ul>\n","protected":false},"excerpt":{"rendered":"<p>Il est tout de m\u00eame \u00e9trange que le mot affection signifie aussi bien attachement, amiti\u00e9 et tendresse que maladie grave, aigu\u00eb ou chronique. Depuis quand vivez-vous avec le lupus et comment s\u2019est d\u00e9roul\u00e9 le diagnostic au moment o\u00f9 les choses ont vraiment commenc\u00e9 \u00e0 s\u2019aggraver ? Je vis avec le lupus depuis mon adolescence, mais la maladie n\u2019a \u00e9t\u00e9 officiellement diagnostiqu\u00e9e qu\u2019en mai 2020. C\u2019\u00e9tait au tout d\u00e9but de la pand\u00e9mie de Covid-19. \u00c0 ce moment-l\u00e0, je prenais soin d\u2019une personne \u00e2g\u00e9e et encha\u00eenais de tr\u00e8s longues heures de travail, ce qui a sans doute contribu\u00e9 \u00e0 aggraver les sympt\u00f4mes. Les premiers signes sont apparus sous forme de plaques cutan\u00e9es : d\u2019abord un \u00ab\u00a0masque de loup\u00a0\u00bb sur le visage, puis sur les bras, les jambes, et finalement sur tout le corps. Inqui\u00e8te, j\u2019ai consult\u00e9 une dermatologue, qui m\u2019a prescrit un bilan sanguin. Les r\u00e9sultats l\u2019ont amen\u00e9e \u00e0 me recommander de consulter rapidement mon m\u00e9decin traitant pour des examens plus approfondis. Une fois tous les r\u00e9sultats r\u00e9unis, mon m\u00e9decin a imm\u00e9diatement contact\u00e9 l\u2019h\u00f4pital de secteur pour une prise en charge en urgence, car je faisais une forte pouss\u00e9e de lupus. Depuis quand vivez-vous avec le lupus et comment s\u2019est d\u00e9roul\u00e9 le diagnostic au moment o\u00f9 les choses ont vraiment commenc\u00e9 \u00e0 s\u2019aggraver ? Les premiers sympt\u00f4mes qui m\u2019ont alert\u00e9e \u00e9taient l\u2019apparition de plaques sur la peau. Elles revenaient chaque ann\u00e9e, et on me traitait syst\u00e9matiquement pour une lucite estivale, une r\u00e9action allergique au soleil. Ensuite, sont apparues des douleurs articulaires, que l\u2019on a attribu\u00e9es \u00e0 la fatigue. Puis est venue une chute de cheveux importante. \u00c0 l\u2019\u00e9poque, je venais de changer de moyen de contraception, et ce sympt\u00f4me a \u00e9t\u00e9 mis sur le compte de ce changement hormonal. Depuis mon adolescence, je souffrais \u00e9galement d\u2019infections urinaires \u00e0 r\u00e9p\u00e9tition. Mais jusque-l\u00e0, aucun m\u00e9decin n\u2019avait reli\u00e9 tous ces sympt\u00f4mes entre eux. Je n\u2019avais jamais pr\u00e9sent\u00e9 tous ces signes en m\u00eame temps, ce qui a sans doute retard\u00e9 le diagnostic. Comment avez-vous v\u00e9cu cette premi\u00e8re pouss\u00e9e importante du lupus ? Qu\u2019est-ce qui vous a le plus marqu\u00e9e \u00e0 ce moment-l\u00e0 ? Je ne comprenais pas ce qui m\u2019arrivait. Mon corps \u00e9tait couvert de plaques qui me br\u00fblaient, au point que je ne me reconnaissais plus dans le miroir. Je me sentais d\u00e9figur\u00e9e. Et puis, il y a eu la perte de cheveux\u2026 C\u2019est ce que j\u2019ai eu le plus de mal \u00e0 accepter. Ce qui a \u00e9t\u00e9 le plus difficile, c\u2019est l\u2019incompr\u00e9hension, tant que le diagnostic n\u2019\u00e9tait pas pos\u00e9. On se sent perdue, on doute m\u00eame de soi. Et puis un jour, le diagnostic tombe. D\u2019un c\u00f4t\u00e9, c\u2019est un soulagement : on se dit enfin \u201cje ne suis pas folle, il y a vraiment quelque chose\u201d. Mais tr\u00e8s vite, surgissent toutes les questions, les peurs, les incertitudes li\u00e9es \u00e0 cette maladie qu\u2019on d\u00e9couvre \u00e0 peine. Comment la maladie affecte-t-elle votre quotidien aujourd\u2019hui, aussi bien sur le plan physique que moral ? Lorsque le lupus est en pouss\u00e9e, le quotidien devient extr\u00eamement difficile. La fatigue et les douleurs prennent le dessus sur tout. Des gestes simples et banals, comme prendre une douche, peuvent devenir de v\u00e9ritables \u00e9preuves. Chaque effort demande une \u00e9nergie que l\u2019on n\u2019a plus, et, in\u00e9vitablement, le moral en souffre. On a l\u2019impression de ne plus \u00eatre capable de grand-chose. Quand la maladie est stable, elle p\u00e8se moins lourd sur mon quotidien. M\u00eame si des \u00e9pisodes de grande fatigue ou de douleurs intenses peuvent survenir, ils sont plus ponctuels. Avec le temps, malheureusement, on apprend \u00e0 vivre avec\u2026 on s\u2019habitue, malgr\u00e9 tout. Vous avez eu une grossesse alors que votre lupus \u00e9tait stabilis\u00e9. Comment avez-vous g\u00e9r\u00e9 cette p\u00e9riode ? Et comment s\u2019est pass\u00e9e la coordination avec les m\u00e9decins ? Ma grossesse s\u2019est globalement tr\u00e8s bien d\u00e9roul\u00e9e, et j\u2019ai b\u00e9n\u00e9fici\u00e9 d\u2019un suivi m\u00e9dical de qualit\u00e9 tout au long de cette p\u00e9riode. Le suivi a commenc\u00e9 \u00e0 la maternit\u00e9 avec une gyn\u00e9cologue-obst\u00e9tricienne que je voyais chaque mois. Elle travaillait en lien \u00e9troit avec ma m\u00e9decin interne, ce qui permettait une prise en charge coordonn\u00e9e. En fin de grossesse, une sage-femme a \u00e9galement \u00e9t\u00e9 mise en place \u00e0 domicile, deux fois par semaine, pour un suivi encore plus r\u00e9gulier. Mon m\u00e9decin traitant \u00e9tait lui aussi impliqu\u00e9 dans le suivi, ce qui a permis de maintenir une continuit\u00e9 dans l\u2019accompagnement. L\u2019accouchement a \u00e9t\u00e9 un moment tr\u00e8s difficile. Pouvez-vous nous raconter ce qui s&rsquo;est pass\u00e9 ?&nbsp; On m\u2019avait inform\u00e9e qu\u2019en cas de lupus, un accouchement par c\u00e9sarienne pouvait s\u2019av\u00e9rer plus d\u00e9licat, avec un risque accru de complications. Malheureusement, apr\u00e8s trois jours de tentatives de d\u00e9clenchement, mon b\u00e9b\u00e9 ne voulait toujours pas na\u00eetre par voie naturelle. J\u2019ai donc d\u00fb subir une c\u00e9sarienne. Malheureusement, l\u2019accouchement ne s\u2019est pas d\u00e9roul\u00e9 comme pr\u00e9vu : j\u2019ai fait une atonie ut\u00e9rine, c\u2019est-\u00e0-dire que mon ut\u00e9rus ne se contractait plus, ce qui a entra\u00een\u00e9 une h\u00e9morragie importante. Un mois apr\u00e8s l\u2019accouchement, j\u2019ai \u00e9galement d\u00e9velopp\u00e9 une thrombose accompagn\u00e9e d\u2019une embolie pulmonaire. Les m\u00e9decins m\u2019ont expliqu\u00e9 que ce type de complication est l\u2019un des principaux risques associ\u00e9s \u00e0 la c\u00e9sarienne, et que dans mon cas, le lupus avait sans doute jou\u00e9 un r\u00f4le aggravant. Cette maladie a la particularit\u00e9 de s\u2019attaquer aux zones du corps d\u00e9j\u00e0 fragilis\u00e9es, et c\u2019est exactement ce qui s\u2019est pass\u00e9. Apr\u00e8s ces complications post-accouchement, comment avez-vous r\u00e9ussi \u00e0 remonter la pente, physiquement et \u00e9motionnellement ? Dans un premier temps, c\u2019est comme si mon cerveau avait mis un voile sur tout ce que j\u2019avais v\u00e9cu. J\u2019\u00e9tais focalis\u00e9e sur mon b\u00e9b\u00e9, sur le fait d\u2019avancer pour lui, co\u00fbte que co\u00fbte. Physiquement, \u00e7a a \u00e9t\u00e9 tr\u00e8s difficile. Ma jambe, touch\u00e9e par la thrombose, me faisait atrocement souffrir, et me d\u00e9placer \u00e9tait devenu un v\u00e9ritable combat. Puis, \u00e0 l\u2019approche du premier anniversaire de mon fils, tout m\u2019est revenu d\u2019un seul coup, comme une vague. C\u2019\u00e9tait comme si je r\u00e9alisais enfin tout ce que j\u2019avais travers\u00e9. J\u2019ai alors ressenti le besoin de parler. J\u2019ai beaucoup \u00e9chang\u00e9 avec mes proches, avec les m\u00e9decins, et j\u2019ai d\u00e9cid\u00e9 de consulter une psychologue. Cela m\u2019a permis de commencer \u00e0 poser des mots sur ce que j\u2019avais enfoui jusque-l\u00e0.&nbsp; Depuis que vous avez commenc\u00e9 l\u2019immunoth\u00e9rapie, sentez-vous une vraie am\u00e9lioration ? Quels changements cela a-t-il apport\u00e9 dans votre vie ? Au d\u00e9but, l\u2019annonce d\u2019un nouveau traitement fait toujours un peu peur. On se pose mille questions, on redoute les effets secondaires, l\u2019inconnu\u2026 J\u2019ai commenc\u00e9 ce traitement en septembre, et depuis, je ressens une nette am\u00e9lioration. Les douleurs se sont att\u00e9nu\u00e9es, la fatigue est bien moins pr\u00e9sente. Mes cheveux ne sont pas retomb\u00e9s, les plaques ne sont pas revenues\u2026 Pourvu que cela continue dans ce sens. Quel message aimeriez-vous transmettre aux autres personnes atteintes de lupus, ou \u00e0 celles qui ne connaissent pas bien cette maladie invisible mais dont les cons\u00e9quences peuvent impacter fortement la sant\u00e9 ? Les sympt\u00f4mes du lupus varient \u00e9norm\u00e9ment d\u2019une personne \u00e0 l\u2019autre, ce qui rend la maladie difficile \u00e0 comprendre, m\u00eame pour ceux qui en sont atteints. Pour moi, \u00e9changer avec d\u2019autres malades a \u00e9t\u00e9 d\u2019un grand soutien. L\u2019association Lupus France joue un r\u00f4le essentiel : elle met en contact avec des d\u00e9l\u00e9gu\u00e9s locaux, organise des r\u00e9unions et des groupes d\u2019\u00e9changes, tout en participant activement \u00e0 la recherche sur cette maladie. Malheureusement, le lupus reste encore trop m\u00e9connu, notamment parce qu\u2019il est rare. Il est donc important d\u2019en parler, de sensibiliser le plus grand nombre. Le principal d\u00e9fi avec le lupus, c\u2019est qu\u2019il est souvent invisible aux yeux des autres. Beaucoup ne comprennent pas quand on explique que l\u2019on est malade. En parler, c\u2019est permettre de lever ce malentendu et d\u2019aider \u00e0 faire conna\u00eetre cette maladie. Pour plus d&rsquo;informations, vous pouvez contacter l&rsquo;association : Lupus France. Le compte Instagram de Lupus France : https:\/\/www.instagram.com\/lupus.france.officiel\/ Le compte Instagram de Manon : https:\/\/www.instagram.com\/lupus_fr\/ Autres articles qui pourraient vous int\u00e9resser :<\/p>\n","protected":false},"author":2,"featured_media":17067,"comment_status":"open","ping_status":"closed","sticky":false,"template":"","format":"standard","meta":{"footnotes":""},"categories":[2467],"tags":[40],"class_list":["post-17059","post","type-post","status-publish","format-standard","has-post-thumbnail","hentry","category-temoignage","tag-dermatologue-et-venerologue"],"yoast_head":"<!-- This site is optimized with the Yoast SEO plugin v27.5 - https:\/\/yoast.com\/product\/yoast-seo-wordpress\/ -->\n<title>T\u00e9moignage de Manon, LUPUS FRANCE<\/title>\n<meta name=\"description\" content=\"D\u00e9couvrez le t\u00e9moignage de Manon, d\u00e9l\u00e9gu\u00e9e Savoie de l&#039;association LUPUS FRANCE, atteinte de lupus depuis plusieurs ann\u00e9es\" \/>\n<meta name=\"robots\" content=\"index, follow, max-snippet:-1, max-image-preview:large, max-video-preview:-1\" \/>\n<link rel=\"canonical\" href=\"https:\/\/www.doctoome.com\/blog\/association-lupus-france-temoignage-de-manon-deleguee-savoie\/\" \/>\n<meta property=\"og:locale\" content=\"fr_FR\" \/>\n<meta property=\"og:type\" content=\"article\" \/>\n<meta property=\"og:title\" content=\"T\u00e9moignage de Manon, LUPUS FRANCE\" \/>\n<meta property=\"og:description\" content=\"D\u00e9couvrez le t\u00e9moignage de Manon, d\u00e9l\u00e9gu\u00e9e Savoie de l&#039;association LUPUS FRANCE, atteinte de lupus depuis plusieurs ann\u00e9es\" \/>\n<meta property=\"og:url\" content=\"https:\/\/www.doctoome.com\/blog\/association-lupus-france-temoignage-de-manon-deleguee-savoie\/\" \/>\n<meta property=\"og:site_name\" content=\"Blog - Doctoome\" \/>\n<meta property=\"article:publisher\" content=\"https:\/\/www.facebook.com\/doctoome\/\" \/>\n<meta property=\"article:published_time\" content=\"2025-06-10T04:30:00+00:00\" \/>\n<meta property=\"article:modified_time\" content=\"2025-07-17T12:40:44+00:00\" \/>\n<meta property=\"og:image\" content=\"https:\/\/s3.eu-west-1.amazonaws.com\/dm.prod.raw\/2025\/05\/RSeZZEau-Visuels-nouveaux-articles-de-blog_septembre-2024-1.png\" \/>\n\t<meta property=\"og:image:width\" content=\"1313\" \/>\n\t<meta property=\"og:image:height\" content=\"875\" \/>\n\t<meta property=\"og:image:type\" content=\"image\/png\" \/>\n<meta name=\"author\" content=\"Doctoome\" \/>\n<meta name=\"twitter:card\" content=\"summary_large_image\" \/>\n<meta name=\"twitter:creator\" content=\"@Doctoome\" \/>\n<meta name=\"twitter:site\" content=\"@Doctoome\" \/>\n<meta name=\"twitter:label1\" content=\"\u00c9crit par\" \/>\n\t<meta name=\"twitter:data1\" content=\"Doctoome\" \/>\n\t<meta name=\"twitter:label2\" content=\"Dur\u00e9e de lecture estim\u00e9e\" \/>\n\t<meta name=\"twitter:data2\" content=\"7 minutes\" \/>\n<script type=\"application\/ld+json\" class=\"yoast-schema-graph\">{\"@context\":\"https:\\\/\\\/schema.org\",\"@graph\":[{\"@type\":\"Article\",\"@id\":\"https:\\\/\\\/www.doctoome.com\\\/blog\\\/association-lupus-france-temoignage-de-manon-deleguee-savoie\\\/#article\",\"isPartOf\":{\"@id\":\"https:\\\/\\\/www.doctoome.com\\\/blog\\\/association-lupus-france-temoignage-de-manon-deleguee-savoie\\\/\"},\"author\":{\"name\":\"Doctoome\",\"@id\":\"https:\\\/\\\/www.doctoome.com\\\/blog\\\/#\\\/schema\\\/person\\\/b70e715e0248cbdaae27015aae1f7769\"},\"headline\":\"Association LUPUS FRANCE : t\u00e9moignage de Manon, D\u00e9l\u00e9gu\u00e9e Savoie\",\"datePublished\":\"2025-06-10T04:30:00+00:00\",\"dateModified\":\"2025-07-17T12:40:44+00:00\",\"mainEntityOfPage\":{\"@id\":\"https:\\\/\\\/www.doctoome.com\\\/blog\\\/association-lupus-france-temoignage-de-manon-deleguee-savoie\\\/\"},\"wordCount\":1573,\"commentCount\":0,\"publisher\":{\"@id\":\"https:\\\/\\\/www.doctoome.com\\\/blog\\\/#organization\"},\"image\":{\"@id\":\"https:\\\/\\\/www.doctoome.com\\\/blog\\\/association-lupus-france-temoignage-de-manon-deleguee-savoie\\\/#primaryimage\"},\"thumbnailUrl\":\"https:\\\/\\\/s3.eu-west-1.amazonaws.com\\\/dm.prod.raw\\\/2025\\\/05\\\/RSeZZEau-Visuels-nouveaux-articles-de-blog_septembre-2024-1.png\",\"keywords\":[\"Dermatologue\"],\"articleSection\":[\"T\u00e9moignage\"],\"inLanguage\":\"fr-FR\",\"potentialAction\":[{\"@type\":\"CommentAction\",\"name\":\"Comment\",\"target\":[\"https:\\\/\\\/www.doctoome.com\\\/blog\\\/association-lupus-france-temoignage-de-manon-deleguee-savoie\\\/#respond\"]}]},{\"@type\":\"WebPage\",\"@id\":\"https:\\\/\\\/www.doctoome.com\\\/blog\\\/association-lupus-france-temoignage-de-manon-deleguee-savoie\\\/\",\"url\":\"https:\\\/\\\/www.doctoome.com\\\/blog\\\/association-lupus-france-temoignage-de-manon-deleguee-savoie\\\/\",\"name\":\"T\u00e9moignage de Manon, LUPUS FRANCE\",\"isPartOf\":{\"@id\":\"https:\\\/\\\/www.doctoome.com\\\/blog\\\/#website\"},\"primaryImageOfPage\":{\"@id\":\"https:\\\/\\\/www.doctoome.com\\\/blog\\\/association-lupus-france-temoignage-de-manon-deleguee-savoie\\\/#primaryimage\"},\"image\":{\"@id\":\"https:\\\/\\\/www.doctoome.com\\\/blog\\\/association-lupus-france-temoignage-de-manon-deleguee-savoie\\\/#primaryimage\"},\"thumbnailUrl\":\"https:\\\/\\\/s3.eu-west-1.amazonaws.com\\\/dm.prod.raw\\\/2025\\\/05\\\/RSeZZEau-Visuels-nouveaux-articles-de-blog_septembre-2024-1.png\",\"datePublished\":\"2025-06-10T04:30:00+00:00\",\"dateModified\":\"2025-07-17T12:40:44+00:00\",\"description\":\"D\u00e9couvrez le t\u00e9moignage de Manon, d\u00e9l\u00e9gu\u00e9e Savoie de l'association LUPUS FRANCE, atteinte de lupus depuis plusieurs ann\u00e9es\",\"inLanguage\":\"fr-FR\",\"potentialAction\":[{\"@type\":\"ReadAction\",\"target\":[\"https:\\\/\\\/www.doctoome.com\\\/blog\\\/association-lupus-france-temoignage-de-manon-deleguee-savoie\\\/\"]}]},{\"@type\":\"ImageObject\",\"inLanguage\":\"fr-FR\",\"@id\":\"https:\\\/\\\/www.doctoome.com\\\/blog\\\/association-lupus-france-temoignage-de-manon-deleguee-savoie\\\/#primaryimage\",\"url\":\"https:\\\/\\\/s3.eu-west-1.amazonaws.com\\\/dm.prod.raw\\\/2025\\\/05\\\/RSeZZEau-Visuels-nouveaux-articles-de-blog_septembre-2024-1.png\",\"contentUrl\":\"https:\\\/\\\/s3.eu-west-1.amazonaws.com\\\/dm.prod.raw\\\/2025\\\/05\\\/RSeZZEau-Visuels-nouveaux-articles-de-blog_septembre-2024-1.png\",\"width\":1313,\"height\":875,\"caption\":\"T\u00e9moignage de Manon, d\u00e9l\u00e9gu\u00e9e Savoie\"},{\"@type\":\"WebSite\",\"@id\":\"https:\\\/\\\/www.doctoome.com\\\/blog\\\/#website\",\"url\":\"https:\\\/\\\/www.doctoome.com\\\/blog\\\/\",\"name\":\"Blog - Doctoome\",\"description\":\"Toutes nos astuces sant\u00e9 et bien-\u00eatre\",\"publisher\":{\"@id\":\"https:\\\/\\\/www.doctoome.com\\\/blog\\\/#organization\"},\"potentialAction\":[{\"@type\":\"SearchAction\",\"target\":{\"@type\":\"EntryPoint\",\"urlTemplate\":\"https:\\\/\\\/www.doctoome.com\\\/blog\\\/?s={search_term_string}\"},\"query-input\":{\"@type\":\"PropertyValueSpecification\",\"valueRequired\":true,\"valueName\":\"search_term_string\"}}],\"inLanguage\":\"fr-FR\"},{\"@type\":\"Organization\",\"@id\":\"https:\\\/\\\/www.doctoome.com\\\/blog\\\/#organization\",\"name\":\"Blog - Doctoome\",\"url\":\"https:\\\/\\\/www.doctoome.com\\\/blog\\\/\",\"logo\":{\"@type\":\"ImageObject\",\"inLanguage\":\"fr-FR\",\"@id\":\"https:\\\/\\\/www.doctoome.com\\\/blog\\\/#\\\/schema\\\/logo\\\/image\\\/\",\"url\":\"https:\\\/\\\/s3.eu-west-1.amazonaws.com\\\/dm.prod.raw\\\/2025\\\/07\\\/dQutxZuI-Media-1.png\",\"contentUrl\":\"https:\\\/\\\/s3.eu-west-1.amazonaws.com\\\/dm.prod.raw\\\/2025\\\/07\\\/dQutxZuI-Media-1.png\",\"width\":450,\"height\":200,\"caption\":\"Blog - Doctoome\"},\"image\":{\"@id\":\"https:\\\/\\\/www.doctoome.com\\\/blog\\\/#\\\/schema\\\/logo\\\/image\\\/\"},\"sameAs\":[\"https:\\\/\\\/www.facebook.com\\\/doctoome\\\/\",\"https:\\\/\\\/x.com\\\/Doctoome\",\"https:\\\/\\\/www.instagram.com\\\/doctoome_\\\/\",\"https:\\\/\\\/www.linkedin.com\\\/company\\\/doctoome\\\/\",\"https:\\\/\\\/www.youtube.com\\\/channel\\\/UCDbvPhELiZsPKeyNddFz6Qg\"]},{\"@type\":\"Person\",\"@id\":\"https:\\\/\\\/www.doctoome.com\\\/blog\\\/#\\\/schema\\\/person\\\/b70e715e0248cbdaae27015aae1f7769\",\"name\":\"Doctoome\",\"image\":{\"@type\":\"ImageObject\",\"inLanguage\":\"fr-FR\",\"@id\":\"https:\\\/\\\/secure.gravatar.com\\\/avatar\\\/6083c373ae95bfd3ce85cd46164b730132c2dc1f9e3f5c5cfe3d9e5a21e46e34?s=96&d=blank&r=g\",\"url\":\"https:\\\/\\\/secure.gravatar.com\\\/avatar\\\/6083c373ae95bfd3ce85cd46164b730132c2dc1f9e3f5c5cfe3d9e5a21e46e34?s=96&d=blank&r=g\",\"contentUrl\":\"https:\\\/\\\/secure.gravatar.com\\\/avatar\\\/6083c373ae95bfd3ce85cd46164b730132c2dc1f9e3f5c5cfe3d9e5a21e46e34?s=96&d=blank&r=g\",\"caption\":\"Doctoome\"},\"description\":\"Chlo\u00e9 de Channes est r\u00e9dactrice sant\u00e9 et \u00e9crit sur de nombreux sujets touchant au parcours de soins, aux enfants, aux maladies de peau, la sant\u00e9 des femmes, etc\",\"url\":\"https:\\\/\\\/www.doctoome.com\\\/blog\\\/author\\\/ameliedoctoome-com\\\/\"}]}<\/script>\n<!-- \/ Yoast SEO plugin. -->","yoast_head_json":{"title":"T\u00e9moignage de Manon, LUPUS FRANCE","description":"D\u00e9couvrez le t\u00e9moignage de Manon, d\u00e9l\u00e9gu\u00e9e Savoie de l'association LUPUS FRANCE, atteinte de lupus depuis plusieurs ann\u00e9es","robots":{"index":"index","follow":"follow","max-snippet":"max-snippet:-1","max-image-preview":"max-image-preview:large","max-video-preview":"max-video-preview:-1"},"canonical":"https:\/\/www.doctoome.com\/blog\/association-lupus-france-temoignage-de-manon-deleguee-savoie\/","og_locale":"fr_FR","og_type":"article","og_title":"T\u00e9moignage de Manon, LUPUS FRANCE","og_description":"D\u00e9couvrez le t\u00e9moignage de Manon, d\u00e9l\u00e9gu\u00e9e Savoie de l'association LUPUS FRANCE, atteinte de lupus depuis plusieurs ann\u00e9es","og_url":"https:\/\/www.doctoome.com\/blog\/association-lupus-france-temoignage-de-manon-deleguee-savoie\/","og_site_name":"Blog - Doctoome","article_publisher":"https:\/\/www.facebook.com\/doctoome\/","article_published_time":"2025-06-10T04:30:00+00:00","article_modified_time":"2025-07-17T12:40:44+00:00","og_image":[{"width":1313,"height":875,"url":"https:\/\/s3.eu-west-1.amazonaws.com\/dm.prod.raw\/2025\/05\/RSeZZEau-Visuels-nouveaux-articles-de-blog_septembre-2024-1.png","type":"image\/png"}],"author":"Doctoome","twitter_card":"summary_large_image","twitter_creator":"@Doctoome","twitter_site":"@Doctoome","twitter_misc":{"\u00c9crit par":"Doctoome","Dur\u00e9e de lecture estim\u00e9e":"7 minutes"},"schema":{"@context":"https:\/\/schema.org","@graph":[{"@type":"Article","@id":"https:\/\/www.doctoome.com\/blog\/association-lupus-france-temoignage-de-manon-deleguee-savoie\/#article","isPartOf":{"@id":"https:\/\/www.doctoome.com\/blog\/association-lupus-france-temoignage-de-manon-deleguee-savoie\/"},"author":{"name":"Doctoome","@id":"https:\/\/www.doctoome.com\/blog\/#\/schema\/person\/b70e715e0248cbdaae27015aae1f7769"},"headline":"Association LUPUS FRANCE : t\u00e9moignage de Manon, D\u00e9l\u00e9gu\u00e9e Savoie","datePublished":"2025-06-10T04:30:00+00:00","dateModified":"2025-07-17T12:40:44+00:00","mainEntityOfPage":{"@id":"https:\/\/www.doctoome.com\/blog\/association-lupus-france-temoignage-de-manon-deleguee-savoie\/"},"wordCount":1573,"commentCount":0,"publisher":{"@id":"https:\/\/www.doctoome.com\/blog\/#organization"},"image":{"@id":"https:\/\/www.doctoome.com\/blog\/association-lupus-france-temoignage-de-manon-deleguee-savoie\/#primaryimage"},"thumbnailUrl":"https:\/\/s3.eu-west-1.amazonaws.com\/dm.prod.raw\/2025\/05\/RSeZZEau-Visuels-nouveaux-articles-de-blog_septembre-2024-1.png","keywords":["Dermatologue"],"articleSection":["T\u00e9moignage"],"inLanguage":"fr-FR","potentialAction":[{"@type":"CommentAction","name":"Comment","target":["https:\/\/www.doctoome.com\/blog\/association-lupus-france-temoignage-de-manon-deleguee-savoie\/#respond"]}]},{"@type":"WebPage","@id":"https:\/\/www.doctoome.com\/blog\/association-lupus-france-temoignage-de-manon-deleguee-savoie\/","url":"https:\/\/www.doctoome.com\/blog\/association-lupus-france-temoignage-de-manon-deleguee-savoie\/","name":"T\u00e9moignage de Manon, LUPUS FRANCE","isPartOf":{"@id":"https:\/\/www.doctoome.com\/blog\/#website"},"primaryImageOfPage":{"@id":"https:\/\/www.doctoome.com\/blog\/association-lupus-france-temoignage-de-manon-deleguee-savoie\/#primaryimage"},"image":{"@id":"https:\/\/www.doctoome.com\/blog\/association-lupus-france-temoignage-de-manon-deleguee-savoie\/#primaryimage"},"thumbnailUrl":"https:\/\/s3.eu-west-1.amazonaws.com\/dm.prod.raw\/2025\/05\/RSeZZEau-Visuels-nouveaux-articles-de-blog_septembre-2024-1.png","datePublished":"2025-06-10T04:30:00+00:00","dateModified":"2025-07-17T12:40:44+00:00","description":"D\u00e9couvrez le t\u00e9moignage de Manon, d\u00e9l\u00e9gu\u00e9e Savoie de l'association LUPUS FRANCE, atteinte de lupus depuis plusieurs ann\u00e9es","inLanguage":"fr-FR","potentialAction":[{"@type":"ReadAction","target":["https:\/\/www.doctoome.com\/blog\/association-lupus-france-temoignage-de-manon-deleguee-savoie\/"]}]},{"@type":"ImageObject","inLanguage":"fr-FR","@id":"https:\/\/www.doctoome.com\/blog\/association-lupus-france-temoignage-de-manon-deleguee-savoie\/#primaryimage","url":"https:\/\/s3.eu-west-1.amazonaws.com\/dm.prod.raw\/2025\/05\/RSeZZEau-Visuels-nouveaux-articles-de-blog_septembre-2024-1.png","contentUrl":"https:\/\/s3.eu-west-1.amazonaws.com\/dm.prod.raw\/2025\/05\/RSeZZEau-Visuels-nouveaux-articles-de-blog_septembre-2024-1.png","width":1313,"height":875,"caption":"T\u00e9moignage de Manon, d\u00e9l\u00e9gu\u00e9e Savoie"},{"@type":"WebSite","@id":"https:\/\/www.doctoome.com\/blog\/#website","url":"https:\/\/www.doctoome.com\/blog\/","name":"Blog - Doctoome","description":"Toutes nos astuces sant\u00e9 et bien-\u00eatre","publisher":{"@id":"https:\/\/www.doctoome.com\/blog\/#organization"},"potentialAction":[{"@type":"SearchAction","target":{"@type":"EntryPoint","urlTemplate":"https:\/\/www.doctoome.com\/blog\/?s={search_term_string}"},"query-input":{"@type":"PropertyValueSpecification","valueRequired":true,"valueName":"search_term_string"}}],"inLanguage":"fr-FR"},{"@type":"Organization","@id":"https:\/\/www.doctoome.com\/blog\/#organization","name":"Blog - Doctoome","url":"https:\/\/www.doctoome.com\/blog\/","logo":{"@type":"ImageObject","inLanguage":"fr-FR","@id":"https:\/\/www.doctoome.com\/blog\/#\/schema\/logo\/image\/","url":"https:\/\/s3.eu-west-1.amazonaws.com\/dm.prod.raw\/2025\/07\/dQutxZuI-Media-1.png","contentUrl":"https:\/\/s3.eu-west-1.amazonaws.com\/dm.prod.raw\/2025\/07\/dQutxZuI-Media-1.png","width":450,"height":200,"caption":"Blog - Doctoome"},"image":{"@id":"https:\/\/www.doctoome.com\/blog\/#\/schema\/logo\/image\/"},"sameAs":["https:\/\/www.facebook.com\/doctoome\/","https:\/\/x.com\/Doctoome","https:\/\/www.instagram.com\/doctoome_\/","https:\/\/www.linkedin.com\/company\/doctoome\/","https:\/\/www.youtube.com\/channel\/UCDbvPhELiZsPKeyNddFz6Qg"]},{"@type":"Person","@id":"https:\/\/www.doctoome.com\/blog\/#\/schema\/person\/b70e715e0248cbdaae27015aae1f7769","name":"Doctoome","image":{"@type":"ImageObject","inLanguage":"fr-FR","@id":"https:\/\/secure.gravatar.com\/avatar\/6083c373ae95bfd3ce85cd46164b730132c2dc1f9e3f5c5cfe3d9e5a21e46e34?s=96&d=blank&r=g","url":"https:\/\/secure.gravatar.com\/avatar\/6083c373ae95bfd3ce85cd46164b730132c2dc1f9e3f5c5cfe3d9e5a21e46e34?s=96&d=blank&r=g","contentUrl":"https:\/\/secure.gravatar.com\/avatar\/6083c373ae95bfd3ce85cd46164b730132c2dc1f9e3f5c5cfe3d9e5a21e46e34?s=96&d=blank&r=g","caption":"Doctoome"},"description":"Chlo\u00e9 de Channes est r\u00e9dactrice sant\u00e9 et \u00e9crit sur de nombreux sujets touchant au parcours de soins, aux enfants, aux maladies de peau, la sant\u00e9 des femmes, etc","url":"https:\/\/www.doctoome.com\/blog\/author\/ameliedoctoome-com\/"}]}},"_links":{"self":[{"href":"https:\/\/www.doctoome.com\/blog\/wp-json\/wp\/v2\/posts\/17059","targetHints":{"allow":["GET"]}}],"collection":[{"href":"https:\/\/www.doctoome.com\/blog\/wp-json\/wp\/v2\/posts"}],"about":[{"href":"https:\/\/www.doctoome.com\/blog\/wp-json\/wp\/v2\/types\/post"}],"author":[{"embeddable":true,"href":"https:\/\/www.doctoome.com\/blog\/wp-json\/wp\/v2\/users\/2"}],"replies":[{"embeddable":true,"href":"https:\/\/www.doctoome.com\/blog\/wp-json\/wp\/v2\/comments?post=17059"}],"version-history":[{"count":0,"href":"https:\/\/www.doctoome.com\/blog\/wp-json\/wp\/v2\/posts\/17059\/revisions"}],"wp:featuredmedia":[{"embeddable":true,"href":"https:\/\/www.doctoome.com\/blog\/wp-json\/wp\/v2\/media\/17067"}],"wp:attachment":[{"href":"https:\/\/www.doctoome.com\/blog\/wp-json\/wp\/v2\/media?parent=17059"}],"wp:term":[{"taxonomy":"category","embeddable":true,"href":"https:\/\/www.doctoome.com\/blog\/wp-json\/wp\/v2\/categories?post=17059"},{"taxonomy":"post_tag","embeddable":true,"href":"https:\/\/www.doctoome.com\/blog\/wp-json\/wp\/v2\/tags?post=17059"}],"curies":[{"name":"wp","href":"https:\/\/api.w.org\/{rel}","templated":true}]}}