{"id":17402,"date":"2025-07-17T06:30:00","date_gmt":"2025-07-17T04:30:00","guid":{"rendered":"https:\/\/www.doctoome.com\/blog\/?p=17402"},"modified":"2025-09-08T14:05:42","modified_gmt":"2025-09-08T12:05:42","slug":"bronchite-chronique-symptomes-traitements-quotidien","status":"publish","type":"post","link":"https:\/\/www.doctoome.com\/blog\/bronchite-chronique-symptomes-traitements-quotidien\/","title":{"rendered":"Bronchite chronique : sympt\u00f4mes, traitements et conseils pour mieux vivre"},"content":{"rendered":"\n<p>La bronchite chronique se d\u00e9finit m\u00e9dicalement comme une <strong>affection respiratoire <\/strong>caract\u00e9ris\u00e9e par une<strong> toux productive<\/strong> (accompagn\u00e9e d&rsquo;expectorations) pr\u00e9sente au moins trois mois par an pendant deux ann\u00e9es cons\u00e9cutives. Cette pathologie s&rsquo;inscrit dans le cadre plus large de la Bronchopneumopathie Chronique Obstructive (BPCO), dont elle constitue l&rsquo;une des principales composantes avec<strong> l&#8217;emphys\u00e8me pulmonaire<\/strong>.<\/p>\n\n\n\n<p>En France, la bronchite chronique touche environ<strong> 3,5 millions de personnes<\/strong>, avec une pr\u00e9valence croissante li\u00e9e au <strong>vieillissement<\/strong> de la population et \u00e0 l&rsquo;exposition prolong\u00e9e aux facteurs de risque. Son impact sur la qualit\u00e9 de vie est consid\u00e9rable : essoufflement progressif, fatigue chronique et limitations dans les activit\u00e9s quotidiennes sont le lot quotidien des patients.<\/p>\n\n\n\n<p>Le lien entre bronchite chronique et BPCO est fondamental \u00e0 comprendre. Si toutes les bronchites chroniques n&rsquo;\u00e9voluent pas vers une BPCO, elles constituent n\u00e9anmoins un <strong>signal d&rsquo;alarme majeur<\/strong>. Selon les donn\u00e9es de l&rsquo;INSERM, environ<strong> 30% des fumeurs<\/strong> d\u00e9veloppent une bronchite chronique, et parmi eux, 20% \u00e9volueront vers une BPCO.<\/p>\n\n\n\n<p>Face \u00e0 ce constat, l&rsquo;importance d&rsquo;un diagnostic pr\u00e9coce s&rsquo;av\u00e8re cruciale. Plus la prise en charge intervient t\u00f4t, plus les chances de ralentir l&rsquo;\u00e9volution de la maladie sont \u00e9lev\u00e9es. Malheureusement, les sympt\u00f4mes \u00e9tant souvent banalis\u00e9s, <strong>le diagnostic intervient fr\u00e9quemment \u00e0 des stades d\u00e9j\u00e0 avanc\u00e9s.<\/strong><\/p>\n\n\n\n<h2 class=\"wp-block-heading has-text-color has-link-color wp-elements-12d85c3eb9d5a303a5b2592c7fb44f35\" style=\"color:#0097a7\">Comprendre la bronchite chronique<\/h2>\n\n\n\n<h3 class=\"wp-block-heading\">Causes et facteurs de risque<\/h3>\n\n\n\n<p>Le <strong>tabagisme<\/strong> repr\u00e9sente de loin le premier facteur de risque de bronchite chronique. Selon l&rsquo;Organisation Mondiale de la Sant\u00e9, il est responsable de<strong> 80 \u00e0 90% des cas<\/strong>. L&rsquo;exposition prolong\u00e9e \u00e0 la fum\u00e9e de cigarette provoque une inflammation persistante des bronches, une hypers\u00e9cr\u00e9tion de mucus et une alt\u00e9ration des m\u00e9canismes de d\u00e9fense respiratoire. Plus la consommation tabagique est importante et ancienne (notion de \u00ab\u00a0paquets-ann\u00e9es\u00a0\u00bb), plus le risque est \u00e9lev\u00e9.<\/p>\n\n\n\n<p>La pollution atmosph\u00e9rique constitue le second facteur majeur. Les particules fines (PM2.5 et PM10), le dioxyde d&rsquo;azote (NO2) et l&rsquo;ozone (O3) irritent chroniquement les voies respiratoires. Les \u00e9tudes \u00e9pid\u00e9miologiques montrent une corr\u00e9lation nette entre les pics de pollution urbaine et les exacerbations de bronchite chronique.<\/p>\n\n\n\n<p><strong>Les expositions professionnelles <\/strong>repr\u00e9sentent \u00e9galement un facteur significatif. Certains m\u00e9tiers exposent \u00e0 des poussi\u00e8res min\u00e9rales (silice, amiante), organiques (coton, c\u00e9r\u00e9ales) ou \u00e0 des vapeurs toxiques. L&rsquo;INRS (Institut National de Recherche et de S\u00e9curit\u00e9) estime que <strong>15% <\/strong>des cas de bronchite chronique sont d&rsquo;origine professionnelle.<\/p>\n\n\n\n<p>D&rsquo;autres facteurs interviennent de fa\u00e7on moins fr\u00e9quente : infections respiratoires \u00e0 r\u00e9p\u00e9tition dans l&rsquo;enfance, facteurs g\u00e9n\u00e9tiques (d\u00e9ficit en alpha-1-antitrypsine), et faible poids de naissance.<\/p>\n\n\n\n<h3 class=\"wp-block-heading\">M\u00e9canismes de la maladie<\/h3>\n\n\n\n<p>L&rsquo;inflammation chronique des bronches constitue le processus pathologique central. Les agents irritants provoquent une r\u00e9action inflammatoire persistante avec infiltration de la muqueuse bronchique par des neutrophiles, macrophages et lymphocytes. Cette inflammation s&rsquo;auto-entretient progressivement, m\u00eame apr\u00e8s suppression de l&rsquo;agent causal.<\/p>\n\n\n<div class=\"wp-block-image\">\n<figure class=\"aligncenter size-large is-resized\"><img decoding=\"async\" width=\"1024\" height=\"671\" data-src=\"https:\/\/s3.eu-west-1.amazonaws.com\/dm.prod.raw\/2025\/07\/Capture-decran-2025-07-11-a-15.24.39-1024x671.png\" alt=\"Inflammation chronique des bronches\" class=\"wp-image-17437 lazyload\" style=\"--smush-placeholder-width: 1024px; --smush-placeholder-aspect-ratio: 1024\/671;width:370px;height:auto\" data-srcset=\"https:\/\/s3.eu-west-1.amazonaws.com\/dm.prod.raw\/2025\/07\/Capture-decran-2025-07-11-a-15.24.39-300x197.png 300w, https:\/\/s3.eu-west-1.amazonaws.com\/dm.prod.raw\/2025\/07\/Capture-decran-2025-07-11-a-15.24.39-1024x671.png 1024w, https:\/\/s3.eu-west-1.amazonaws.com\/dm.prod.raw\/2025\/07\/Capture-decran-2025-07-11-a-15.24.39-768x504.png 768w, https:\/\/s3.eu-west-1.amazonaws.com\/dm.prod.raw\/2025\/07\/Capture-decran-2025-07-11-a-15.24.39.png 1464w\" data-sizes=\"(max-width: 1024px) 100vw, 1024px\" src=\"data:image\/svg+xml;base64,PHN2ZyB3aWR0aD0iMSIgaGVpZ2h0PSIxIiB4bWxucz0iaHR0cDovL3d3dy53My5vcmcvMjAwMC9zdmciPjwvc3ZnPg==\" \/><\/figure>\n<\/div>\n\n\n<p>L&rsquo;<strong>hypers\u00e9cr\u00e9tion de mucus<\/strong> r\u00e9sulte de l&rsquo;hyperplasie des cellules caliciformes et des glandes sous-muqueuses bronchiques. Le mucus produit en exc\u00e8s devient plus visqueux, obstruant les petites voies a\u00e9riennes et favorisant la colonisation bact\u00e9rienne. La <strong>clairance mucociliaire<\/strong>, m\u00e9canisme de d\u00e9fense naturel, se trouve alt\u00e9r\u00e9e.<\/p>\n\n\n\n<p>L&rsquo;obstruction progressive des voies a\u00e9riennes d\u00e9coule de plusieurs m\u00e9canismes : accumulation de s\u00e9cr\u00e9tions, \u0153d\u00e8me de la paroi bronchique, bronchospasme et remodelage bronchique. Ce dernier ph\u00e9nom\u00e8ne correspond \u00e0 une modification structurelle avec fibrose p\u00e9ribronchique et perte d&rsquo;\u00e9lasticit\u00e9, rendant l&rsquo;obstruction partiellement irr\u00e9versible.<\/p>\n\n\n\n<figure class=\"wp-block-table\"><table class=\"has-fixed-layout\"><tbody><tr><th>Facteur de risque<\/th><th>Impact relatif<\/th><th>M\u00e9canisme principal<\/th><\/tr><tr><td>Tabagisme actif<\/td><td>Tr\u00e8s \u00e9lev\u00e9 (80-90% des cas)<\/td><td>Inflammation chronique, stress oxydatif<\/td><\/tr><tr><td>Tabagisme passif<\/td><td>Mod\u00e9r\u00e9<\/td><td>Inflammation similaire mais moins intense<\/td><\/tr><tr><td>Pollution atmosph\u00e9rique<\/td><td>Mod\u00e9r\u00e9 \u00e0 \u00e9lev\u00e9<\/td><td>Irritation bronchique chronique<\/td><\/tr><tr><td>Expositions professionnelles<\/td><td>Variable selon exposition (5-15% des cas)<\/td><td>Irritation et inflammation sp\u00e9cifique<\/td><\/tr><tr><td>Facteurs g\u00e9n\u00e9tiques<\/td><td>Faible (1-3% des cas)<\/td><td>D\u00e9ficit en m\u00e9canismes protecteurs<\/td><\/tr><\/tbody><\/table><\/figure>\n\n\n\n<h2 class=\"wp-block-heading has-text-color has-link-color wp-elements-33f6c264377746e958c1503add22890e\" style=\"color:#0097a7\">Sympt\u00f4mes et diagnostic de la bronchite chronique<\/h2>\n\n\n\n<h3 class=\"wp-block-heading\">Signes caract\u00e9ristiques<\/h3>\n\n\n\n<p><strong>La toux chronique productive <\/strong>constitue le sympt\u00f4me cardinal de la bronchite chronique. G\u00e9n\u00e9ralement plus marqu\u00e9e l<strong>e matin,<\/strong> elle s&rsquo;accompagne d&rsquo;expectorations claires ou jaun\u00e2tres. Ce sympt\u00f4me est souvent banalis\u00e9 par les patients, particuli\u00e8rement les fumeurs qui l&rsquo;attribuent \u00e0 la \u00ab\u00a0toux du fumeur\u00a0\u00bb. Selon la d\u00e9finition m\u00e9dicale classique, cette toux doit \u00eatre pr\u00e9sente au moins trois mois par an pendant deux ann\u00e9es cons\u00e9cutives pour \u00e9tablir le diagnostic.<\/p>\n\n\n\n<p><strong>La dyspn\u00e9e d&rsquo;effort <\/strong>appara\u00eet progressivement et <strong>s&rsquo;aggrave avec l&rsquo;\u00e9volution de la maladie<\/strong>. Initialement, l&rsquo;essoufflement ne survient qu&rsquo;aux efforts importants, puis progressivement lors d&rsquo;activit\u00e9s de plus en plus mod\u00e9r\u00e9es. L&rsquo;\u00e9chelle de dyspn\u00e9e du Medical Research Council (MRC), gradu\u00e9e de 0 \u00e0 4, permet d&rsquo;objectiver cette progression : du stade 1 (essoufflement uniquement lors d&rsquo;efforts soutenus) au stade 4 (essoufflement au moindre effort ou au repos).<\/p>\n\n\n\n<p>Les exacerbations correspondent \u00e0 des <strong>\u00e9pisodes d&rsquo;aggravation aigu\u00eb des sympt\u00f4mes habituels<\/strong>. Elles se manifestent par une augmentation de la toux, des expectorations plus abondantes et purulentes, et une majoration de la dyspn\u00e9e. Leur fr\u00e9quence augmente g\u00e9n\u00e9ralement avec la progression de la maladie. Ces \u00e9pisodes, souvent d\u00e9clench\u00e9s par des infections respiratoires, ont un impact significatif sur la qualit\u00e9 de vie et acc\u00e9l\u00e8rent le d\u00e9clin de la fonction respiratoire.<\/p>\n\n\n\n<h3 class=\"wp-block-heading\">Outils diagnostiques<\/h3>\n\n\n\n<p>L&rsquo;examen clinique permet d&rsquo;objectiver les signes respiratoires et d&rsquo;\u00e9valuer leur retentissement. L&rsquo;auscultation pulmonaire peut r\u00e9v\u00e9ler des r\u00e2les bronchiques diffus ou localis\u00e9s. Aux stades avanc\u00e9s, des signes d&rsquo;insuffisance respiratoire peuvent \u00eatre pr\u00e9sents : cyanose, utilisation des muscles respiratoires accessoires, hippocratisme digital.<\/p>\n\n\n\n<p>Les explorations fonctionnelles respiratoires (EFR) constituent l&rsquo;examen cl\u00e9 pour confirmer le diagnostic et \u00e9valuer la s\u00e9v\u00e9rit\u00e9. La spirom\u00e9trie mesure les volumes et d\u00e9bits pulmonaires. Une diminution du VEMS (Volume Expiratoire Maximal par Seconde) et du rapport VEMS\/CVF (Capacit\u00e9 Vitale Forc\u00e9e) confirme l&rsquo;obstruction bronchique. Selon les crit\u00e8res GOLD (Global Initiative for Chronic Obstructive Lung Disease), un rapport VEMS\/CVF inf\u00e9rieur \u00e0 70% apr\u00e8s bronchodilatation d\u00e9finit l&rsquo;obstruction bronchique.<\/p>\n\n\n\n<p>L&rsquo;imagerie thoracique, principalement la radiographie pulmonaire standard, permet d&rsquo;\u00e9liminer d&rsquo;autres pathologies et de rechercher des complications. Le scanner thoracique, plus sensible, peut mettre en \u00e9vidence des signes sp\u00e9cifiques comme l&rsquo;\u00e9paississement des parois bronchiques ou des bulles d&#8217;emphys\u00e8me associ\u00e9es.<\/p>\n\n\n\n<p>D&rsquo;autres examens peuvent compl\u00e9ter le bilan : gaz du sang art\u00e9riel (pour \u00e9valuer l&rsquo;oxyg\u00e9nation et la capnie), test de marche de 6 minutes (\u00e9value la tol\u00e9rance \u00e0 l&rsquo;effort), et parfois recherche d&rsquo;un d\u00e9ficit en alpha-1-antitrypsine chez les patients jeunes ou non fumeurs.<\/p>\n\n\n\n<h2 class=\"wp-block-heading has-text-color has-link-color wp-elements-c28a578869b6b9b6ccc307699aab9707\" style=\"color:#0097a7\">Prise en charge et traitements de la bronchite chronique<\/h2>\n\n\n\n<h3 class=\"wp-block-heading\">Traitements m\u00e9dicamenteux<\/h3>\n\n\n\n<p>Les <strong>bronchodilatateurs<\/strong> constituent la pierre angulaire du traitement pharmacologique. Ils agissent en rel\u00e2chant les<strong> muscles lisses bronchiques<\/strong>, am\u00e9liorant ainsi la ventilation pulmonaire. On distingue deux principales cat\u00e9gories : les b\u00eata-2 agonistes (comme le salbutamol, le formot\u00e9rol) et les <strong>anticholinergiques<\/strong> (comme le tiotropium, l&rsquo;ipratropium). Selon la s\u00e9v\u00e9rit\u00e9 des sympt\u00f4mes, ils sont prescrits \u00e0 la demande ou en traitement de fond, sous forme d&rsquo;inhalateurs \u00e0 courte ou longue dur\u00e9e d&rsquo;action.<\/p>\n\n\n\n<p>Les <strong>corticost\u00e9ro\u00efdes<\/strong> inhal\u00e9s sont g\u00e9n\u00e9ralement r\u00e9serv\u00e9s aux patients pr\u00e9sentant des exacerbations fr\u00e9quentes ou une composante asthmatique associ\u00e9e. Ils r\u00e9duisent <strong>l&rsquo;inflammation bronchique<\/strong> et sont souvent associ\u00e9s aux bronchodilatateurs dans des dispositifs combin\u00e9s. La b\u00e9clom\u00e9thasone, la fluticasone ou le bud\u00e9sonide figurent parmi les mol\u00e9cules les plus prescrites. Leur utilisation doit \u00eatre encadr\u00e9e, car ils peuvent augmenter le risque d&rsquo;<strong>infections respiratoires<\/strong>.<\/p>\n\n\n\n<p>Les <strong>antibiotiques<\/strong> sont indiqu\u00e9s lors des exacerbations lorsqu&rsquo;elles pr\u00e9sentent des signes d&rsquo;infection bact\u00e9rienne (expectoration purulente, fi\u00e8vre). Le choix de l&rsquo;antibiotique d\u00e9pend du germe suspect\u00e9 et de l&rsquo;\u00e9cologie locale. Dans certains cas de bronchite chronique s\u00e9v\u00e8re avec exacerbations r\u00e9p\u00e9t\u00e9es, une antibioth\u00e9rapie prophylactique peut \u00eatre discut\u00e9e, notamment avec <strong>l&rsquo;azithromycine<\/strong> qui poss\u00e8de \u00e9galement des propri\u00e9t\u00e9s anti-inflammatoires.<\/p>\n\n\n\n<p>D&rsquo;autres traitements peuvent compl\u00e9ter l&rsquo;arsenal th\u00e9rapeutique : fluidifiants bronchiques pour faciliter l&rsquo;expectoration, th\u00e9ophylline chez certains patients s\u00e9v\u00e8res, ou inhibiteurs de la phosphodiest\u00e9rase-4 comme le roflumilast pour les formes avec exacerbations fr\u00e9quentes malgr\u00e9 un traitement optimal.<\/p>\n\n\n\n<h3 class=\"wp-block-heading\">Approches non m\u00e9dicamenteuses<\/h3>\n\n\n\n<p><strong>Le sevrage tabagique <\/strong>repr\u00e9sente l&rsquo;intervention th\u00e9rapeutique la plus efficace pour ralentir la progression de la maladie. Il permet de stabiliser la fonction respiratoire et de r\u00e9duire la fr\u00e9quence des exacerbations. Des solutions d&rsquo;aide au sevrage existent : substituts nicotiniques, m\u00e9dicaments sp\u00e9cifiques (var\u00e9nicline, bupropion), accompagnement psychologique et comportemental. Une approche personnalis\u00e9e augmente significativement les chances de r\u00e9ussite.<\/p>\n\n\n\n<p>La r\u00e9habilitation respiratoire constitue une approche globale essentielle. Elle comprend un programme d&rsquo;exercices physiques adapt\u00e9s, une \u00e9ducation th\u00e9rapeutique, un soutien nutritionnel et psychologique. Les \u00e9tudes d\u00e9montrent son efficacit\u00e9 pour am\u00e9liorer la capacit\u00e9 d&rsquo;effort, diminuer la dyspn\u00e9e et am\u00e9liorer la qualit\u00e9 de vie. Id\u00e9alement r\u00e9alis\u00e9e en structure sp\u00e9cialis\u00e9e, elle peut \u00eatre poursuivie \u00e0 domicile avec un suivi r\u00e9gulier.<\/p>\n\n\n\n<p>Les <strong>vaccinations<\/strong> recommand\u00e9es incluent la vaccination antigrippale annuelle et la vaccination anti-pneumococcique. Elles r\u00e9duisent significativement le risque d&rsquo;infections respiratoires pouvant d\u00e9clencher des exacerbations s\u00e9v\u00e8res. La vaccination contre la COVID-19 est \u00e9galement fortement recommand\u00e9e pour ces patients particuli\u00e8rement <strong>vuln\u00e9rables<\/strong>.<\/p>\n\n\n<div class=\"wp-block-image\">\n<figure class=\"aligncenter size-large is-resized\"><img decoding=\"async\" width=\"1024\" height=\"660\" data-src=\"https:\/\/s3.eu-west-1.amazonaws.com\/dm.prod.raw\/2025\/07\/Capture-decran-2025-07-11-a-15.25.28-1-1024x660.png\" alt=\"Oxyg\u00e9noth\u00e9rapie\" class=\"wp-image-17439 lazyload\" style=\"--smush-placeholder-width: 1024px; --smush-placeholder-aspect-ratio: 1024\/660;width:364px;height:auto\" data-srcset=\"https:\/\/s3.eu-west-1.amazonaws.com\/dm.prod.raw\/2025\/07\/Capture-decran-2025-07-11-a-15.25.28-1-300x193.png 300w, https:\/\/s3.eu-west-1.amazonaws.com\/dm.prod.raw\/2025\/07\/Capture-decran-2025-07-11-a-15.25.28-1-1024x660.png 1024w, https:\/\/s3.eu-west-1.amazonaws.com\/dm.prod.raw\/2025\/07\/Capture-decran-2025-07-11-a-15.25.28-1-768x495.png 768w, https:\/\/s3.eu-west-1.amazonaws.com\/dm.prod.raw\/2025\/07\/Capture-decran-2025-07-11-a-15.25.28-1.png 1468w\" data-sizes=\"(max-width: 1024px) 100vw, 1024px\" src=\"data:image\/svg+xml;base64,PHN2ZyB3aWR0aD0iMSIgaGVpZ2h0PSIxIiB4bWxucz0iaHR0cDovL3d3dy53My5vcmcvMjAwMC9zdmciPjwvc3ZnPg==\" \/><\/figure>\n<\/div>\n\n\n<p><strong>L&rsquo;oxyg\u00e9noth\u00e9rapie<\/strong> de longue dur\u00e9e devient n\u00e9cessaire aux stades avanc\u00e9s en cas d&rsquo;insuffisance respiratoire chronique avec hypox\u00e9mie persistante. D\u00e9livr\u00e9e \u00e0 domicile par diff\u00e9rents dispositifs (concentrateur, oxyg\u00e8ne liquide), elle am\u00e9liore la survie et la qualit\u00e9 de vie des patients s\u00e9v\u00e8rement atteints.<\/p>\n\n\n\n<p>Doctoome vous aide \u00e0 localiser des pneumologues et centres de r\u00e9habilitation respiratoire sp\u00e9cialis\u00e9s dans votre r\u00e9gion pour une prise en charge optimale de votre bronchite chronique.<\/p>\n\n\n\n<h2 class=\"wp-block-heading has-text-color has-link-color wp-elements-5fe35c8899fbe15aefb662937d4da79f\" style=\"color:#0097a7\">Vivre au quotidien avec une bronchite chronique<\/h2>\n\n\n\n<h3 class=\"wp-block-heading\">Adaptation du mode de vie<\/h3>\n\n\n\n<p><strong>L&rsquo;activit\u00e9 physique r\u00e9guli\u00e8re et adapt\u00e9e <\/strong>constitue un pilier de la prise en charge. Contrairement aux id\u00e9es re\u00e7ues, l&rsquo;exercice n&rsquo;aggrave pas la dyspn\u00e9e \u00e0 long terme mais l&rsquo;am\u00e9liore en renfor\u00e7ant les muscles respiratoires et p\u00e9riph\u00e9riques. Les recommandations actuelles pr\u00e9conisent 30 minutes d&rsquo;activit\u00e9 mod\u00e9r\u00e9e au moins 3 fois par semaine. La marche, le v\u00e9lo d&rsquo;appartement ou la natation sont particuli\u00e8rement recommand\u00e9s. L&rsquo;intensit\u00e9 doit \u00eatre progressivement augment\u00e9e sous supervision m\u00e9dicale.<\/p>\n\n\n\n<p>L&rsquo;alimentation \u00e9quilibr\u00e9e joue un r\u00f4le important. La d\u00e9nutrition, fr\u00e9quente dans les formes avanc\u00e9es, aggrave le pronostic en affaiblissant les muscles respiratoires. \u00c0 l&rsquo;inverse, l&rsquo;ob\u00e9sit\u00e9 majore l&rsquo;essoufflement. Un r\u00e9gime m\u00e9diterran\u00e9en riche en fruits, l\u00e9gumes et poissons, apportant des antioxydants naturels, semble b\u00e9n\u00e9fique. Dans certains cas, des compl\u00e9ments nutritionnels peuvent \u00eatre prescrits.<\/p>\n\n\n\n<p>La gestion des facteurs environnementaux passe par l&rsquo;\u00e9vitement des irritants respiratoires : air pollu\u00e9, produits m\u00e9nagers agressifs, parfums d&rsquo;int\u00e9rieur. L&rsquo;installation d&rsquo;un purificateur d&rsquo;air peut \u00eatre utile. En p\u00e9riode de pic de pollution ou de grand froid, limiter les sorties ext\u00e9rieures est recommand\u00e9. \u00c0 domicile, maintenir une humidit\u00e9 ad\u00e9quate (50-60%) et une temp\u00e9rature mod\u00e9r\u00e9e (19-21\u00b0C) am\u00e9liore le confort respiratoire.<\/p>\n\n\n\n<h3 class=\"wp-block-heading\">Techniques de gestion des sympt\u00f4mes<\/h3>\n\n\n\n<p>Les techniques de respiration contr\u00f4l\u00e9e permettent d&rsquo;optimiser la <strong>ventilation<\/strong> et de r\u00e9duire la<strong> sensation d&rsquo;essoufflement. <\/strong>La respiration \u00e0 l\u00e8vres pinc\u00e9es (expiration lente par la bouche \u00e0 travers des l\u00e8vres l\u00e9g\u00e8rement ferm\u00e9es) diminue le collapsus des petites bronches. La respiration abdominale ou diaphragmatique privil\u00e9gie l&rsquo;utilisation du diaphragme plut\u00f4t que des muscles accessoires, r\u00e9duisant ainsi la d\u00e9pense \u00e9nerg\u00e9tique respiratoire.<\/p>\n\n\n\n<p><strong>Le d\u00e9sencombrement bronchique<\/strong> s&rsquo;av\u00e8re essentiel pour les patients produisant beaucoup de s\u00e9cr\u00e9tions. L&rsquo;autodrainage postural (positions sp\u00e9cifiques favorisant l&rsquo;\u00e9coulement du mucus), associ\u00e9 \u00e0 des techniques d&rsquo;expectoration contr\u00f4l\u00e9e, peut \u00eatre pratiqu\u00e9 quotidiennement. L&rsquo;hydratation suffisante (1,5 \u00e0 2 litres par jour) fluidifie les s\u00e9cr\u00e9tions. Des dispositifs comme les <strong>flutter<\/strong> ou les<strong> appareils \u00e0 pression expiratoire positive <\/strong>peuvent \u00eatre prescrits.<\/p>\n\n\n\n<p><strong>La gestion du stress et de l&rsquo;anxi\u00e9t\u00e9<\/strong> s&rsquo;impose car ces facteurs aggravent la dyspn\u00e9e. Des techniques de relaxation comme la m\u00e9ditation de pleine conscience, le yoga adapt\u00e9 ou la sophrologie montrent des b\u00e9n\u00e9fices r\u00e9els. Des consultations avec un psychologue peuvent aider \u00e0 g\u00e9rer l&rsquo;anxi\u00e9t\u00e9 respiratoire et l&rsquo;apprentissage de strat\u00e9gies d&rsquo;adaptation face \u00e0 la maladie chronique.<\/p>\n\n\n\n<div class=\"wp-block-buttons is-content-justification-center is-layout-flex wp-container-core-buttons-is-layout-16018d1d wp-block-buttons-is-layout-flex\">\n<div class=\"wp-block-button\"><a class=\"wp-block-button__link has-background wp-element-button\" href=\"https:\/\/www.doctoome.com\/s\/pneumologue\/\" style=\"background-color:#0097a7\" target=\"_blank\" rel=\"noreferrer noopener\"><strong>Consulter un pneumologue autour de moi<\/strong><\/a><\/div>\n<\/div>\n\n\n\n<h2 class=\"wp-block-heading has-text-color has-link-color wp-elements-2f572ed4b02c6f7f3a5c991ec57e07c8\" style=\"color:#0097a7\">FAQ sur la bronchite chronique<\/h2>\n\n\n\n<h3 class=\"wp-block-heading\">Quelle est la diff\u00e9rence entre bronchite aigu\u00eb et chronique ?<\/h3>\n\n\n\n<p>La bronchite aigu\u00eb est une inflammation temporaire des bronches, g\u00e9n\u00e9ralement d&rsquo;origine infectieuse, qui se r\u00e9sout en 1 \u00e0 3 semaines. La bronchite chronique se caract\u00e9rise par une toux productive persistant au moins trois mois par an pendant deux ann\u00e9es cons\u00e9cutives, t\u00e9moignant d&rsquo;une inflammation bronchique permanente. Contrairement \u00e0 la forme aigu\u00eb, elle s&rsquo;installe progressivement et s&rsquo;inscrit dans la dur\u00e9e.<\/p>\n\n\n\n<h3 class=\"wp-block-heading\">Comment soigner naturellement une bronchite chronique ?<\/h3>\n\n\n\n<p>Les approches naturelles peuvent compl\u00e9ter mais ne remplacent pas les traitements m\u00e9dicaux. Le sevrage tabagique reste l&rsquo;intervention la plus efficace. L&rsquo;hydratation, l&rsquo;humidification de l&rsquo;air, les inhalations de vapeur d&rsquo;eau peuvent fluidifier les s\u00e9cr\u00e9tions. Certaines plantes comme le thym ou l&rsquo;eucalyptus poss\u00e8dent des propri\u00e9t\u00e9s expectorantes. L&rsquo;activit\u00e9 physique r\u00e9guli\u00e8re renforce les muscles respiratoires et am\u00e9liore la capacit\u00e9 pulmonaire.<\/p>\n\n\n\n<h3 class=\"wp-block-heading\">Peut-on gu\u00e9rir d\u00e9finitivement d&rsquo;une bronchite chronique ?<\/h3>\n\n\n\n<p>Une gu\u00e9rison compl\u00e8te est rarement possible car les modifications structurelles des bronches sont partiellement irr\u00e9versibles. Cependant, l&rsquo;arr\u00eat du tabac et un traitement adapt\u00e9 peuvent stopper la progression de la maladie et am\u00e9liorer significativement la qualit\u00e9 de vie. Chez les patients diagnostiqu\u00e9s pr\u00e9cocement qui arr\u00eatent de fumer, on observe parfois une stabilisation durable et une r\u00e9gression partielle des sympt\u00f4mes.<\/p>\n\n\n\n<h3 class=\"wp-block-heading\">Quels sont les risques d&rsquo;\u00e9volution d&rsquo;une bronchite chronique non trait\u00e9e ?<\/h3>\n\n\n\n<p>Sans prise en charge, la bronchite chronique peut \u00e9voluer vers une BPCO avec obstruction bronchique progressive et irr\u00e9versible. Les complications incluent une insuffisance respiratoire chronique n\u00e9cessitant une oxyg\u00e9noth\u00e9rapie, une hypertension pulmonaire, une insuffisance cardiaque droite (c\u0153ur pulmonaire), des exacerbations s\u00e9v\u00e8res n\u00e9cessitant des hospitalisations et un impact majeur sur la qualit\u00e9 de vie.<\/p>\n\n\n\n<h3 class=\"wp-block-heading\">La bronchite chronique est-elle contagieuse ?<\/h3>\n\n\n\n<p>Non, la bronchite chronique n&rsquo;est pas contagieuse. Il s&rsquo;agit d&rsquo;une maladie inflammatoire chronique principalement li\u00e9e \u00e0 l&rsquo;exposition \u00e0 des irritants comme le tabac ou la pollution. En revanche, les exacerbations infectieuses qui compliquent la bronchite chronique peuvent \u00eatre caus\u00e9es par des agents infectieux transmissibles (virus, bact\u00e9ries), justifiant des pr\u00e9cautions d&rsquo;hygi\u00e8ne pendant ces \u00e9pisodes.<\/p>\n\n\n\n<h3 class=\"wp-block-heading\">Comment diff\u00e9rencier une exacerbation de bronchite chronique d&rsquo;une pneumonie ?<\/h3>\n\n\n\n<p>Une exacerbation se caract\u00e9rise par l&rsquo;aggravation des sympt\u00f4mes habituels : augmentation de la toux, modification des expectorations et majoration de la dyspn\u00e9e. La pneumonie pr\u00e9sente g\u00e9n\u00e9ralement une fi\u00e8vre plus \u00e9lev\u00e9e, des frissons, une douleur thoracique localis\u00e9e et souvent une alt\u00e9ration de l&rsquo;\u00e9tat g\u00e9n\u00e9ral plus importante. Seul un examen m\u00e9dical avec radiographie thoracique permet de faire la distinction avec certitude.<\/p>\n\n\n\n<h3 class=\"wp-block-heading\">\u00c0 partir de quand faut-il consulter en cas de suspicion de bronchite chronique ?<\/h3>\n\n\n\n<p>Il est recommand\u00e9 de consulter un m\u00e9decin si vous pr\u00e9sentez une toux persistant plus de trois semaines, surtout si elle s&rsquo;accompagne d&rsquo;expectorations. Une dyspn\u00e9e d&rsquo;effort progressive ou une fatigue inexpliqu\u00e9e constituent \u00e9galement des motifs de consultation, particuli\u00e8rement chez les fumeurs ou ex-fumeurs. Un diagnostic pr\u00e9coce permet une prise en charge plus efficace.<\/p>\n\n\n\n<h2 class=\"wp-block-heading has-text-color has-link-color wp-elements-bdbe7bb7f43ed24bbeae08ca7c6df4c0\" style=\"color:#0097a7\">En r\u00e9sum\u00e9<\/h2>\n\n\n\n<p>La bronchite chronique repr\u00e9sente un d\u00e9fi de sant\u00e9 publique majeur, touchant des millions de Fran\u00e7ais et alt\u00e9rant significativement leur qualit\u00e9 de vie. Comprendre cette pathologie dans sa globalit\u00e9 est essentiel pour optimiser sa prise en charge.<\/p>\n\n\n\n<p>L&rsquo;approche th\u00e9rapeutique moderne de la bronchite chronique repose sur trois piliers fondamentaux : la suppression des facteurs de risque (principalement le sevrage tabagique), un traitement m\u00e9dicamenteux adapt\u00e9 \u00e0 la s\u00e9v\u00e9rit\u00e9 des sympt\u00f4mes, et une approche multidisciplinaire incluant r\u00e9habilitation respiratoire et \u00e9ducation th\u00e9rapeutique.<\/p>\n\n\n\n<p>Si la bronchite chronique reste une maladie progressive dont les l\u00e9sions sont partiellement irr\u00e9versibles, les avanc\u00e9es th\u00e9rapeutiques permettent aujourd&rsquo;hui d&rsquo;en ralentir consid\u00e9rablement l&rsquo;\u00e9volution et d&rsquo;am\u00e9liorer le quotidien des patients. Le diagnostic pr\u00e9coce constitue un enjeu majeur, n\u00e9cessitant une sensibilisation accrue du grand public et des professionnels de sant\u00e9 aux premiers signes de la maladie.<\/p>\n\n\n\n<p>Vivre avec une bronchite chronique n\u00e9cessite une adaptation quotidienne, mais n&#8217;emp\u00eache pas une vie active et \u00e9panouissante lorsque la maladie est correctement prise en charge. L&rsquo;implication du patient dans son parcours de soins, soutenue par une \u00e9quipe m\u00e9dicale comp\u00e9tente, demeure la cl\u00e9 du succ\u00e8s th\u00e9rapeutique.<\/p>\n\n\n\n<p><strong>Autres articles qui pourrait vous int\u00e9resser : <\/strong><\/p>\n\n\n\n<ul class=\"wp-block-list\">\n<li>Maladies chroniques prises en charge par l\u2019allergologue : <a href=\"https:\/\/www.doctoome.com\/blog\/maladies-chroniques-prises-en-charge-par-lallergologue\/\" target=\"_blank\" rel=\"noreferrer noopener\">https:\/\/www.doctoome.com\/blog\/maladies-chroniques-prises-en-charge-par-lallergologue\/<\/a><\/li>\n\n\n\n<li>BPCO : Bronchopneumopathie Chronique Obstructive : <a href=\"https:\/\/www.doctoome.com\/blog\/bpco-bronchopneumopathie-chronique-obstructive\/\" target=\"_blank\" rel=\"noreferrer noopener\">https:\/\/www.doctoome.com\/blog\/bpco-bronchopneumopathie-chronique-obstructive\/<\/a><\/li>\n\n\n\n<li>Asthme s\u00e9v\u00e8re \u2013 T\u00e9moignage de Morgane : <a href=\"https:\/\/www.doctoome.com\/blog\/asthme-severe-temoignage-de-morgane\/\" target=\"_blank\" rel=\"noreferrer noopener\">https:\/\/www.doctoome.com\/blog\/asthme-severe-temoignage-de-morgane\/<\/a><\/li>\n<\/ul>\n\n\n\n<p><\/p>\n","protected":false},"excerpt":{"rendered":"<p>La bronchite chronique se d\u00e9finit m\u00e9dicalement comme une affection respiratoire caract\u00e9ris\u00e9e par une toux productive (accompagn\u00e9e d&rsquo;expectorations) pr\u00e9sente au moins trois mois par an pendant deux ann\u00e9es cons\u00e9cutives. Cette pathologie s&rsquo;inscrit dans le cadre plus large de la Bronchopneumopathie Chronique Obstructive (BPCO), dont elle constitue l&rsquo;une des principales composantes avec l&#8217;emphys\u00e8me pulmonaire.<\/p>\n","protected":false},"author":133,"featured_media":17436,"comment_status":"open","ping_status":"closed","sticky":false,"template":"","format":"standard","meta":{"footnotes":""},"categories":[2165],"tags":[2628,2216],"class_list":["post-17402","post","type-post","status-publish","format-standard","has-post-thumbnail","hentry","category-maladie-chronique","tag-maladie-respiratoire","tag-pneumologue"],"yoast_head":"<!-- This site is optimized with the Yoast SEO plugin v27.5 - https:\/\/yoast.com\/product\/yoast-seo-wordpress\/ -->\n<title>Bronchite chronique : sympt\u00f4mes et traitements<\/title>\n<meta name=\"description\" content=\"Tout ce qu\u2019il faut savoir sur la bronchite chronique pour mieux comprendre la maladie et am\u00e9liorer votre qualit\u00e9 de vie.\" \/>\n<meta name=\"robots\" content=\"index, follow, max-snippet:-1, max-image-preview:large, max-video-preview:-1\" \/>\n<link rel=\"canonical\" href=\"https:\/\/www.doctoome.com\/blog\/bronchite-chronique-symptomes-traitements-quotidien\/\" \/>\n<meta property=\"og:locale\" content=\"fr_FR\" \/>\n<meta property=\"og:type\" content=\"article\" \/>\n<meta property=\"og:title\" content=\"Bronchite chronique : sympt\u00f4mes et traitements\" \/>\n<meta property=\"og:description\" content=\"Tout ce qu\u2019il faut savoir sur la bronchite chronique pour mieux comprendre la maladie et am\u00e9liorer votre qualit\u00e9 de vie.\" \/>\n<meta property=\"og:url\" content=\"https:\/\/www.doctoome.com\/blog\/bronchite-chronique-symptomes-traitements-quotidien\/\" \/>\n<meta property=\"og:site_name\" content=\"Blog - Doctoome\" \/>\n<meta property=\"article:publisher\" content=\"https:\/\/www.facebook.com\/doctoome\/\" \/>\n<meta property=\"article:published_time\" content=\"2025-07-17T04:30:00+00:00\" \/>\n<meta property=\"article:modified_time\" content=\"2025-09-08T12:05:42+00:00\" \/>\n<meta property=\"og:image\" content=\"https:\/\/s3.eu-west-1.amazonaws.com\/dm.prod.raw\/2025\/07\/Visuels-nouveaux-articles-de-blog_septembre-2024-20-1.png\" \/>\n\t<meta property=\"og:image:width\" content=\"1313\" \/>\n\t<meta property=\"og:image:height\" content=\"875\" \/>\n\t<meta property=\"og:image:type\" content=\"image\/png\" \/>\n<meta name=\"author\" content=\"Estelle Pinat\" \/>\n<meta name=\"twitter:card\" content=\"summary_large_image\" \/>\n<meta name=\"twitter:creator\" content=\"@Doctoome\" \/>\n<meta name=\"twitter:site\" content=\"@Doctoome\" \/>\n<meta name=\"twitter:label1\" content=\"\u00c9crit par\" \/>\n\t<meta name=\"twitter:data1\" content=\"Estelle Pinat\" \/>\n\t<meta name=\"twitter:label2\" content=\"Dur\u00e9e de lecture estim\u00e9e\" \/>\n\t<meta name=\"twitter:data2\" content=\"14 minutes\" \/>\n<script type=\"application\/ld+json\" class=\"yoast-schema-graph\">{\"@context\":\"https:\\\/\\\/schema.org\",\"@graph\":[{\"@type\":\"Article\",\"@id\":\"https:\\\/\\\/www.doctoome.com\\\/blog\\\/bronchite-chronique-symptomes-traitements-quotidien\\\/#article\",\"isPartOf\":{\"@id\":\"https:\\\/\\\/www.doctoome.com\\\/blog\\\/bronchite-chronique-symptomes-traitements-quotidien\\\/\"},\"author\":{\"name\":\"Estelle Pinat\",\"@id\":\"https:\\\/\\\/www.doctoome.com\\\/blog\\\/#\\\/schema\\\/person\\\/5db0633bfdca7661df93f04cce7c16a7\"},\"headline\":\"Bronchite chronique : sympt\u00f4mes, traitements et conseils pour mieux vivre\",\"datePublished\":\"2025-07-17T04:30:00+00:00\",\"dateModified\":\"2025-09-08T12:05:42+00:00\",\"mainEntityOfPage\":{\"@id\":\"https:\\\/\\\/www.doctoome.com\\\/blog\\\/bronchite-chronique-symptomes-traitements-quotidien\\\/\"},\"wordCount\":2938,\"commentCount\":0,\"publisher\":{\"@id\":\"https:\\\/\\\/www.doctoome.com\\\/blog\\\/#organization\"},\"image\":{\"@id\":\"https:\\\/\\\/www.doctoome.com\\\/blog\\\/bronchite-chronique-symptomes-traitements-quotidien\\\/#primaryimage\"},\"thumbnailUrl\":\"https:\\\/\\\/s3.eu-west-1.amazonaws.com\\\/dm.prod.raw\\\/2025\\\/07\\\/Visuels-nouveaux-articles-de-blog_septembre-2024-20-1.png\",\"keywords\":[\"maladie respiratoire\",\"Pneumologue\"],\"articleSection\":[\"Maladie chronique\"],\"inLanguage\":\"fr-FR\",\"potentialAction\":[{\"@type\":\"CommentAction\",\"name\":\"Comment\",\"target\":[\"https:\\\/\\\/www.doctoome.com\\\/blog\\\/bronchite-chronique-symptomes-traitements-quotidien\\\/#respond\"]}]},{\"@type\":\"WebPage\",\"@id\":\"https:\\\/\\\/www.doctoome.com\\\/blog\\\/bronchite-chronique-symptomes-traitements-quotidien\\\/\",\"url\":\"https:\\\/\\\/www.doctoome.com\\\/blog\\\/bronchite-chronique-symptomes-traitements-quotidien\\\/\",\"name\":\"Bronchite chronique : sympt\u00f4mes et traitements\",\"isPartOf\":{\"@id\":\"https:\\\/\\\/www.doctoome.com\\\/blog\\\/#website\"},\"primaryImageOfPage\":{\"@id\":\"https:\\\/\\\/www.doctoome.com\\\/blog\\\/bronchite-chronique-symptomes-traitements-quotidien\\\/#primaryimage\"},\"image\":{\"@id\":\"https:\\\/\\\/www.doctoome.com\\\/blog\\\/bronchite-chronique-symptomes-traitements-quotidien\\\/#primaryimage\"},\"thumbnailUrl\":\"https:\\\/\\\/s3.eu-west-1.amazonaws.com\\\/dm.prod.raw\\\/2025\\\/07\\\/Visuels-nouveaux-articles-de-blog_septembre-2024-20-1.png\",\"datePublished\":\"2025-07-17T04:30:00+00:00\",\"dateModified\":\"2025-09-08T12:05:42+00:00\",\"description\":\"Tout ce qu\u2019il faut savoir sur la bronchite chronique pour mieux comprendre la maladie et am\u00e9liorer votre qualit\u00e9 de vie.\",\"inLanguage\":\"fr-FR\",\"potentialAction\":[{\"@type\":\"ReadAction\",\"target\":[\"https:\\\/\\\/www.doctoome.com\\\/blog\\\/bronchite-chronique-symptomes-traitements-quotidien\\\/\"]}]},{\"@type\":\"ImageObject\",\"inLanguage\":\"fr-FR\",\"@id\":\"https:\\\/\\\/www.doctoome.com\\\/blog\\\/bronchite-chronique-symptomes-traitements-quotidien\\\/#primaryimage\",\"url\":\"https:\\\/\\\/s3.eu-west-1.amazonaws.com\\\/dm.prod.raw\\\/2025\\\/07\\\/Visuels-nouveaux-articles-de-blog_septembre-2024-20-1.png\",\"contentUrl\":\"https:\\\/\\\/s3.eu-west-1.amazonaws.com\\\/dm.prod.raw\\\/2025\\\/07\\\/Visuels-nouveaux-articles-de-blog_septembre-2024-20-1.png\",\"width\":1313,\"height\":875,\"caption\":\"La bronchite chronique se d\u00e9finit m\u00e9dicalement comme une affection respiratoire caract\u00e9ris\u00e9e par une toux productive (accompagn\u00e9e d'expectorations) pr\u00e9sente au moins trois mois par an pendant deux ann\u00e9es cons\u00e9cutives. Cette pathologie s'inscrit dans le cadre plus large de la Bronchopneumopathie Chronique Obstructive (BPCO), dont elle constitue l'une des principales composantes avec l'emphys\u00e8me pulmonaire.\"},{\"@type\":\"WebSite\",\"@id\":\"https:\\\/\\\/www.doctoome.com\\\/blog\\\/#website\",\"url\":\"https:\\\/\\\/www.doctoome.com\\\/blog\\\/\",\"name\":\"Blog - Doctoome\",\"description\":\"Toutes nos astuces sant\u00e9 et bien-\u00eatre\",\"publisher\":{\"@id\":\"https:\\\/\\\/www.doctoome.com\\\/blog\\\/#organization\"},\"potentialAction\":[{\"@type\":\"SearchAction\",\"target\":{\"@type\":\"EntryPoint\",\"urlTemplate\":\"https:\\\/\\\/www.doctoome.com\\\/blog\\\/?s={search_term_string}\"},\"query-input\":{\"@type\":\"PropertyValueSpecification\",\"valueRequired\":true,\"valueName\":\"search_term_string\"}}],\"inLanguage\":\"fr-FR\"},{\"@type\":\"Organization\",\"@id\":\"https:\\\/\\\/www.doctoome.com\\\/blog\\\/#organization\",\"name\":\"Blog - Doctoome\",\"url\":\"https:\\\/\\\/www.doctoome.com\\\/blog\\\/\",\"logo\":{\"@type\":\"ImageObject\",\"inLanguage\":\"fr-FR\",\"@id\":\"https:\\\/\\\/www.doctoome.com\\\/blog\\\/#\\\/schema\\\/logo\\\/image\\\/\",\"url\":\"https:\\\/\\\/s3.eu-west-1.amazonaws.com\\\/dm.prod.raw\\\/2025\\\/07\\\/dQutxZuI-Media-1.png\",\"contentUrl\":\"https:\\\/\\\/s3.eu-west-1.amazonaws.com\\\/dm.prod.raw\\\/2025\\\/07\\\/dQutxZuI-Media-1.png\",\"width\":450,\"height\":200,\"caption\":\"Blog - Doctoome\"},\"image\":{\"@id\":\"https:\\\/\\\/www.doctoome.com\\\/blog\\\/#\\\/schema\\\/logo\\\/image\\\/\"},\"sameAs\":[\"https:\\\/\\\/www.facebook.com\\\/doctoome\\\/\",\"https:\\\/\\\/x.com\\\/Doctoome\",\"https:\\\/\\\/www.instagram.com\\\/doctoome_\\\/\",\"https:\\\/\\\/www.linkedin.com\\\/company\\\/doctoome\\\/\",\"https:\\\/\\\/www.youtube.com\\\/channel\\\/UCDbvPhELiZsPKeyNddFz6Qg\"]},{\"@type\":\"Person\",\"@id\":\"https:\\\/\\\/www.doctoome.com\\\/blog\\\/#\\\/schema\\\/person\\\/5db0633bfdca7661df93f04cce7c16a7\",\"name\":\"Estelle Pinat\",\"image\":{\"@type\":\"ImageObject\",\"inLanguage\":\"fr-FR\",\"@id\":\"https:\\\/\\\/secure.gravatar.com\\\/avatar\\\/04c89fc34cd251a6f011833b8738f82c407c96771c9a6aa0c0d926f2cca2bcf6?s=96&d=blank&r=g\",\"url\":\"https:\\\/\\\/secure.gravatar.com\\\/avatar\\\/04c89fc34cd251a6f011833b8738f82c407c96771c9a6aa0c0d926f2cca2bcf6?s=96&d=blank&r=g\",\"contentUrl\":\"https:\\\/\\\/secure.gravatar.com\\\/avatar\\\/04c89fc34cd251a6f011833b8738f82c407c96771c9a6aa0c0d926f2cca2bcf6?s=96&d=blank&r=g\",\"caption\":\"Estelle Pinat\"},\"description\":\"Pharmacienne, Estelle Pinat vous d\u00e9voile ses conseils pour prendre soin de votre sant\u00e9 au quotidien.\",\"url\":\"https:\\\/\\\/www.doctoome.com\\\/blog\\\/author\\\/estelle-pinat\\\/\"}]}<\/script>\n<!-- \/ Yoast SEO plugin. -->","yoast_head_json":{"title":"Bronchite chronique : sympt\u00f4mes et traitements","description":"Tout ce qu\u2019il faut savoir sur la bronchite chronique pour mieux comprendre la maladie et am\u00e9liorer votre qualit\u00e9 de vie.","robots":{"index":"index","follow":"follow","max-snippet":"max-snippet:-1","max-image-preview":"max-image-preview:large","max-video-preview":"max-video-preview:-1"},"canonical":"https:\/\/www.doctoome.com\/blog\/bronchite-chronique-symptomes-traitements-quotidien\/","og_locale":"fr_FR","og_type":"article","og_title":"Bronchite chronique : sympt\u00f4mes et traitements","og_description":"Tout ce qu\u2019il faut savoir sur la bronchite chronique pour mieux comprendre la maladie et am\u00e9liorer votre qualit\u00e9 de vie.","og_url":"https:\/\/www.doctoome.com\/blog\/bronchite-chronique-symptomes-traitements-quotidien\/","og_site_name":"Blog - Doctoome","article_publisher":"https:\/\/www.facebook.com\/doctoome\/","article_published_time":"2025-07-17T04:30:00+00:00","article_modified_time":"2025-09-08T12:05:42+00:00","og_image":[{"width":1313,"height":875,"url":"https:\/\/s3.eu-west-1.amazonaws.com\/dm.prod.raw\/2025\/07\/Visuels-nouveaux-articles-de-blog_septembre-2024-20-1.png","type":"image\/png"}],"author":"Estelle Pinat","twitter_card":"summary_large_image","twitter_creator":"@Doctoome","twitter_site":"@Doctoome","twitter_misc":{"\u00c9crit par":"Estelle Pinat","Dur\u00e9e de lecture estim\u00e9e":"14 minutes"},"schema":{"@context":"https:\/\/schema.org","@graph":[{"@type":"Article","@id":"https:\/\/www.doctoome.com\/blog\/bronchite-chronique-symptomes-traitements-quotidien\/#article","isPartOf":{"@id":"https:\/\/www.doctoome.com\/blog\/bronchite-chronique-symptomes-traitements-quotidien\/"},"author":{"name":"Estelle Pinat","@id":"https:\/\/www.doctoome.com\/blog\/#\/schema\/person\/5db0633bfdca7661df93f04cce7c16a7"},"headline":"Bronchite chronique : sympt\u00f4mes, traitements et conseils pour mieux vivre","datePublished":"2025-07-17T04:30:00+00:00","dateModified":"2025-09-08T12:05:42+00:00","mainEntityOfPage":{"@id":"https:\/\/www.doctoome.com\/blog\/bronchite-chronique-symptomes-traitements-quotidien\/"},"wordCount":2938,"commentCount":0,"publisher":{"@id":"https:\/\/www.doctoome.com\/blog\/#organization"},"image":{"@id":"https:\/\/www.doctoome.com\/blog\/bronchite-chronique-symptomes-traitements-quotidien\/#primaryimage"},"thumbnailUrl":"https:\/\/s3.eu-west-1.amazonaws.com\/dm.prod.raw\/2025\/07\/Visuels-nouveaux-articles-de-blog_septembre-2024-20-1.png","keywords":["maladie respiratoire","Pneumologue"],"articleSection":["Maladie chronique"],"inLanguage":"fr-FR","potentialAction":[{"@type":"CommentAction","name":"Comment","target":["https:\/\/www.doctoome.com\/blog\/bronchite-chronique-symptomes-traitements-quotidien\/#respond"]}]},{"@type":"WebPage","@id":"https:\/\/www.doctoome.com\/blog\/bronchite-chronique-symptomes-traitements-quotidien\/","url":"https:\/\/www.doctoome.com\/blog\/bronchite-chronique-symptomes-traitements-quotidien\/","name":"Bronchite chronique : sympt\u00f4mes et traitements","isPartOf":{"@id":"https:\/\/www.doctoome.com\/blog\/#website"},"primaryImageOfPage":{"@id":"https:\/\/www.doctoome.com\/blog\/bronchite-chronique-symptomes-traitements-quotidien\/#primaryimage"},"image":{"@id":"https:\/\/www.doctoome.com\/blog\/bronchite-chronique-symptomes-traitements-quotidien\/#primaryimage"},"thumbnailUrl":"https:\/\/s3.eu-west-1.amazonaws.com\/dm.prod.raw\/2025\/07\/Visuels-nouveaux-articles-de-blog_septembre-2024-20-1.png","datePublished":"2025-07-17T04:30:00+00:00","dateModified":"2025-09-08T12:05:42+00:00","description":"Tout ce qu\u2019il faut savoir sur la bronchite chronique pour mieux comprendre la maladie et am\u00e9liorer votre qualit\u00e9 de vie.","inLanguage":"fr-FR","potentialAction":[{"@type":"ReadAction","target":["https:\/\/www.doctoome.com\/blog\/bronchite-chronique-symptomes-traitements-quotidien\/"]}]},{"@type":"ImageObject","inLanguage":"fr-FR","@id":"https:\/\/www.doctoome.com\/blog\/bronchite-chronique-symptomes-traitements-quotidien\/#primaryimage","url":"https:\/\/s3.eu-west-1.amazonaws.com\/dm.prod.raw\/2025\/07\/Visuels-nouveaux-articles-de-blog_septembre-2024-20-1.png","contentUrl":"https:\/\/s3.eu-west-1.amazonaws.com\/dm.prod.raw\/2025\/07\/Visuels-nouveaux-articles-de-blog_septembre-2024-20-1.png","width":1313,"height":875,"caption":"La bronchite chronique se d\u00e9finit m\u00e9dicalement comme une affection respiratoire caract\u00e9ris\u00e9e par une toux productive (accompagn\u00e9e d'expectorations) pr\u00e9sente au moins trois mois par an pendant deux ann\u00e9es cons\u00e9cutives. Cette pathologie s'inscrit dans le cadre plus large de la Bronchopneumopathie Chronique Obstructive (BPCO), dont elle constitue l'une des principales composantes avec l'emphys\u00e8me pulmonaire."},{"@type":"WebSite","@id":"https:\/\/www.doctoome.com\/blog\/#website","url":"https:\/\/www.doctoome.com\/blog\/","name":"Blog - Doctoome","description":"Toutes nos astuces sant\u00e9 et bien-\u00eatre","publisher":{"@id":"https:\/\/www.doctoome.com\/blog\/#organization"},"potentialAction":[{"@type":"SearchAction","target":{"@type":"EntryPoint","urlTemplate":"https:\/\/www.doctoome.com\/blog\/?s={search_term_string}"},"query-input":{"@type":"PropertyValueSpecification","valueRequired":true,"valueName":"search_term_string"}}],"inLanguage":"fr-FR"},{"@type":"Organization","@id":"https:\/\/www.doctoome.com\/blog\/#organization","name":"Blog - Doctoome","url":"https:\/\/www.doctoome.com\/blog\/","logo":{"@type":"ImageObject","inLanguage":"fr-FR","@id":"https:\/\/www.doctoome.com\/blog\/#\/schema\/logo\/image\/","url":"https:\/\/s3.eu-west-1.amazonaws.com\/dm.prod.raw\/2025\/07\/dQutxZuI-Media-1.png","contentUrl":"https:\/\/s3.eu-west-1.amazonaws.com\/dm.prod.raw\/2025\/07\/dQutxZuI-Media-1.png","width":450,"height":200,"caption":"Blog - Doctoome"},"image":{"@id":"https:\/\/www.doctoome.com\/blog\/#\/schema\/logo\/image\/"},"sameAs":["https:\/\/www.facebook.com\/doctoome\/","https:\/\/x.com\/Doctoome","https:\/\/www.instagram.com\/doctoome_\/","https:\/\/www.linkedin.com\/company\/doctoome\/","https:\/\/www.youtube.com\/channel\/UCDbvPhELiZsPKeyNddFz6Qg"]},{"@type":"Person","@id":"https:\/\/www.doctoome.com\/blog\/#\/schema\/person\/5db0633bfdca7661df93f04cce7c16a7","name":"Estelle Pinat","image":{"@type":"ImageObject","inLanguage":"fr-FR","@id":"https:\/\/secure.gravatar.com\/avatar\/04c89fc34cd251a6f011833b8738f82c407c96771c9a6aa0c0d926f2cca2bcf6?s=96&d=blank&r=g","url":"https:\/\/secure.gravatar.com\/avatar\/04c89fc34cd251a6f011833b8738f82c407c96771c9a6aa0c0d926f2cca2bcf6?s=96&d=blank&r=g","contentUrl":"https:\/\/secure.gravatar.com\/avatar\/04c89fc34cd251a6f011833b8738f82c407c96771c9a6aa0c0d926f2cca2bcf6?s=96&d=blank&r=g","caption":"Estelle Pinat"},"description":"Pharmacienne, Estelle Pinat vous d\u00e9voile ses conseils pour prendre soin de votre sant\u00e9 au quotidien.","url":"https:\/\/www.doctoome.com\/blog\/author\/estelle-pinat\/"}]}},"_links":{"self":[{"href":"https:\/\/www.doctoome.com\/blog\/wp-json\/wp\/v2\/posts\/17402","targetHints":{"allow":["GET"]}}],"collection":[{"href":"https:\/\/www.doctoome.com\/blog\/wp-json\/wp\/v2\/posts"}],"about":[{"href":"https:\/\/www.doctoome.com\/blog\/wp-json\/wp\/v2\/types\/post"}],"author":[{"embeddable":true,"href":"https:\/\/www.doctoome.com\/blog\/wp-json\/wp\/v2\/users\/133"}],"replies":[{"embeddable":true,"href":"https:\/\/www.doctoome.com\/blog\/wp-json\/wp\/v2\/comments?post=17402"}],"version-history":[{"count":0,"href":"https:\/\/www.doctoome.com\/blog\/wp-json\/wp\/v2\/posts\/17402\/revisions"}],"wp:featuredmedia":[{"embeddable":true,"href":"https:\/\/www.doctoome.com\/blog\/wp-json\/wp\/v2\/media\/17436"}],"wp:attachment":[{"href":"https:\/\/www.doctoome.com\/blog\/wp-json\/wp\/v2\/media?parent=17402"}],"wp:term":[{"taxonomy":"category","embeddable":true,"href":"https:\/\/www.doctoome.com\/blog\/wp-json\/wp\/v2\/categories?post=17402"},{"taxonomy":"post_tag","embeddable":true,"href":"https:\/\/www.doctoome.com\/blog\/wp-json\/wp\/v2\/tags?post=17402"}],"curies":[{"name":"wp","href":"https:\/\/api.w.org\/{rel}","templated":true}]}}