{"id":17570,"date":"2025-08-12T06:55:00","date_gmt":"2025-08-12T04:55:00","guid":{"rendered":"https:\/\/www.doctoome.com\/blog\/?p=17570"},"modified":"2025-08-01T18:06:26","modified_gmt":"2025-08-01T16:06:26","slug":"interview-de-anne-et-de-son-acne","status":"publish","type":"post","link":"https:\/\/www.doctoome.com\/blog\/interview-de-anne-et-de-son-acne\/","title":{"rendered":"Interview de Anne et de son acn\u00e9"},"content":{"rendered":"\n<p>Je m&rsquo;appelle Anne, j&rsquo;ai 31 ans et je fais plein de trucs, mais notamment j&rsquo;ai un compte Instagram o\u00f9 je cr\u00e9e du contenu qui s&rsquo;appelle <em>Acn\u00e9 Positive<\/em> et je suis aussi autrice.<\/p>\n\n\n\n<p> <\/p>\n\n\n\n<figure class=\"wp-block-embed is-type-video is-provider-youtube wp-block-embed-youtube wp-embed-aspect-16-9 wp-has-aspect-ratio\"><div class=\"wp-block-embed__wrapper\">\n<iframe title=\"Acn\u00e9  \u2022 Interview de Anne | Doctoome\" width=\"960\" height=\"540\" data-src=\"https:\/\/www.youtube.com\/embed\/O76Sj6r5VWk?feature=oembed\" frameborder=\"0\" allow=\"accelerometer; autoplay; clipboard-write; encrypted-media; gyroscope; picture-in-picture; web-share\" referrerpolicy=\"strict-origin-when-cross-origin\" allowfullscreen src=\"data:image\/svg+xml;base64,PHN2ZyB3aWR0aD0iMSIgaGVpZ2h0PSIxIiB4bWxucz0iaHR0cDovL3d3dy53My5vcmcvMjAwMC9zdmciPjwvc3ZnPg==\" class=\"lazyload\" data-load-mode=\"1\"><\/iframe>\n<\/div><\/figure>\n\n\n\n<h2 class=\"wp-block-heading has-text-color has-link-color wp-elements-7ec0eca8db4faad02c438f6cb43bf7ca\" style=\"color:#0097a7\">Peux-tu nous parler de ton parcours avec l\u2019acn\u00e9 ?<\/h2>\n\n\n\n<p>J\u2019ai eu de l\u2019acn\u00e9 pour la premi\u00e8re fois \u00e0 l\u2019adolescence, vers 15-16 ans. C\u2019\u00e9tait une acn\u00e9 assez classique, mod\u00e9r\u00e9e. J\u2019ai tout de suite pris des m\u00e9dicaments pour essayer d\u2019en venir \u00e0 bout. Mais \u00e0 24 ans, j\u2019ai eu la plus grosse pouss\u00e9e d\u2019acn\u00e9 de ma vie, une acn\u00e9 s\u00e9v\u00e8re.<\/p>\n\n\n\n<h2 class=\"wp-block-heading has-text-color has-link-color wp-elements-00c49983210f727a21111e14fffc3ba5\" style=\"color:#0097a7\">Comment as-tu v\u00e9cu ces premi\u00e8res manifestations ?<\/h2>\n\n\n\n<p>M\u00eame si mon acn\u00e9 \u00e9tait mod\u00e9r\u00e9e, c\u2019\u00e9tait impensable pour moi d\u2019avoir un seul bouton. Psychologiquement, c\u2019\u00e9tait d\u00e9j\u00e0 dur. \u00c0 24 ans, \u00e7a a \u00e9t\u00e9 encore plus violent. J\u2019avais des plaques qui ne partaient pas pendant des semaines. C\u2019\u00e9tait une vraie souffrance mentale, je pensais \u00e0 ma peau du matin au soir.<\/p>\n\n\n\n<blockquote class=\"wp-block-quote is-layout-flow wp-block-quote-is-layout-flow\">\n<p>\u201cOn a l\u2019impression que \u00e7a attaque notre propre valeur. Quand on est une femme et qu\u2019on a des boutons, on se sent en dehors des normes de beaut\u00e9.\u201d<\/p>\n<\/blockquote>\n\n\n\n<h2 class=\"wp-block-heading has-text-color has-link-color wp-elements-70a2db140668f6817169a18bca88bd05\" style=\"color:#0097a7\">As-tu re\u00e7u des t\u00e9moignages d\u2019hommes ?<\/h2>\n\n\n\n<blockquote class=\"wp-block-quote is-layout-flow wp-block-quote-is-layout-flow\">\n<p>Oui, j\u2019ai re\u00e7u des messages de jeunes hommes mais aussi d\u2019hommes plus \u00e2g\u00e9s. Cependant, l\u2019acn\u00e9 adulte est tr\u00e8s f\u00e9minine, elle touche majoritairement les femmes<\/p>\n<\/blockquote>\n\n\n\n<h2 class=\"wp-block-heading has-text-color has-link-color wp-elements-42a926bd58a8b92e624406880a28340c\" style=\"color:#0097a7\">Quels traitements as-tu test\u00e9s ?<\/h2>\n\n\n\n<p>J\u2019ai vu une dermatologue tr\u00e8s t\u00f4t, j\u2019ai pris la pilule, des hormones anti-androg\u00e8nes, des antibiotiques, des cr\u00e8mes\u2026 Mais \u00e0 chaque fois que j\u2019arr\u00eatais, l\u2019acn\u00e9 revenait, parfois pire qu\u2019avant. Alors je me suis tourn\u00e9e vers d\u2019autres approches : naturopathie, acupuncture, m\u00e9decine chinoise, r\u00e9flexologie, th\u00e9rapies psychologiques, etc.<\/p>\n\n\n\n<blockquote class=\"wp-block-quote is-layout-flow wp-block-quote-is-layout-flow\">\n<p>\u201cJ\u2019ai compris que l\u2019acn\u00e9 n\u2019\u00e9tait qu\u2019un sympt\u00f4me, et qu\u2019il fallait chercher les causes profondes.\u201d<\/p>\n\n\n\n<div class=\"wp-block-buttons is-content-justification-center is-layout-flex wp-container-core-buttons-is-layout-16018d1d wp-block-buttons-is-layout-flex\">\n<div class=\"wp-block-button\"><a class=\"wp-block-button__link has-background wp-element-button\" href=\"https:\/\/www.doctoome.com\/s\/dermatologue-et-venerologue\" style=\"background-color:#0097a7\" target=\"_blank\" rel=\"noreferrer noopener\">Consulter un dermatologue autour de moi <\/a><\/div>\n<\/div>\n\n\n\n<h2 class=\"wp-block-heading has-text-color has-link-color wp-elements-a21c43dd77b82d41d5ee9dddf17065b1\" style=\"color:#0097a7\">Comment l\u2019acn\u00e9 a-t-elle affect\u00e9 ta confiance en toi ?<\/h2>\n\n\n\n<p>Elle a d\u00e9truit ma confiance. \u00c0 24 ans, je n\u2019avais plus d\u2019estime de moi. Je me disais des choses horribles en me regardant. Et puis un jour, j\u2019ai d\u00e9cid\u00e9 de ne plus conditionner mon bonheur \u00e0 ma peau. J\u2019ai mis en place des choses pour aller mieux, et \u00e7a a chang\u00e9 ma vie.<\/p>\n\n\n\n<h2 class=\"wp-block-heading has-text-color has-link-color wp-elements-e1140d670678e0965885326bd602d634\" style=\"color:#0097a7\">As-tu identifi\u00e9 ce qui d\u00e9clenche ton acn\u00e9 ?<\/h2>\n<\/blockquote>\n\n\n\n<p> Oui. Chez moi, il y a des causes hormonales (hypothyro\u00efdie, d\u00e9s\u00e9quilibre entre progest\u00e9rone et \u0153strog\u00e8nes), des causes \u00e9motionnelles (chocs, stress), et alimentaires (sucre, produits laitiers de vache). Mais chaque acn\u00e9 est unique.<\/p>\n\n\n\n<h2 class=\"wp-block-heading has-text-color has-link-color wp-elements-52527fbd95f56f2ea997119ae5a05731\" style=\"color:#0097a7\">Existe-t-il des alternatives aux traitements m\u00e9dicamenteux ?<\/h2>\n\n\n\n<p>Oui. Pour moi, la meilleure alternative c\u2019est d\u2019essayer de comprendre les causes. La m\u00e9decine fonctionnelle ou la naturopathie peuvent vraiment aider \u00e0 cela. Il faut aller au-del\u00e0 de la prescription classique.<\/p>\n\n\n\n<h2 class=\"wp-block-heading has-text-color has-link-color wp-elements-f1e28baa00074a3dceb17cfd386f8892\" style=\"color:#0097a7\">As-tu \u00e9t\u00e9 accompagn\u00e9e dans ce parcours ?<\/h2>\n\n\n\n<p>J\u2019ai longtemps \u00e9t\u00e9 seule, mais en 2021 j\u2019ai \u00e9t\u00e9 accompagn\u00e9e pendant quelques mois, et c\u2019\u00e9tait tr\u00e8s b\u00e9n\u00e9fique. C\u2019est important de ne pas rester seul\u00b7e, pour r\u00e9duire la charge mentale, se sentir compris\u00b7e et avancer plus sereinement.<\/p>\n\n\n\n<h2 class=\"wp-block-heading has-text-color has-link-color wp-elements-eeb52f16008ad6c9791f01148925b18e\" style=\"color:#0097a7\">Peux-tu nous parler de ton compte Instagram et de tes livres ?<\/h2>\n\n\n\n<p>Sur <em>Acn\u00e9 Positive<\/em>, je parle d\u2019acn\u00e9 mais aussi de confiance en soi, de sant\u00e9 mentale, avec bienveillance et parfois avec humour. J\u2019ai aussi \u00e9crit un livre qui est un vrai guide pratique pour mieux vivre avec l\u2019acn\u00e9, avec une grosse partie sur le psychologique. Et j\u2019ai sorti r\u00e9cemment un deuxi\u00e8me livre, <strong>Red Flag en amour<\/strong>, sur les relations toxiques.<\/p>\n\n\n\n<h3 class=\"wp-block-heading has-text-color has-link-color wp-elements-728b8d776208f6f94d06c4b56bc5a06a\" style=\"color:#0097a7\">Quels conseils donnerais-tu \u00e0 une personne concern\u00e9e par l\u2019acn\u00e9 ?<\/h3>\n\n\n\n<ul class=\"wp-block-list\">\n<li>Ne pas rester seul\u00b7e, en parler, s\u2019entourer.<\/li>\n\n\n\n<li>Consulter mon compte ou lire mon livre pour trouver des cl\u00e9s.<\/li>\n\n\n\n<li>Se faire accompagner par un professionnel si possible.<\/li>\n\n\n\n<li>Ne pas se r\u00e9sumer \u00e0 sa peau : on est bien plus que son acn\u00e9.<\/li>\n<\/ul>\n\n\n\n<blockquote class=\"wp-block-quote is-layout-flow wp-block-quote-is-layout-flow\">\n<p>\u201cOn n\u2019est pas une somme de boutons. On est une personne avec une personnalit\u00e9, des \u00e9motions, des passions. L\u2019acn\u00e9 ne diminue pas notre valeur.\u201d<\/p>\n<\/blockquote>\n\n\n\n<p><strong>Autres\u00a0articles qui pourrait vous int\u00e9resser : <\/strong><\/p>\n\n\n\n<ul class=\"wp-block-list\">\n<li>T\u00e9moignage patient : Alison et son psoriasis : <a href=\"https:\/\/www.doctoome.com\/blog\/temoignage-patient-alison-et-son-psoriasis\/\" target=\"_blank\" rel=\"noreferrer noopener\">https:\/\/www.doctoome.com\/blog\/temoignage-patient-alison-et-son-psoriasis\/<\/a><\/li>\n\n\n\n<li>Association LUPUS FRANCE : t\u00e9moignage de Manon, D\u00e9l\u00e9gu\u00e9e Savoie : <a href=\"https:\/\/www.doctoome.com\/blog\/association-lupus-france-temoignage-de-manon-deleguee-savoie\/\" target=\"_blank\" rel=\"noreferrer noopener\">https:\/\/www.doctoome.com\/blog\/association-lupus-france-temoignage-de-manon-deleguee-savoie\/<\/a><\/li>\n<\/ul>\n","protected":false},"excerpt":{"rendered":"<p>Je m&rsquo;appelle Anne, j&rsquo;ai 31 ans et je fais plein de trucs, mais notamment j&rsquo;ai un compte Instagram o\u00f9 je cr\u00e9e du contenu qui s&rsquo;appelle Acn\u00e9 Positive et je suis aussi autrice. Peux-tu nous parler de ton parcours avec l\u2019acn\u00e9 ? J\u2019ai eu de l\u2019acn\u00e9 pour la premi\u00e8re fois \u00e0 l\u2019adolescence, vers 15-16 ans. C\u2019\u00e9tait une acn\u00e9 assez classique, mod\u00e9r\u00e9e. J\u2019ai tout de suite pris des m\u00e9dicaments pour essayer d\u2019en venir \u00e0 bout. Mais \u00e0 24 ans, j\u2019ai eu la plus grosse pouss\u00e9e d\u2019acn\u00e9 de ma vie, une acn\u00e9 s\u00e9v\u00e8re. Comment as-tu v\u00e9cu ces premi\u00e8res manifestations ? M\u00eame si mon acn\u00e9 \u00e9tait mod\u00e9r\u00e9e, c\u2019\u00e9tait impensable pour moi d\u2019avoir un seul bouton. Psychologiquement, c\u2019\u00e9tait d\u00e9j\u00e0 dur. \u00c0 24 ans, \u00e7a a \u00e9t\u00e9 encore plus violent. J\u2019avais des plaques qui ne partaient pas pendant des semaines. C\u2019\u00e9tait une vraie souffrance mentale, je pensais \u00e0 ma peau du matin au soir. \u201cOn a l\u2019impression que \u00e7a attaque notre propre valeur. Quand on est une femme et qu\u2019on a des boutons, on se sent en dehors des normes de beaut\u00e9.\u201d As-tu re\u00e7u des t\u00e9moignages d\u2019hommes ? Oui, j\u2019ai re\u00e7u des messages de jeunes hommes mais aussi d\u2019hommes plus \u00e2g\u00e9s. Cependant, l\u2019acn\u00e9 adulte est tr\u00e8s f\u00e9minine, elle touche majoritairement les femmes Quels traitements as-tu test\u00e9s ? J\u2019ai vu une dermatologue tr\u00e8s t\u00f4t, j\u2019ai pris la pilule, des hormones anti-androg\u00e8nes, des antibiotiques, des cr\u00e8mes\u2026 Mais \u00e0 chaque fois que j\u2019arr\u00eatais, l\u2019acn\u00e9 revenait, parfois pire qu\u2019avant. Alors je me suis tourn\u00e9e vers d\u2019autres approches : naturopathie, acupuncture, m\u00e9decine chinoise, r\u00e9flexologie, th\u00e9rapies psychologiques, etc. Oui. Chez moi, il y a des causes hormonales (hypothyro\u00efdie, d\u00e9s\u00e9quilibre entre progest\u00e9rone et \u0153strog\u00e8nes), des causes \u00e9motionnelles (chocs, stress), et alimentaires (sucre, produits laitiers de vache). Mais chaque acn\u00e9 est unique. Existe-t-il des alternatives aux traitements m\u00e9dicamenteux ? Oui. Pour moi, la meilleure alternative c\u2019est d\u2019essayer de comprendre les causes. La m\u00e9decine fonctionnelle ou la naturopathie peuvent vraiment aider \u00e0 cela. Il faut aller au-del\u00e0 de la prescription classique. As-tu \u00e9t\u00e9 accompagn\u00e9e dans ce parcours ? J\u2019ai longtemps \u00e9t\u00e9 seule, mais en 2021 j\u2019ai \u00e9t\u00e9 accompagn\u00e9e pendant quelques mois, et c\u2019\u00e9tait tr\u00e8s b\u00e9n\u00e9fique. C\u2019est important de ne pas rester seul\u00b7e, pour r\u00e9duire la charge mentale, se sentir compris\u00b7e et avancer plus sereinement. Peux-tu nous parler de ton compte Instagram et de tes livres ? Sur Acn\u00e9 Positive, je parle d\u2019acn\u00e9 mais aussi de confiance en soi, de sant\u00e9 mentale, avec bienveillance et parfois avec humour. J\u2019ai aussi \u00e9crit un livre qui est un vrai guide pratique pour mieux vivre avec l\u2019acn\u00e9, avec une grosse partie sur le psychologique. Et j\u2019ai sorti r\u00e9cemment un deuxi\u00e8me livre, Red Flag en amour, sur les relations toxiques. Quels conseils donnerais-tu \u00e0 une personne concern\u00e9e par l\u2019acn\u00e9 ? \u201cOn n\u2019est pas une somme de boutons. On est une personne avec une personnalit\u00e9, des \u00e9motions, des passions. L\u2019acn\u00e9 ne diminue pas notre valeur.\u201d Autres\u00a0articles qui pourrait vous int\u00e9resser :<\/p>\n","protected":false},"author":126,"featured_media":17573,"comment_status":"open","ping_status":"closed","sticky":false,"template":"","format":"standard","meta":{"footnotes":""},"categories":[2467],"tags":[2633,40],"class_list":["post-17570","post","type-post","status-publish","format-standard","has-post-thumbnail","hentry","category-temoignage","tag-acne","tag-dermatologue-et-venerologue"],"yoast_head":"<!-- This site is optimized with the Yoast SEO plugin v27.5 - https:\/\/yoast.com\/product\/yoast-seo-wordpress\/ -->\n<title>Interview de Anne et de son acn\u00e9 | Blog - Doctoome<\/title>\n<meta name=\"description\" content=\"Acn\u00e9 adulte : anne raconte son combat, ses souffrances, les traitements et les cl\u00e9s qui l\u2019ont aid\u00e9e \u00e0 se reconstruire.\" \/>\n<meta name=\"robots\" content=\"index, follow, max-snippet:-1, max-image-preview:large, max-video-preview:-1\" \/>\n<link rel=\"canonical\" href=\"https:\/\/www.doctoome.com\/blog\/interview-de-anne-et-de-son-acne\/\" \/>\n<meta property=\"og:locale\" content=\"fr_FR\" \/>\n<meta property=\"og:type\" content=\"article\" \/>\n<meta property=\"og:title\" content=\"Interview de Anne et de son acn\u00e9 | Blog - Doctoome\" \/>\n<meta property=\"og:description\" content=\"Acn\u00e9 adulte : anne raconte son combat, ses souffrances, les traitements et les cl\u00e9s qui l\u2019ont aid\u00e9e \u00e0 se reconstruire.\" \/>\n<meta property=\"og:url\" content=\"https:\/\/www.doctoome.com\/blog\/interview-de-anne-et-de-son-acne\/\" \/>\n<meta property=\"og:site_name\" content=\"Blog - Doctoome\" \/>\n<meta property=\"article:publisher\" content=\"https:\/\/www.facebook.com\/doctoome\/\" \/>\n<meta property=\"article:published_time\" content=\"2025-08-12T04:55:00+00:00\" \/>\n<meta property=\"og:image\" content=\"https:\/\/s3.eu-west-1.amazonaws.com\/dm.prod.raw\/2025\/07\/Visuels-nouveaux-articles-de-blog_septembre-2024-25-1.png\" \/>\n\t<meta property=\"og:image:width\" content=\"1313\" \/>\n\t<meta property=\"og:image:height\" content=\"875\" \/>\n\t<meta property=\"og:image:type\" content=\"image\/png\" \/>\n<meta name=\"author\" content=\"Chlo\u00e9\" \/>\n<meta name=\"twitter:card\" content=\"summary_large_image\" \/>\n<meta name=\"twitter:creator\" content=\"@Doctoome\" \/>\n<meta name=\"twitter:site\" content=\"@Doctoome\" \/>\n<meta name=\"twitter:label1\" content=\"\u00c9crit par\" \/>\n\t<meta name=\"twitter:data1\" content=\"Chlo\u00e9\" \/>\n\t<meta name=\"twitter:label2\" content=\"Dur\u00e9e de lecture estim\u00e9e\" \/>\n\t<meta name=\"twitter:data2\" content=\"3 minutes\" \/>\n<script type=\"application\/ld+json\" class=\"yoast-schema-graph\">{\"@context\":\"https:\\\/\\\/schema.org\",\"@graph\":[{\"@type\":\"Article\",\"@id\":\"https:\\\/\\\/www.doctoome.com\\\/blog\\\/interview-de-anne-et-de-son-acne\\\/#article\",\"isPartOf\":{\"@id\":\"https:\\\/\\\/www.doctoome.com\\\/blog\\\/interview-de-anne-et-de-son-acne\\\/\"},\"author\":{\"name\":\"Chlo\u00e9\",\"@id\":\"https:\\\/\\\/www.doctoome.com\\\/blog\\\/#\\\/schema\\\/person\\\/ebdda5b395c76f83a79d07a6d8417685\"},\"headline\":\"Interview de Anne et de son acn\u00e9\",\"datePublished\":\"2025-08-12T04:55:00+00:00\",\"mainEntityOfPage\":{\"@id\":\"https:\\\/\\\/www.doctoome.com\\\/blog\\\/interview-de-anne-et-de-son-acne\\\/\"},\"wordCount\":738,\"commentCount\":0,\"publisher\":{\"@id\":\"https:\\\/\\\/www.doctoome.com\\\/blog\\\/#organization\"},\"image\":{\"@id\":\"https:\\\/\\\/www.doctoome.com\\\/blog\\\/interview-de-anne-et-de-son-acne\\\/#primaryimage\"},\"thumbnailUrl\":\"https:\\\/\\\/s3.eu-west-1.amazonaws.com\\\/dm.prod.raw\\\/2025\\\/07\\\/Visuels-nouveaux-articles-de-blog_septembre-2024-25-1.png\",\"keywords\":[\"acn\u00e9\",\"Dermatologue\"],\"articleSection\":[\"T\u00e9moignage\"],\"inLanguage\":\"fr-FR\",\"potentialAction\":[{\"@type\":\"CommentAction\",\"name\":\"Comment\",\"target\":[\"https:\\\/\\\/www.doctoome.com\\\/blog\\\/interview-de-anne-et-de-son-acne\\\/#respond\"]}]},{\"@type\":\"WebPage\",\"@id\":\"https:\\\/\\\/www.doctoome.com\\\/blog\\\/interview-de-anne-et-de-son-acne\\\/\",\"url\":\"https:\\\/\\\/www.doctoome.com\\\/blog\\\/interview-de-anne-et-de-son-acne\\\/\",\"name\":\"Interview de Anne et de son acn\u00e9 | Blog - Doctoome\",\"isPartOf\":{\"@id\":\"https:\\\/\\\/www.doctoome.com\\\/blog\\\/#website\"},\"primaryImageOfPage\":{\"@id\":\"https:\\\/\\\/www.doctoome.com\\\/blog\\\/interview-de-anne-et-de-son-acne\\\/#primaryimage\"},\"image\":{\"@id\":\"https:\\\/\\\/www.doctoome.com\\\/blog\\\/interview-de-anne-et-de-son-acne\\\/#primaryimage\"},\"thumbnailUrl\":\"https:\\\/\\\/s3.eu-west-1.amazonaws.com\\\/dm.prod.raw\\\/2025\\\/07\\\/Visuels-nouveaux-articles-de-blog_septembre-2024-25-1.png\",\"datePublished\":\"2025-08-12T04:55:00+00:00\",\"description\":\"Acn\u00e9 adulte : anne raconte son combat, ses souffrances, les traitements et les cl\u00e9s qui l\u2019ont aid\u00e9e \u00e0 se reconstruire.\",\"inLanguage\":\"fr-FR\",\"potentialAction\":[{\"@type\":\"ReadAction\",\"target\":[\"https:\\\/\\\/www.doctoome.com\\\/blog\\\/interview-de-anne-et-de-son-acne\\\/\"]}]},{\"@type\":\"ImageObject\",\"inLanguage\":\"fr-FR\",\"@id\":\"https:\\\/\\\/www.doctoome.com\\\/blog\\\/interview-de-anne-et-de-son-acne\\\/#primaryimage\",\"url\":\"https:\\\/\\\/s3.eu-west-1.amazonaws.com\\\/dm.prod.raw\\\/2025\\\/07\\\/Visuels-nouveaux-articles-de-blog_septembre-2024-25-1.png\",\"contentUrl\":\"https:\\\/\\\/s3.eu-west-1.amazonaws.com\\\/dm.prod.raw\\\/2025\\\/07\\\/Visuels-nouveaux-articles-de-blog_septembre-2024-25-1.png\",\"width\":1313,\"height\":875,\"caption\":\"Je m'appelle Anne, j'ai 31 ans et je fais plein de trucs, mais notamment j'ai un compte Instagram o\u00f9 je cr\u00e9e du contenu qui s'appelle Acn\u00e9 Positive et je suis aussi autrice.\"},{\"@type\":\"WebSite\",\"@id\":\"https:\\\/\\\/www.doctoome.com\\\/blog\\\/#website\",\"url\":\"https:\\\/\\\/www.doctoome.com\\\/blog\\\/\",\"name\":\"Blog - Doctoome\",\"description\":\"Toutes nos astuces sant\u00e9 et bien-\u00eatre\",\"publisher\":{\"@id\":\"https:\\\/\\\/www.doctoome.com\\\/blog\\\/#organization\"},\"potentialAction\":[{\"@type\":\"SearchAction\",\"target\":{\"@type\":\"EntryPoint\",\"urlTemplate\":\"https:\\\/\\\/www.doctoome.com\\\/blog\\\/?s={search_term_string}\"},\"query-input\":{\"@type\":\"PropertyValueSpecification\",\"valueRequired\":true,\"valueName\":\"search_term_string\"}}],\"inLanguage\":\"fr-FR\"},{\"@type\":\"Organization\",\"@id\":\"https:\\\/\\\/www.doctoome.com\\\/blog\\\/#organization\",\"name\":\"Blog - Doctoome\",\"url\":\"https:\\\/\\\/www.doctoome.com\\\/blog\\\/\",\"logo\":{\"@type\":\"ImageObject\",\"inLanguage\":\"fr-FR\",\"@id\":\"https:\\\/\\\/www.doctoome.com\\\/blog\\\/#\\\/schema\\\/logo\\\/image\\\/\",\"url\":\"https:\\\/\\\/s3.eu-west-1.amazonaws.com\\\/dm.prod.raw\\\/2025\\\/07\\\/dQutxZuI-Media-1.png\",\"contentUrl\":\"https:\\\/\\\/s3.eu-west-1.amazonaws.com\\\/dm.prod.raw\\\/2025\\\/07\\\/dQutxZuI-Media-1.png\",\"width\":450,\"height\":200,\"caption\":\"Blog - Doctoome\"},\"image\":{\"@id\":\"https:\\\/\\\/www.doctoome.com\\\/blog\\\/#\\\/schema\\\/logo\\\/image\\\/\"},\"sameAs\":[\"https:\\\/\\\/www.facebook.com\\\/doctoome\\\/\",\"https:\\\/\\\/x.com\\\/Doctoome\",\"https:\\\/\\\/www.instagram.com\\\/doctoome_\\\/\",\"https:\\\/\\\/www.linkedin.com\\\/company\\\/doctoome\\\/\",\"https:\\\/\\\/www.youtube.com\\\/channel\\\/UCDbvPhELiZsPKeyNddFz6Qg\"]},{\"@type\":\"Person\",\"@id\":\"https:\\\/\\\/www.doctoome.com\\\/blog\\\/#\\\/schema\\\/person\\\/ebdda5b395c76f83a79d07a6d8417685\",\"name\":\"Chlo\u00e9\",\"image\":{\"@type\":\"ImageObject\",\"inLanguage\":\"fr-FR\",\"@id\":\"https:\\\/\\\/secure.gravatar.com\\\/avatar\\\/2b95782051c93f2839f06d6215baec497fe2a097bd779506d6bcc4d8222b7cb6?s=96&d=blank&r=g\",\"url\":\"https:\\\/\\\/secure.gravatar.com\\\/avatar\\\/2b95782051c93f2839f06d6215baec497fe2a097bd779506d6bcc4d8222b7cb6?s=96&d=blank&r=g\",\"contentUrl\":\"https:\\\/\\\/secure.gravatar.com\\\/avatar\\\/2b95782051c93f2839f06d6215baec497fe2a097bd779506d6bcc4d8222b7cb6?s=96&d=blank&r=g\",\"caption\":\"Chlo\u00e9\"},\"description\":\"Chlo\u00e9 travaille dans la sant\u00e9 et \u00e9crit r\u00e9guli\u00e8rement des articles pour Doctoome : ob\u00e9sit\u00e9, dermatite atopique, spondylarthrite ankylosante, etc : elle ma\u00eetrise de nombreux sujets qu'elle approfondit \u00e0 chaque nouvel article.\",\"url\":\"https:\\\/\\\/www.doctoome.com\\\/blog\\\/author\\\/chloe-roger\\\/\"}]}<\/script>\n<!-- \/ Yoast SEO plugin. -->","yoast_head_json":{"title":"Interview de Anne et de son acn\u00e9 | Blog - Doctoome","description":"Acn\u00e9 adulte : anne raconte son combat, ses souffrances, les traitements et les cl\u00e9s qui l\u2019ont aid\u00e9e \u00e0 se reconstruire.","robots":{"index":"index","follow":"follow","max-snippet":"max-snippet:-1","max-image-preview":"max-image-preview:large","max-video-preview":"max-video-preview:-1"},"canonical":"https:\/\/www.doctoome.com\/blog\/interview-de-anne-et-de-son-acne\/","og_locale":"fr_FR","og_type":"article","og_title":"Interview de Anne et de son acn\u00e9 | Blog - Doctoome","og_description":"Acn\u00e9 adulte : anne raconte son combat, ses souffrances, les traitements et les cl\u00e9s qui l\u2019ont aid\u00e9e \u00e0 se reconstruire.","og_url":"https:\/\/www.doctoome.com\/blog\/interview-de-anne-et-de-son-acne\/","og_site_name":"Blog - Doctoome","article_publisher":"https:\/\/www.facebook.com\/doctoome\/","article_published_time":"2025-08-12T04:55:00+00:00","og_image":[{"width":1313,"height":875,"url":"https:\/\/s3.eu-west-1.amazonaws.com\/dm.prod.raw\/2025\/07\/Visuels-nouveaux-articles-de-blog_septembre-2024-25-1.png","type":"image\/png"}],"author":"Chlo\u00e9","twitter_card":"summary_large_image","twitter_creator":"@Doctoome","twitter_site":"@Doctoome","twitter_misc":{"\u00c9crit par":"Chlo\u00e9","Dur\u00e9e de lecture estim\u00e9e":"3 minutes"},"schema":{"@context":"https:\/\/schema.org","@graph":[{"@type":"Article","@id":"https:\/\/www.doctoome.com\/blog\/interview-de-anne-et-de-son-acne\/#article","isPartOf":{"@id":"https:\/\/www.doctoome.com\/blog\/interview-de-anne-et-de-son-acne\/"},"author":{"name":"Chlo\u00e9","@id":"https:\/\/www.doctoome.com\/blog\/#\/schema\/person\/ebdda5b395c76f83a79d07a6d8417685"},"headline":"Interview de Anne et de son acn\u00e9","datePublished":"2025-08-12T04:55:00+00:00","mainEntityOfPage":{"@id":"https:\/\/www.doctoome.com\/blog\/interview-de-anne-et-de-son-acne\/"},"wordCount":738,"commentCount":0,"publisher":{"@id":"https:\/\/www.doctoome.com\/blog\/#organization"},"image":{"@id":"https:\/\/www.doctoome.com\/blog\/interview-de-anne-et-de-son-acne\/#primaryimage"},"thumbnailUrl":"https:\/\/s3.eu-west-1.amazonaws.com\/dm.prod.raw\/2025\/07\/Visuels-nouveaux-articles-de-blog_septembre-2024-25-1.png","keywords":["acn\u00e9","Dermatologue"],"articleSection":["T\u00e9moignage"],"inLanguage":"fr-FR","potentialAction":[{"@type":"CommentAction","name":"Comment","target":["https:\/\/www.doctoome.com\/blog\/interview-de-anne-et-de-son-acne\/#respond"]}]},{"@type":"WebPage","@id":"https:\/\/www.doctoome.com\/blog\/interview-de-anne-et-de-son-acne\/","url":"https:\/\/www.doctoome.com\/blog\/interview-de-anne-et-de-son-acne\/","name":"Interview de Anne et de son acn\u00e9 | Blog - Doctoome","isPartOf":{"@id":"https:\/\/www.doctoome.com\/blog\/#website"},"primaryImageOfPage":{"@id":"https:\/\/www.doctoome.com\/blog\/interview-de-anne-et-de-son-acne\/#primaryimage"},"image":{"@id":"https:\/\/www.doctoome.com\/blog\/interview-de-anne-et-de-son-acne\/#primaryimage"},"thumbnailUrl":"https:\/\/s3.eu-west-1.amazonaws.com\/dm.prod.raw\/2025\/07\/Visuels-nouveaux-articles-de-blog_septembre-2024-25-1.png","datePublished":"2025-08-12T04:55:00+00:00","description":"Acn\u00e9 adulte : anne raconte son combat, ses souffrances, les traitements et les cl\u00e9s qui l\u2019ont aid\u00e9e \u00e0 se reconstruire.","inLanguage":"fr-FR","potentialAction":[{"@type":"ReadAction","target":["https:\/\/www.doctoome.com\/blog\/interview-de-anne-et-de-son-acne\/"]}]},{"@type":"ImageObject","inLanguage":"fr-FR","@id":"https:\/\/www.doctoome.com\/blog\/interview-de-anne-et-de-son-acne\/#primaryimage","url":"https:\/\/s3.eu-west-1.amazonaws.com\/dm.prod.raw\/2025\/07\/Visuels-nouveaux-articles-de-blog_septembre-2024-25-1.png","contentUrl":"https:\/\/s3.eu-west-1.amazonaws.com\/dm.prod.raw\/2025\/07\/Visuels-nouveaux-articles-de-blog_septembre-2024-25-1.png","width":1313,"height":875,"caption":"Je m'appelle Anne, j'ai 31 ans et je fais plein de trucs, mais notamment j'ai un compte Instagram o\u00f9 je cr\u00e9e du contenu qui s'appelle Acn\u00e9 Positive et je suis aussi autrice."},{"@type":"WebSite","@id":"https:\/\/www.doctoome.com\/blog\/#website","url":"https:\/\/www.doctoome.com\/blog\/","name":"Blog - Doctoome","description":"Toutes nos astuces sant\u00e9 et bien-\u00eatre","publisher":{"@id":"https:\/\/www.doctoome.com\/blog\/#organization"},"potentialAction":[{"@type":"SearchAction","target":{"@type":"EntryPoint","urlTemplate":"https:\/\/www.doctoome.com\/blog\/?s={search_term_string}"},"query-input":{"@type":"PropertyValueSpecification","valueRequired":true,"valueName":"search_term_string"}}],"inLanguage":"fr-FR"},{"@type":"Organization","@id":"https:\/\/www.doctoome.com\/blog\/#organization","name":"Blog - Doctoome","url":"https:\/\/www.doctoome.com\/blog\/","logo":{"@type":"ImageObject","inLanguage":"fr-FR","@id":"https:\/\/www.doctoome.com\/blog\/#\/schema\/logo\/image\/","url":"https:\/\/s3.eu-west-1.amazonaws.com\/dm.prod.raw\/2025\/07\/dQutxZuI-Media-1.png","contentUrl":"https:\/\/s3.eu-west-1.amazonaws.com\/dm.prod.raw\/2025\/07\/dQutxZuI-Media-1.png","width":450,"height":200,"caption":"Blog - Doctoome"},"image":{"@id":"https:\/\/www.doctoome.com\/blog\/#\/schema\/logo\/image\/"},"sameAs":["https:\/\/www.facebook.com\/doctoome\/","https:\/\/x.com\/Doctoome","https:\/\/www.instagram.com\/doctoome_\/","https:\/\/www.linkedin.com\/company\/doctoome\/","https:\/\/www.youtube.com\/channel\/UCDbvPhELiZsPKeyNddFz6Qg"]},{"@type":"Person","@id":"https:\/\/www.doctoome.com\/blog\/#\/schema\/person\/ebdda5b395c76f83a79d07a6d8417685","name":"Chlo\u00e9","image":{"@type":"ImageObject","inLanguage":"fr-FR","@id":"https:\/\/secure.gravatar.com\/avatar\/2b95782051c93f2839f06d6215baec497fe2a097bd779506d6bcc4d8222b7cb6?s=96&d=blank&r=g","url":"https:\/\/secure.gravatar.com\/avatar\/2b95782051c93f2839f06d6215baec497fe2a097bd779506d6bcc4d8222b7cb6?s=96&d=blank&r=g","contentUrl":"https:\/\/secure.gravatar.com\/avatar\/2b95782051c93f2839f06d6215baec497fe2a097bd779506d6bcc4d8222b7cb6?s=96&d=blank&r=g","caption":"Chlo\u00e9"},"description":"Chlo\u00e9 travaille dans la sant\u00e9 et \u00e9crit r\u00e9guli\u00e8rement des articles pour Doctoome : ob\u00e9sit\u00e9, dermatite atopique, spondylarthrite ankylosante, etc : elle ma\u00eetrise de nombreux sujets qu'elle approfondit \u00e0 chaque nouvel article.","url":"https:\/\/www.doctoome.com\/blog\/author\/chloe-roger\/"}]}},"_links":{"self":[{"href":"https:\/\/www.doctoome.com\/blog\/wp-json\/wp\/v2\/posts\/17570","targetHints":{"allow":["GET"]}}],"collection":[{"href":"https:\/\/www.doctoome.com\/blog\/wp-json\/wp\/v2\/posts"}],"about":[{"href":"https:\/\/www.doctoome.com\/blog\/wp-json\/wp\/v2\/types\/post"}],"author":[{"embeddable":true,"href":"https:\/\/www.doctoome.com\/blog\/wp-json\/wp\/v2\/users\/126"}],"replies":[{"embeddable":true,"href":"https:\/\/www.doctoome.com\/blog\/wp-json\/wp\/v2\/comments?post=17570"}],"version-history":[{"count":0,"href":"https:\/\/www.doctoome.com\/blog\/wp-json\/wp\/v2\/posts\/17570\/revisions"}],"wp:featuredmedia":[{"embeddable":true,"href":"https:\/\/www.doctoome.com\/blog\/wp-json\/wp\/v2\/media\/17573"}],"wp:attachment":[{"href":"https:\/\/www.doctoome.com\/blog\/wp-json\/wp\/v2\/media?parent=17570"}],"wp:term":[{"taxonomy":"category","embeddable":true,"href":"https:\/\/www.doctoome.com\/blog\/wp-json\/wp\/v2\/categories?post=17570"},{"taxonomy":"post_tag","embeddable":true,"href":"https:\/\/www.doctoome.com\/blog\/wp-json\/wp\/v2\/tags?post=17570"}],"curies":[{"name":"wp","href":"https:\/\/api.w.org\/{rel}","templated":true}]}}