{"id":19277,"date":"2026-01-21T06:23:00","date_gmt":"2026-01-21T05:23:00","guid":{"rendered":"https:\/\/www.doctoome.com\/blog\/?p=19277"},"modified":"2025-11-28T16:36:40","modified_gmt":"2025-11-28T15:36:40","slug":"troubles-mentaux-courants-comprendre-reconnaitre-agir","status":"publish","type":"post","link":"https:\/\/www.doctoome.com\/blog\/troubles-mentaux-courants-comprendre-reconnaitre-agir\/","title":{"rendered":"Les troubles mentaux courants : comprendre, reconna\u00eetre et agir"},"content":{"rendered":"\n<h2 class=\"wp-block-heading\">Introduction<\/h2>\n\n\n\n<p>Les troubles mentaux repr\u00e9sentent un ensemble de conditions affectant la pens\u00e9e, les \u00e9motions et les comportements d&rsquo;une personne, entra\u00eenant une d\u00e9tresse significative et des difficult\u00e9s \u00e0 fonctionner au quotidien. Selon l&rsquo;Organisation Mondiale de la Sant\u00e9 (OMS), une personne sur quatre sera touch\u00e9e par un trouble mental au cours de sa vie. En France, pr\u00e8s de 12 millions de personnes sont concern\u00e9es chaque ann\u00e9e, soit environ 18% de la population.<\/p>\n\n\n\n<p>L&rsquo;impact des troubles mentaux s&rsquo;\u00e9tend bien au-del\u00e0 de la souffrance individuelle. Ils constituent la premi\u00e8re cause d&rsquo;invalidit\u00e9 dans le monde et repr\u00e9sentent un co\u00fbt \u00e9conomique et social consid\u00e9rable. Pourtant, moins de 30% des personnes touch\u00e9es re\u00e7oivent un traitement adapt\u00e9, souvent en raison de la stigmatisation persistante et du manque d&rsquo;acc\u00e8s aux soins.<\/p>\n\n\n\n<p>La sensibilisation et le diagnostic pr\u00e9coce sont essentiels pour am\u00e9liorer le pronostic et la qualit\u00e9 de vie des personnes touch\u00e9es. Reconna\u00eetre les signes avant-coureurs et comprendre les diff\u00e9rents troubles permet non seulement d&rsquo;orienter rapidement vers des soins adapt\u00e9s, mais aussi de r\u00e9duire la souffrance et de pr\u00e9venir les complications \u00e0 long terme.<\/p>\n\n\n\n<figure class=\"wp-block-image size-large\"><a href=\"https:\/\/form.typeform.com\/to\/uveX4us4\"><img decoding=\"async\" width=\"1024\" height=\"410\" data-src=\"https:\/\/s3.eu-west-1.amazonaws.com\/dm.prod.raw\/2025\/11\/juillet-1-1024x410.png\" alt=\"sant\u00e9 mentale\" class=\"wp-image-19272 lazyload\" data-srcset=\"https:\/\/s3.eu-west-1.amazonaws.com\/dm.prod.raw\/2025\/11\/juillet-1-300x120.png 300w, https:\/\/s3.eu-west-1.amazonaws.com\/dm.prod.raw\/2025\/11\/juillet-1-1024x410.png 1024w, https:\/\/s3.eu-west-1.amazonaws.com\/dm.prod.raw\/2025\/11\/juillet-1-768x307.png 768w, https:\/\/s3.eu-west-1.amazonaws.com\/dm.prod.raw\/2025\/11\/juillet-1-1536x614.png 1536w, https:\/\/s3.eu-west-1.amazonaws.com\/dm.prod.raw\/2025\/11\/juillet-1-2048x819.png 2048w\" data-sizes=\"(max-width: 1024px) 100vw, 1024px\" src=\"data:image\/svg+xml;base64,PHN2ZyB3aWR0aD0iMSIgaGVpZ2h0PSIxIiB4bWxucz0iaHR0cDovL3d3dy53My5vcmcvMjAwMC9zdmciPjwvc3ZnPg==\" style=\"--smush-placeholder-width: 1024px; --smush-placeholder-aspect-ratio: 1024\/410;\" \/><\/a><\/figure>\n\n\n\n<h2 class=\"wp-block-heading\">Les troubles mentaux les plus fr\u00e9quents<\/h2>\n\n\n\n<h3 class=\"wp-block-heading\">La d\u00e9pression : le mal du si\u00e8cle<\/h3>\n\n\n\n<p>La d\u00e9pression touche plus de 300 millions de personnes dans le monde selon l&rsquo;OMS. Elle se caract\u00e9rise par une tristesse persistante, une perte d&rsquo;int\u00e9r\u00eat pour les activit\u00e9s habituellement plaisantes, et une incapacit\u00e9 \u00e0 accomplir les t\u00e2ches quotidiennes. Contrairement \u00e0 une simple tristesse passag\u00e8re, la d\u00e9pression persiste pendant au moins deux semaines et affecte tous les aspects de la vie.<\/p>\n\n\n\n<p>En France, la pr\u00e9valence de la d\u00e9pression est estim\u00e9e \u00e0 9,9% sur une ann\u00e9e, avec une pr\u00e9dominance f\u00e9minine (13,2% contre 6,4% chez les hommes). Parmi les facteurs de risque figurent les ant\u00e9c\u00e9dents familiaux, les traumatismes, certaines maladies chroniques et les \u00e9v\u00e9nements de vie stressants.<\/p>\n\n\n\n<h3 class=\"wp-block-heading\">L&rsquo;anxi\u00e9t\u00e9 : quand l&rsquo;inqui\u00e9tude devient pathologique<\/h3>\n\n\n\n<p>Les troubles anxieux constituent le groupe de troubles mentaux le plus r\u00e9pandu, touchant environ 284 millions de personnes dans le monde. Ils se manifestent par une inqui\u00e9tude excessive, difficile \u00e0 contr\u00f4ler, souvent accompagn\u00e9e de sympt\u00f4mes physiques comme des palpitations, une transpiration excessive ou des tremblements.<\/p>\n\n\n\n<p>On distingue plusieurs types de troubles anxieux : le trouble anxieux g\u00e9n\u00e9ralis\u00e9, le trouble panique, les phobies sp\u00e9cifiques, l&rsquo;anxi\u00e9t\u00e9 sociale et l&rsquo;agoraphobie. Selon l&rsquo;INSERM, la pr\u00e9valence des troubles anxieux en France est d&rsquo;environ 15%, avec une surrepr\u00e9sentation f\u00e9minine (deux fois plus fr\u00e9quente que chez les hommes).<\/p>\n\n\n\n<h3 class=\"wp-block-heading\">La bipolarit\u00e9 : entre hauts et bas<\/h3>\n\n\n\n<p>Le trouble bipolaire se caract\u00e9rise par l&rsquo;alternance d&rsquo;\u00e9pisodes maniaques (exaltation de l&rsquo;humeur, hyperactivit\u00e9, r\u00e9duction du besoin de sommeil) et d\u00e9pressifs. Il touche environ 2% de la population mondiale et d\u00e9bute g\u00e9n\u00e9ralement entre 15 et 25 ans.<\/p>\n\n\n\n<p>Ce trouble, anciennement appel\u00e9 \u00ab\u00a0psychose maniaco-d\u00e9pressive\u00a0\u00bb, est souvent mal diagnostiqu\u00e9, avec un d\u00e9lai moyen de diagnostic de 8 \u00e0 10 ans apr\u00e8s l&rsquo;apparition des premiers sympt\u00f4mes. Les facteurs g\u00e9n\u00e9tiques jouent un r\u00f4le important, avec un risque multipli\u00e9 par 7 \u00e0 10 chez les personnes ayant un parent atteint.<\/p>\n\n\n\n<h3 class=\"wp-block-heading\">La schizophr\u00e9nie : comprendre cette r\u00e9alit\u00e9 alt\u00e9r\u00e9e<\/h3>\n\n\n\n<p>La schizophr\u00e9nie affecte environ 1% de la population mondiale. Ce trouble psychotique se caract\u00e9rise par une alt\u00e9ration de la perception de la r\u00e9alit\u00e9, incluant des hallucinations (majoritairement auditives), des d\u00e9lires, une d\u00e9sorganisation de la pens\u00e9e et des troubles cognitifs.<\/p>\n\n\n\n<p>Contrairement aux id\u00e9es re\u00e7ues, la schizophr\u00e9nie n&rsquo;implique pas de \u00ab\u00a0d\u00e9doublement de la personnalit\u00e9\u00a0\u00bb. Elle d\u00e9bute g\u00e9n\u00e9ralement \u00e0 l&rsquo;adolescence ou au d\u00e9but de l&rsquo;\u00e2ge adulte et r\u00e9sulte d&rsquo;une combinaison de facteurs g\u00e9n\u00e9tiques et environnementaux. Avec un traitement adapt\u00e9, nombreuses sont les personnes qui peuvent mener une vie \u00e9quilibr\u00e9e.<\/p>\n\n\n\n<h3 class=\"wp-block-heading\">Les TOC : au-del\u00e0 des id\u00e9es re\u00e7ues<\/h3>\n\n\n\n<p>Les troubles obsessionnels compulsifs (TOC) touchent 2 \u00e0 3% de la population. Ils se manifestent par des pens\u00e9es intrusives, r\u00e9p\u00e9titives et angoissantes (obsessions) et des comportements r\u00e9p\u00e9titifs ou rituels mentaux (compulsions) visant \u00e0 r\u00e9duire cette angoisse.<\/p>\n\n\n\n<p>Souvent trivialis\u00e9s ou r\u00e9duits \u00e0 un simple perfectionnisme, les TOC peuvent \u00eatre gravement invalidants. Ils d\u00e9butent g\u00e9n\u00e9ralement avant 25 ans et sont li\u00e9s \u00e0 un dysfonctionnement des circuits c\u00e9r\u00e9braux impliquant la s\u00e9rotonine. Les th\u00e9rapies cognitivo-comportementales montrent une efficacit\u00e9 particuli\u00e8re dans leur traitement.<\/p>\n\n\n\n<figure class=\"wp-block-table\"><table class=\"has-fixed-layout\"><tbody><tr><th>Trouble mental<\/th><th>Pr\u00e9valence en France<\/th><th>Facteurs de risque principaux<\/th><\/tr><tr><td>D\u00e9pression<\/td><td>9,9%<\/td><td>Ant\u00e9c\u00e9dents familiaux, traumatismes, facteurs g\u00e9n\u00e9tiques et environnementaux<\/td><\/tr><tr><td>Troubles anxieux<\/td><td>15%<\/td><td>Stress chronique, traumatismes, personnalit\u00e9 anxieuse, facteurs g\u00e9n\u00e9tiques<\/td><\/tr><tr><td>Trouble bipolaire<\/td><td>1,5-2%<\/td><td>H\u00e9r\u00e9dit\u00e9 forte, stress important, consommation de substances<\/td><\/tr><tr><td>Schizophr\u00e9nie<\/td><td>0,7-1%<\/td><td>Facteurs g\u00e9n\u00e9tiques, complications pr\u00e9natales, consommation de cannabis<\/td><\/tr><tr><td>TOC<\/td><td>2-3%<\/td><td>Pr\u00e9disposition g\u00e9n\u00e9tique, anomalies des neurotransmetteurs, traumatismes<\/td><\/tr><\/tbody><\/table><\/figure>\n\n\n\n<h2 class=\"wp-block-heading\">Reconna\u00eetre les sympt\u00f4mes<\/h2>\n\n\n\n<h3 class=\"wp-block-heading\">Signes d&rsquo;alerte communs<\/h3>\n\n\n\n<p>Certains signes doivent alerter, qu&rsquo;il s&rsquo;agisse de soi-m\u00eame ou d&rsquo;un proche. Ces signaux m\u00e9ritent une attention particuli\u00e8re lorsqu&rsquo;ils persistent plus de deux semaines et impactent la vie quotidienne :<\/p>\n\n\n\n<ul class=\"wp-block-list\">\n<li>Changements marqu\u00e9s d&rsquo;humeur, d&rsquo;app\u00e9tit ou de sommeil<\/li>\n\n\n\n<li>Retrait social et perte d&rsquo;int\u00e9r\u00eat pour les activit\u00e9s habituelles<\/li>\n\n\n\n<li>Difficult\u00e9s de concentration et baisse des performances<\/li>\n\n\n\n<li>Fatigue persistante inexpliqu\u00e9e par une cause physique<\/li>\n\n\n\n<li>Pens\u00e9es n\u00e9gatives r\u00e9currentes ou sentiment de d\u00e9sespoir<\/li>\n\n\n\n<li>Irritabilit\u00e9 inhabituelle ou comportements \u00e0 risque<\/li>\n\n\n\n<li>Sympt\u00f4mes physiques sans cause m\u00e9dicale identifi\u00e9e (maux de t\u00eate, douleurs)<\/li>\n<\/ul>\n\n\n\n<div class=\"wp-block-buttons is-content-justification-center is-layout-flex wp-container-core-buttons-is-layout-16018d1d wp-block-buttons-is-layout-flex\">\n<div class=\"wp-block-button\"><a class=\"wp-block-button__link has-background wp-element-button\" href=\"https:\/\/www.doctoome.com\/s\/psychologue\/\" style=\"background-color:#0097a7\">Je consulte un psychologue<\/a><\/div>\n<\/div>\n\n\n\n<p>La pr\u00e9sence de plusieurs de ces signes, surtout s&rsquo;ils s&rsquo;intensifient avec le temps, justifie une consultation m\u00e9dicale. Il est important de noter que les sympt\u00f4mes varient consid\u00e9rablement selon les individus et les cultures, certaines personnes exprimant davantage des sympt\u00f4mes physiques que psychologiques.<\/p>\n\n\n\n<h3 class=\"wp-block-heading\">Sp\u00e9cificit\u00e9s par trouble<\/h3>\n\n\n\n<p><strong>Pour la d\u00e9pression :<\/strong> Tristesse persistante, anh\u00e9donie (perte de plaisir), fatigue intense, troubles du sommeil, pens\u00e9es suicidaires, sentiment d&rsquo;inutilit\u00e9, difficult\u00e9s de concentration, changements d&rsquo;app\u00e9tit et de poids. La d\u00e9pression peut \u00e9galement se manifester par une irritabilit\u00e9 accrue, particuli\u00e8rement chez les hommes et les adolescents.<\/p>\n\n\n\n<p><strong>Pour les troubles anxieux :<\/strong> Inqui\u00e9tude excessive difficile \u00e0 contr\u00f4ler, agitation, tension musculaire, troubles du sommeil, irritabilit\u00e9, difficult\u00e9s de concentration. Des manifestations somatiques sont fr\u00e9quentes : palpitations, transpiration, tremblements, sensation d&rsquo;\u00e9touffement ou d&rsquo;\u00e9tranglement, naus\u00e9es, vertiges.<\/p>\n\n\n\n<p><strong>Pour le trouble bipolaire :<\/strong> Alternance entre \u00e9pisodes d\u00e9pressifs et maniaques\/hypomaniaques. En phase maniaque : humeur exalt\u00e9e, diminution du besoin de sommeil, logorrh\u00e9e (discours rapide et difficile \u00e0 interrompre), id\u00e9es de grandeur, comportements \u00e0 risque, distractibilit\u00e9 accrue, activit\u00e9s fr\u00e9n\u00e9tiques.<\/p>\n\n\n\n<p><strong>Pour la schizophr\u00e9nie :<\/strong> Sympt\u00f4mes positifs (hallucinations, d\u00e9lires, d\u00e9sorganisation de la pens\u00e9e) et n\u00e9gatifs (\u00e9moussement affectif, apathie, isolement social). Des troubles cognitifs sont \u00e9galement pr\u00e9sents : difficult\u00e9s d&rsquo;attention, de m\u00e9moire et des fonctions ex\u00e9cutives. Les sympt\u00f4mes prodromiques peuvent inclure un retrait social, une baisse des performances et des comportements inhabituels.<\/p>\n\n\n\n<p><strong>Pour les TOC :<\/strong> Obsessions (pens\u00e9es, images ou impulsions intrusives et anxiog\u00e8nes) et compulsions (comportements r\u00e9p\u00e9titifs ou actes mentaux visant \u00e0 neutraliser l&rsquo;anxi\u00e9t\u00e9). Les th\u00e9matiques courantes incluent la contamination, la sym\u00e9trie, les pens\u00e9es agressives ou tabous, et le besoin de certitude.<\/p>\n\n\n\n<h3 class=\"wp-block-heading\">Quels sont les sympt\u00f4mes de la d\u00e9pression ?<\/h3>\n\n\n\n<p>La d\u00e9pression se caract\u00e9rise par une tristesse persistante, une perte d&rsquo;int\u00e9r\u00eat pour les activit\u00e9s habituellement plaisantes, une fatigue importante, des troubles du sommeil et de l&rsquo;app\u00e9tit, des difficult\u00e9s de concentration, un sentiment de culpabilit\u00e9 ou d&rsquo;inutilit\u00e9, et parfois des pens\u00e9es de mort r\u00e9currentes. Ces sympt\u00f4mes doivent \u00eatre pr\u00e9sents presque tous les jours pendant au moins deux semaines et entra\u00eener une souffrance significative pour \u00eatre diagnostiqu\u00e9s comme une d\u00e9pression.<\/p>\n\n\n\n<h2 class=\"wp-block-heading\">Parcours de soins et solutions th\u00e9rapeutiques<\/h2>\n\n\n\n<h3 class=\"wp-block-heading\">Quand et comment consulter ?<\/h3>\n\n\n\n<p>Il est recommand\u00e9 de consulter d\u00e8s que les sympt\u00f4mes perturbent le fonctionnement quotidien ou persistent au-del\u00e0 de quelques semaines. Le m\u00e9decin g\u00e9n\u00e9raliste constitue souvent la premi\u00e8re \u00e9tape du parcours de soins. Il pourra \u00e9valuer la situation, \u00e9liminer d&rsquo;\u00e9ventuelles causes physiques et, si n\u00e9cessaire, orienter vers un sp\u00e9cialiste de la sant\u00e9 mentale (psychiatre, psychologue).<\/p>\n\n\n\n<p>En cas de crise aigu\u00eb avec risque suicidaire ou \u00e9tat de d\u00e9tresse intense, les services d&rsquo;urgence doivent \u00eatre contact\u00e9s imm\u00e9diatement (15, 112 ou 3114 &#8211; num\u00e9ro national de pr\u00e9vention du suicide). Pour un premier contact moins intimidant, des lignes d&rsquo;\u00e9coute comme SOS Amiti\u00e9 (09 72 39 40 50) ou Fil Sant\u00e9 Jeunes (0800 235 236) peuvent \u00eatre utiles.<\/p>\n\n\n\n<p>Pour trouver un professionnel de sant\u00e9 sp\u00e9cialis\u00e9 pr\u00e8s de chez vous, vous pouvez consulter <a href=\"https:\/\/www.doctoome.com\">www.doctoome.com<\/a>, qui vous aidera \u00e0 identifier les sp\u00e9cialistes adapt\u00e9s \u00e0 vos besoins.<\/p>\n\n\n\n<h3 class=\"wp-block-heading\">Les diff\u00e9rentes approches th\u00e9rapeutiques<\/h3>\n\n\n\n<p>La prise en charge des troubles mentaux repose g\u00e9n\u00e9ralement sur une approche pluridisciplinaire adapt\u00e9e \u00e0 chaque situation :<\/p>\n\n\n\n<ul class=\"wp-block-list\">\n<li><strong>Psychoth\u00e9rapies :<\/strong> Les th\u00e9rapies cognitivo-comportementales (TCC), la psychanalyse, les th\u00e9rapies syst\u00e9miques ou les th\u00e9rapies de pleine conscience ont d\u00e9montr\u00e9 leur efficacit\u00e9 selon les troubles. La TCC est particuli\u00e8rement indiqu\u00e9e pour les troubles anxieux et les TOC.<\/li>\n\n\n\n<li><strong>Traitements m\u00e9dicamenteux :<\/strong> Antid\u00e9presseurs, anxiolytiques, stabilisateurs de l&rsquo;humeur, antipsychotiques&#8230; La prescription doit \u00eatre personnalis\u00e9e et suivie r\u00e9guli\u00e8rement par un m\u00e9decin.<\/li>\n\n\n\n<li><strong>Approches psychosociales :<\/strong> \u00c9ducation th\u00e9rapeutique, groupes de parole, r\u00e9habilitation psychosociale et soutien \u00e0 l&rsquo;insertion professionnelle compl\u00e8tent souvent les autres traitements.<\/li>\n\n\n\n<li><strong>Techniques compl\u00e9mentaires :<\/strong> Pour certains troubles r\u00e9sistants, des techniques comme l&rsquo;\u00e9lectroconvulsivoth\u00e9rapie (ECT), la stimulation magn\u00e9tique transcranienne (rTMS) ou la luminoth\u00e9rapie peuvent \u00eatre propos\u00e9es.<\/li>\n<\/ul>\n\n\n\n<div class=\"wp-block-buttons is-content-justification-center is-layout-flex wp-container-core-buttons-is-layout-16018d1d wp-block-buttons-is-layout-flex\">\n<div class=\"wp-block-button\"><a class=\"wp-block-button__link has-background wp-element-button\" href=\"https:\/\/www.doctoome.com\/s\/psychologue\/\" style=\"background-color:#0097a7\">Je consulte un psychologue<\/a><\/div>\n<\/div>\n\n\n\n<p>Selon la Haute Autorit\u00e9 de Sant\u00e9 (HAS), l&rsquo;approche combin\u00e9e associant psychoth\u00e9rapie et m\u00e9dicaments montre g\u00e9n\u00e9ralement une efficacit\u00e9 sup\u00e9rieure au traitement unique, particuli\u00e8rement dans les cas mod\u00e9r\u00e9s \u00e0 s\u00e9v\u00e8res.<\/p>\n\n\n\n<h3 class=\"wp-block-heading\">T\u00e9moignages de parcours vers le r\u00e9tablissement<\/h3>\n\n\n\n<p>Les parcours de r\u00e9tablissement sont uniques, mais certains \u00e9l\u00e9ments reviennent r\u00e9guli\u00e8rement dans les t\u00e9moignages de patients :<\/p>\n\n\n\n<blockquote class=\"wp-block-quote is-layout-flow wp-block-quote-is-layout-flow\">\n<p>\u00ab\u00a0Le plus difficile a \u00e9t\u00e9 d&rsquo;accepter que j&rsquo;avais besoin d&rsquo;aide. Une fois cette \u00e9tape franchie, j&rsquo;ai pu trouver un psychiatre qui m&rsquo;a propos\u00e9 un traitement adapt\u00e9 et une psychoth\u00e9rapie qui m&rsquo;a donn\u00e9 des outils pour g\u00e9rer mon anxi\u00e9t\u00e9 au quotidien. Je ne suis plus d\u00e9finie par mon trouble.\u00a0\u00bb &#8211; Claire, 34 ans<\/p>\n<\/blockquote>\n\n\n\n<blockquote class=\"wp-block-quote is-layout-flow wp-block-quote-is-layout-flow\">\n<p>\u00ab\u00a0Mon r\u00e9tablissement n&rsquo;a pas \u00e9t\u00e9 lin\u00e9aire. Il y a eu des p\u00e9riodes de rechute, mais chaque fois, j&rsquo;apprenais quelque chose. Aujourd&rsquo;hui, apr\u00e8s trois ans de suivi pour ma bipolarit\u00e9, j&rsquo;ai retrouv\u00e9 un \u00e9quilibre professionnel et personnel que je n&rsquo;esp\u00e9rais plus.\u00a0\u00bb &#8211; Thomas, 42 ans<\/p>\n<\/blockquote>\n\n\n\n<p>Ces t\u00e9moignages soulignent l&rsquo;importance de la pers\u00e9v\u00e9rance dans le processus th\u00e9rapeutique. Le r\u00e9tablissement ne signifie pas n\u00e9cessairement une disparition compl\u00e8te des sympt\u00f4mes, mais plut\u00f4t la capacit\u00e9 \u00e0 vivre une vie satisfaisante malgr\u00e9 la pr\u00e9sence \u00e9ventuelle de sympt\u00f4mes r\u00e9siduels.<\/p>\n\n\n\n<p>Besoin d&rsquo;aide pour trouver un sp\u00e9cialiste adapt\u00e9 \u00e0 votre situation ? Doctoome vous aide \u00e0 localiser des professionnels de sant\u00e9 dans votre r\u00e9gion. <a href=\"https:\/\/www.doctoome.com\">Trouver un professionnel<\/a><\/p>\n\n\n\n<h2 class=\"wp-block-heading\">FAQ sur les troubles mentaux<\/h2>\n\n\n\n<h3 class=\"wp-block-heading\">Quels sont les sympt\u00f4mes de la d\u00e9pression ?<\/h3>\n\n\n\n<p>La d\u00e9pression se manifeste par une tristesse persistante, une perte d&rsquo;int\u00e9r\u00eat ou de plaisir, une fatigue accrue, des troubles du sommeil et de l&rsquo;app\u00e9tit, des difficult\u00e9s de concentration, des sentiments de culpabilit\u00e9 ou d&rsquo;inutilit\u00e9, et parfois des pens\u00e9es suicidaires. Ces sympt\u00f4mes doivent durer au moins deux semaines et affecter significativement le fonctionnement quotidien pour caract\u00e9riser une d\u00e9pression.<\/p>\n\n\n\n<h3 class=\"wp-block-heading\">Comment g\u00e9rer l&rsquo;anxi\u00e9t\u00e9 au quotidien ?<\/h3>\n\n\n\n<p>Pour g\u00e9rer l&rsquo;anxi\u00e9t\u00e9, pratiquez r\u00e9guli\u00e8rement la relaxation (respiration profonde, m\u00e9ditation), maintenez une activit\u00e9 physique r\u00e9guli\u00e8re, limitez les stimulants (caf\u00e9ine, alcool), \u00e9tablissez des priorit\u00e9s, adoptez une alimentation \u00e9quilibr\u00e9e et un sommeil suffisant. Des techniques comme l&rsquo;exposition progressive et la restructuration cognitive peuvent \u00eatre apprises avec un th\u00e9rapeute. Consultez si l&rsquo;anxi\u00e9t\u00e9 persiste ou s&rsquo;aggrave.<\/p>\n\n\n\n<h3 class=\"wp-block-heading\">Quand consulter un psychiatre ?<\/h3>\n\n\n\n<p>Consultez un psychiatre lorsque vous ressentez une d\u00e9tresse \u00e9motionnelle persistante qui affecte votre fonctionnement quotidien, des changements marqu\u00e9s d&rsquo;humeur ou de comportement, des pens\u00e9es suicidaires, ou si vous avez des sympt\u00f4mes qui ne s&rsquo;am\u00e9liorent pas malgr\u00e9 l&rsquo;aide de votre m\u00e9decin traitant. Une consultation est \u00e9galement recommand\u00e9e apr\u00e8s un traumatisme ou si vous avez besoin d&rsquo;une \u00e9valuation pour un traitement m\u00e9dicamenteux.<\/p>\n\n\n\n<h3 class=\"wp-block-heading\">Les troubles mentaux sont-ils h\u00e9r\u00e9ditaires ?<\/h3>\n\n\n\n<p>Les troubles mentaux r\u00e9sultent d&rsquo;une interaction complexe entre facteurs g\u00e9n\u00e9tiques et environnementaux. Certains troubles comme la schizophr\u00e9nie ou le trouble bipolaire montrent une composante h\u00e9r\u00e9ditaire plus forte (risque multipli\u00e9 par 5 \u00e0 10 chez les proches). Cependant, avoir des ant\u00e9c\u00e9dents familiaux ne signifie pas d\u00e9velopper automatiquement le trouble. Les facteurs environnementaux jouent un r\u00f4le crucial dans le d\u00e9clenchement chez les personnes g\u00e9n\u00e9tiquement pr\u00e9dispos\u00e9es.<\/p>\n\n\n\n<h3 class=\"wp-block-heading\">Peut-on gu\u00e9rir compl\u00e8tement d&rsquo;un trouble mental ?<\/h3>\n\n\n\n<p>La notion de gu\u00e9rison varie selon les troubles. Certaines conditions comme les \u00e9pisodes d\u00e9pressifs isol\u00e9s peuvent se r\u00e9soudre compl\u00e8tement. D&rsquo;autres troubles chroniques comme la schizophr\u00e9nie ou le trouble bipolaire n\u00e9cessitent une gestion \u00e0 long terme, mais permettent souvent un r\u00e9tablissement fonctionnel significatif avec un traitement adapt\u00e9. Le concept de r\u00e9tablissement met l&rsquo;accent sur la reconstruction d&rsquo;une vie satisfaisante malgr\u00e9 d&rsquo;\u00e9ventuels sympt\u00f4mes r\u00e9siduels.<\/p>\n\n\n\n<h2 class=\"wp-block-heading\">Conclusion<\/h2>\n\n\n\n<p>Les troubles mentaux, malgr\u00e9 leur pr\u00e9valence et leur impact consid\u00e9rable, restent encore trop souvent entour\u00e9s de silence et de stigmatisation. Pourtant, un diagnostic pr\u00e9coce et une prise en charge adapt\u00e9e permettent g\u00e9n\u00e9ralement d&rsquo;am\u00e9liorer significativement la qualit\u00e9 de vie et le pronostic des personnes touch\u00e9es.<\/p>\n\n\n\n<p>Il est essentiel de retenir que les troubles mentaux sont des maladies comme les autres, r\u00e9sultant d&rsquo;interactions complexes entre facteurs biologiques, psychologiques et sociaux. Ils ne sont ni un signe de faiblesse, ni une fatalit\u00e9. La recherche progresse constamment, offrant des approches th\u00e9rapeutiques de plus en plus personnalis\u00e9es et efficaces.<\/p>\n\n\n\n<p>Briser les tabous autour de la sant\u00e9 mentale permet non seulement d&rsquo;encourager les personnes souffrantes \u00e0 chercher de l&rsquo;aide, mais aussi de construire une soci\u00e9t\u00e9 plus compr\u00e9hensive et inclusive. Que vous soyez concern\u00e9 directement ou que vous souhaitiez soutenir un proche, la premi\u00e8re \u00e9tape est souvent de s&rsquo;informer et d&rsquo;oser en parler.<\/p>\n\n\n\n<p>Pour trouver un professionnel de sant\u00e9 mentale qualifi\u00e9 pr\u00e8s de chez vous, vous pouvez consulter <a href=\"https:\/\/www.doctoome.com\">www.doctoome.com<\/a>. N&rsquo;attendez pas pour prendre soin de votre sant\u00e9 mentale ou celle de vos proches &#8211; c&rsquo;est une d\u00e9marche de force, non de faiblesse.<\/p>\n\n\n\n<p><\/p>\n","protected":false},"excerpt":{"rendered":"<p>Introduction Les troubles mentaux repr\u00e9sentent un ensemble de conditions affectant la pens\u00e9e, les \u00e9motions et les comportements d&rsquo;une personne, entra\u00eenant une d\u00e9tresse significative et des difficult\u00e9s \u00e0 fonctionner au quotidien. Selon l&rsquo;Organisation Mondiale de la Sant\u00e9 (OMS), une personne sur quatre sera touch\u00e9e par un trouble mental au cours de sa vie. En France, pr\u00e8s de 12 millions de personnes sont concern\u00e9es chaque ann\u00e9e, soit environ 18% de la population. L&rsquo;impact des troubles mentaux s&rsquo;\u00e9tend bien au-del\u00e0 de la souffrance individuelle. Ils constituent la premi\u00e8re cause d&rsquo;invalidit\u00e9 dans le monde et repr\u00e9sentent un co\u00fbt \u00e9conomique et social consid\u00e9rable. Pourtant, moins de 30% des personnes touch\u00e9es re\u00e7oivent un traitement adapt\u00e9, souvent en raison de la stigmatisation persistante et du manque d&rsquo;acc\u00e8s aux soins. La sensibilisation et le diagnostic pr\u00e9coce sont essentiels pour am\u00e9liorer le pronostic et la qualit\u00e9 de vie des personnes touch\u00e9es. Reconna\u00eetre les signes avant-coureurs et comprendre les diff\u00e9rents troubles permet non seulement d&rsquo;orienter rapidement vers des soins adapt\u00e9s, mais aussi de r\u00e9duire la souffrance et de pr\u00e9venir les complications \u00e0 long terme. Les troubles mentaux les plus fr\u00e9quents La d\u00e9pression : le mal du si\u00e8cle La d\u00e9pression touche plus de 300 millions de personnes dans le monde selon l&rsquo;OMS. Elle se caract\u00e9rise par une tristesse persistante, une perte d&rsquo;int\u00e9r\u00eat pour les activit\u00e9s habituellement plaisantes, et une incapacit\u00e9 \u00e0 accomplir les t\u00e2ches quotidiennes. Contrairement \u00e0 une simple tristesse passag\u00e8re, la d\u00e9pression persiste pendant au moins deux semaines et affecte tous les aspects de la vie. En France, la pr\u00e9valence de la d\u00e9pression est estim\u00e9e \u00e0 9,9% sur une ann\u00e9e, avec une pr\u00e9dominance f\u00e9minine (13,2% contre 6,4% chez les hommes). Parmi les facteurs de risque figurent les ant\u00e9c\u00e9dents familiaux, les traumatismes, certaines maladies chroniques et les \u00e9v\u00e9nements de vie stressants. L&rsquo;anxi\u00e9t\u00e9 : quand l&rsquo;inqui\u00e9tude devient pathologique Les troubles anxieux constituent le groupe de troubles mentaux le plus r\u00e9pandu, touchant environ 284 millions de personnes dans le monde. Ils se manifestent par une inqui\u00e9tude excessive, difficile \u00e0 contr\u00f4ler, souvent accompagn\u00e9e de sympt\u00f4mes physiques comme des palpitations, une transpiration excessive ou des tremblements. On distingue plusieurs types de troubles anxieux : le trouble anxieux g\u00e9n\u00e9ralis\u00e9, le trouble panique, les phobies sp\u00e9cifiques, l&rsquo;anxi\u00e9t\u00e9 sociale et l&rsquo;agoraphobie. Selon l&rsquo;INSERM, la pr\u00e9valence des troubles anxieux en France est d&rsquo;environ 15%, avec une surrepr\u00e9sentation f\u00e9minine (deux fois plus fr\u00e9quente que chez les hommes). La bipolarit\u00e9 : entre hauts et bas Le trouble bipolaire se caract\u00e9rise par l&rsquo;alternance d&rsquo;\u00e9pisodes maniaques (exaltation de l&rsquo;humeur, hyperactivit\u00e9, r\u00e9duction du besoin de sommeil) et d\u00e9pressifs. Il touche environ 2% de la population mondiale et d\u00e9bute g\u00e9n\u00e9ralement entre 15 et 25 ans. Ce trouble, anciennement appel\u00e9 \u00ab\u00a0psychose maniaco-d\u00e9pressive\u00a0\u00bb, est souvent mal diagnostiqu\u00e9, avec un d\u00e9lai moyen de diagnostic de 8 \u00e0 10 ans apr\u00e8s l&rsquo;apparition des premiers sympt\u00f4mes. Les facteurs g\u00e9n\u00e9tiques jouent un r\u00f4le important, avec un risque multipli\u00e9 par 7 \u00e0 10 chez les personnes ayant un parent atteint. La schizophr\u00e9nie : comprendre cette r\u00e9alit\u00e9 alt\u00e9r\u00e9e La schizophr\u00e9nie affecte environ 1% de la population mondiale. Ce trouble psychotique se caract\u00e9rise par une alt\u00e9ration de la perception de la r\u00e9alit\u00e9, incluant des hallucinations (majoritairement auditives), des d\u00e9lires, une d\u00e9sorganisation de la pens\u00e9e et des troubles cognitifs. Contrairement aux id\u00e9es re\u00e7ues, la schizophr\u00e9nie n&rsquo;implique pas de \u00ab\u00a0d\u00e9doublement de la personnalit\u00e9\u00a0\u00bb. Elle d\u00e9bute g\u00e9n\u00e9ralement \u00e0 l&rsquo;adolescence ou au d\u00e9but de l&rsquo;\u00e2ge adulte et r\u00e9sulte d&rsquo;une combinaison de facteurs g\u00e9n\u00e9tiques et environnementaux. Avec un traitement adapt\u00e9, nombreuses sont les personnes qui peuvent mener une vie \u00e9quilibr\u00e9e. Les TOC : au-del\u00e0 des id\u00e9es re\u00e7ues Les troubles obsessionnels compulsifs (TOC) touchent 2 \u00e0 3% de la population. Ils se manifestent par des pens\u00e9es intrusives, r\u00e9p\u00e9titives et angoissantes (obsessions) et des comportements r\u00e9p\u00e9titifs ou rituels mentaux (compulsions) visant \u00e0 r\u00e9duire cette angoisse. Souvent trivialis\u00e9s ou r\u00e9duits \u00e0 un simple perfectionnisme, les TOC peuvent \u00eatre gravement invalidants. Ils d\u00e9butent g\u00e9n\u00e9ralement avant 25 ans et sont li\u00e9s \u00e0 un dysfonctionnement des circuits c\u00e9r\u00e9braux impliquant la s\u00e9rotonine. Les th\u00e9rapies cognitivo-comportementales montrent une efficacit\u00e9 particuli\u00e8re dans leur traitement. Trouble mental Pr\u00e9valence en France Facteurs de risque principaux D\u00e9pression 9,9% Ant\u00e9c\u00e9dents familiaux, traumatismes, facteurs g\u00e9n\u00e9tiques et environnementaux Troubles anxieux 15% Stress chronique, traumatismes, personnalit\u00e9 anxieuse, facteurs g\u00e9n\u00e9tiques Trouble bipolaire 1,5-2% H\u00e9r\u00e9dit\u00e9 forte, stress important, consommation de substances Schizophr\u00e9nie 0,7-1% Facteurs g\u00e9n\u00e9tiques, complications pr\u00e9natales, consommation de cannabis TOC 2-3% Pr\u00e9disposition g\u00e9n\u00e9tique, anomalies des neurotransmetteurs, traumatismes Reconna\u00eetre les sympt\u00f4mes Signes d&rsquo;alerte communs Certains signes doivent alerter, qu&rsquo;il s&rsquo;agisse de soi-m\u00eame ou d&rsquo;un proche. Ces signaux m\u00e9ritent une attention particuli\u00e8re lorsqu&rsquo;ils persistent plus de deux semaines et impactent la vie quotidienne : La pr\u00e9sence de plusieurs de ces signes, surtout s&rsquo;ils s&rsquo;intensifient avec le temps, justifie une consultation m\u00e9dicale. Il est important de noter que les sympt\u00f4mes varient consid\u00e9rablement selon les individus et les cultures, certaines personnes exprimant davantage des sympt\u00f4mes physiques que psychologiques. Sp\u00e9cificit\u00e9s par trouble Pour la d\u00e9pression : Tristesse persistante, anh\u00e9donie (perte de plaisir), fatigue intense, troubles du sommeil, pens\u00e9es suicidaires, sentiment d&rsquo;inutilit\u00e9, difficult\u00e9s de concentration, changements d&rsquo;app\u00e9tit et de poids. La d\u00e9pression peut \u00e9galement se manifester par une irritabilit\u00e9 accrue, particuli\u00e8rement chez les hommes et les adolescents. Pour les troubles anxieux : Inqui\u00e9tude excessive difficile \u00e0 contr\u00f4ler, agitation, tension musculaire, troubles du sommeil, irritabilit\u00e9, difficult\u00e9s de concentration. Des manifestations somatiques sont fr\u00e9quentes : palpitations, transpiration, tremblements, sensation d&rsquo;\u00e9touffement ou d&rsquo;\u00e9tranglement, naus\u00e9es, vertiges. Pour le trouble bipolaire : Alternance entre \u00e9pisodes d\u00e9pressifs et maniaques\/hypomaniaques. En phase maniaque : humeur exalt\u00e9e, diminution du besoin de sommeil, logorrh\u00e9e (discours rapide et difficile \u00e0 interrompre), id\u00e9es de grandeur, comportements \u00e0 risque, distractibilit\u00e9 accrue, activit\u00e9s fr\u00e9n\u00e9tiques. Pour la schizophr\u00e9nie : Sympt\u00f4mes positifs (hallucinations, d\u00e9lires, d\u00e9sorganisation de la pens\u00e9e) et n\u00e9gatifs (\u00e9moussement affectif, apathie, isolement social). Des troubles cognitifs sont \u00e9galement pr\u00e9sents : difficult\u00e9s d&rsquo;attention, de m\u00e9moire et des fonctions ex\u00e9cutives. Les sympt\u00f4mes prodromiques peuvent inclure un retrait social, une baisse des performances et des comportements inhabituels. Pour les TOC : Obsessions (pens\u00e9es, images ou impulsions intrusives et anxiog\u00e8nes) et compulsions (comportements r\u00e9p\u00e9titifs ou actes mentaux visant \u00e0 neutraliser l&rsquo;anxi\u00e9t\u00e9). Les th\u00e9matiques courantes incluent la contamination, la sym\u00e9trie, les pens\u00e9es agressives ou tabous, et le besoin de certitude. Quels sont les sympt\u00f4mes de la d\u00e9pression ? La d\u00e9pression se caract\u00e9rise par une tristesse persistante, une perte d&rsquo;int\u00e9r\u00eat pour les activit\u00e9s habituellement plaisantes, une fatigue importante, des troubles du sommeil et de l&rsquo;app\u00e9tit, des difficult\u00e9s de concentration, un sentiment de culpabilit\u00e9 ou d&rsquo;inutilit\u00e9, et parfois des pens\u00e9es de mort r\u00e9currentes. Ces sympt\u00f4mes doivent \u00eatre pr\u00e9sents presque tous les jours pendant au moins deux semaines et entra\u00eener une souffrance significative pour \u00eatre diagnostiqu\u00e9s comme une d\u00e9pression. Parcours de soins et solutions th\u00e9rapeutiques Quand et comment consulter ? Il est recommand\u00e9 de consulter d\u00e8s que les sympt\u00f4mes perturbent le fonctionnement quotidien ou persistent au-del\u00e0 de quelques semaines. Le m\u00e9decin g\u00e9n\u00e9raliste constitue souvent la premi\u00e8re \u00e9tape du parcours de soins. Il pourra \u00e9valuer la situation, \u00e9liminer d&rsquo;\u00e9ventuelles causes physiques et, si n\u00e9cessaire, orienter vers un sp\u00e9cialiste de la sant\u00e9 mentale (psychiatre, psychologue). En cas de crise aigu\u00eb avec risque suicidaire ou \u00e9tat de d\u00e9tresse intense, les services d&rsquo;urgence doivent \u00eatre contact\u00e9s imm\u00e9diatement (15, 112 ou 3114 &#8211; num\u00e9ro national de pr\u00e9vention du suicide). Pour un premier contact moins intimidant, des lignes d&rsquo;\u00e9coute comme SOS Amiti\u00e9 (09 72 39 40 50) ou Fil Sant\u00e9 Jeunes (0800 235 236) peuvent \u00eatre utiles. Pour trouver un professionnel de sant\u00e9 sp\u00e9cialis\u00e9 pr\u00e8s de chez vous, vous pouvez consulter www.doctoome.com, qui vous aidera \u00e0 identifier les sp\u00e9cialistes adapt\u00e9s \u00e0 vos besoins. Les diff\u00e9rentes approches th\u00e9rapeutiques La prise en charge des troubles mentaux repose g\u00e9n\u00e9ralement sur une approche pluridisciplinaire adapt\u00e9e \u00e0 chaque situation : Selon la Haute Autorit\u00e9 de Sant\u00e9 (HAS), l&rsquo;approche combin\u00e9e associant psychoth\u00e9rapie et m\u00e9dicaments montre g\u00e9n\u00e9ralement une efficacit\u00e9 sup\u00e9rieure au traitement unique, particuli\u00e8rement dans les cas mod\u00e9r\u00e9s \u00e0 s\u00e9v\u00e8res. T\u00e9moignages de parcours vers le r\u00e9tablissement Les parcours de r\u00e9tablissement sont uniques, mais certains \u00e9l\u00e9ments reviennent r\u00e9guli\u00e8rement dans les t\u00e9moignages de patients : \u00ab\u00a0Le plus difficile a \u00e9t\u00e9 d&rsquo;accepter que j&rsquo;avais besoin d&rsquo;aide. Une fois cette \u00e9tape franchie, j&rsquo;ai pu trouver un psychiatre qui m&rsquo;a propos\u00e9 un traitement adapt\u00e9 et une psychoth\u00e9rapie qui m&rsquo;a donn\u00e9 des outils pour g\u00e9rer mon anxi\u00e9t\u00e9 au quotidien. Je ne suis plus d\u00e9finie par mon trouble.\u00a0\u00bb &#8211; Claire, 34 ans \u00ab\u00a0Mon r\u00e9tablissement n&rsquo;a pas \u00e9t\u00e9 lin\u00e9aire. Il y a eu des p\u00e9riodes de rechute, mais chaque fois, j&rsquo;apprenais quelque chose. Aujourd&rsquo;hui, apr\u00e8s trois ans de suivi pour ma bipolarit\u00e9, j&rsquo;ai retrouv\u00e9 un \u00e9quilibre professionnel et personnel que je n&rsquo;esp\u00e9rais plus.\u00a0\u00bb &#8211; Thomas, 42 ans Ces t\u00e9moignages soulignent l&rsquo;importance de la pers\u00e9v\u00e9rance dans le processus th\u00e9rapeutique. Le r\u00e9tablissement ne signifie pas n\u00e9cessairement une disparition compl\u00e8te des sympt\u00f4mes, mais plut\u00f4t la capacit\u00e9 \u00e0 vivre une vie satisfaisante malgr\u00e9 la pr\u00e9sence \u00e9ventuelle de sympt\u00f4mes r\u00e9siduels. Besoin d&rsquo;aide pour trouver un sp\u00e9cialiste adapt\u00e9 \u00e0 votre situation ? Doctoome vous aide \u00e0 localiser des professionnels de sant\u00e9 dans votre r\u00e9gion. Trouver un professionnel FAQ sur les troubles mentaux Quels sont les sympt\u00f4mes de la d\u00e9pression ? La d\u00e9pression se manifeste par une tristesse persistante, une perte d&rsquo;int\u00e9r\u00eat ou de plaisir, une fatigue accrue, des troubles du sommeil et de l&rsquo;app\u00e9tit, des difficult\u00e9s de concentration, des sentiments de culpabilit\u00e9 ou d&rsquo;inutilit\u00e9, et parfois des pens\u00e9es suicidaires. Ces sympt\u00f4mes doivent durer au moins deux semaines et affecter significativement le fonctionnement quotidien pour caract\u00e9riser une d\u00e9pression. Comment g\u00e9rer l&rsquo;anxi\u00e9t\u00e9 au quotidien ? Pour g\u00e9rer l&rsquo;anxi\u00e9t\u00e9, pratiquez r\u00e9guli\u00e8rement la relaxation (respiration profonde, m\u00e9ditation), maintenez une activit\u00e9 physique r\u00e9guli\u00e8re, limitez les stimulants (caf\u00e9ine, alcool), \u00e9tablissez des priorit\u00e9s, adoptez une alimentation \u00e9quilibr\u00e9e et un sommeil suffisant. Des techniques comme l&rsquo;exposition progressive et la restructuration cognitive peuvent \u00eatre apprises avec un th\u00e9rapeute. Consultez si l&rsquo;anxi\u00e9t\u00e9 persiste ou s&rsquo;aggrave. Quand consulter un psychiatre ? Consultez un psychiatre lorsque vous ressentez une d\u00e9tresse \u00e9motionnelle persistante qui affecte votre fonctionnement quotidien, des changements marqu\u00e9s d&rsquo;humeur ou de comportement, des pens\u00e9es suicidaires, ou si vous avez des sympt\u00f4mes qui ne s&rsquo;am\u00e9liorent pas malgr\u00e9 l&rsquo;aide de votre m\u00e9decin traitant. Une consultation est \u00e9galement recommand\u00e9e apr\u00e8s un traumatisme ou si vous avez besoin d&rsquo;une \u00e9valuation pour un traitement m\u00e9dicamenteux. Les troubles mentaux sont-ils h\u00e9r\u00e9ditaires ? Les troubles mentaux r\u00e9sultent d&rsquo;une interaction complexe entre facteurs g\u00e9n\u00e9tiques et environnementaux. Certains troubles comme la schizophr\u00e9nie ou le trouble bipolaire montrent une composante h\u00e9r\u00e9ditaire plus forte (risque multipli\u00e9 par 5 \u00e0 10 chez les proches). Cependant, avoir des ant\u00e9c\u00e9dents familiaux ne signifie pas d\u00e9velopper automatiquement le trouble. Les facteurs environnementaux jouent un r\u00f4le crucial dans le d\u00e9clenchement chez les personnes g\u00e9n\u00e9tiquement pr\u00e9dispos\u00e9es. Peut-on gu\u00e9rir compl\u00e8tement d&rsquo;un trouble mental ? La notion de gu\u00e9rison varie selon les troubles. Certaines conditions comme les \u00e9pisodes d\u00e9pressifs isol\u00e9s peuvent se r\u00e9soudre compl\u00e8tement. D&rsquo;autres troubles chroniques comme la schizophr\u00e9nie ou le trouble bipolaire n\u00e9cessitent une gestion \u00e0 long terme, mais permettent souvent un r\u00e9tablissement fonctionnel significatif avec un traitement adapt\u00e9. Le concept de r\u00e9tablissement met l&rsquo;accent sur la reconstruction d&rsquo;une vie satisfaisante malgr\u00e9 d&rsquo;\u00e9ventuels sympt\u00f4mes r\u00e9siduels. Conclusion Les troubles mentaux, malgr\u00e9 leur pr\u00e9valence et leur impact consid\u00e9rable, restent encore trop souvent entour\u00e9s de silence et de stigmatisation. Pourtant, un diagnostic pr\u00e9coce et une prise en charge adapt\u00e9e permettent g\u00e9n\u00e9ralement d&rsquo;am\u00e9liorer significativement la qualit\u00e9 de vie et le pronostic des personnes touch\u00e9es. Il est essentiel de retenir que les troubles mentaux sont des maladies comme les autres, r\u00e9sultant d&rsquo;interactions complexes entre facteurs biologiques, psychologiques et sociaux. Ils ne sont ni un signe de faiblesse, ni une fatalit\u00e9. La recherche progresse constamment, offrant des approches th\u00e9rapeutiques de plus en plus personnalis\u00e9es et efficaces. Briser les tabous autour de la sant\u00e9 mentale permet non seulement d&rsquo;encourager les personnes souffrantes \u00e0 chercher de l&rsquo;aide, mais aussi de construire une soci\u00e9t\u00e9 plus compr\u00e9hensive et inclusive. Que vous soyez concern\u00e9 directement ou que vous souhaitiez soutenir un proche, la premi\u00e8re \u00e9tape est souvent de s&rsquo;informer et d&rsquo;oser en parler. Pour trouver un professionnel de sant\u00e9 mentale qualifi\u00e9 pr\u00e8s de chez vous, vous pouvez consulter www.doctoome.com. N&rsquo;attendez pas pour prendre soin de votre sant\u00e9 mentale ou celle de vos proches &#8211; c&rsquo;est une d\u00e9marche de force, non de faiblesse.<\/p>\n","protected":false},"author":135,"featured_media":19278,"comment_status":"open","ping_status":"closed","sticky":false,"template":"","format":"standard","meta":{"footnotes":""},"categories":[1861],"tags":[877],"class_list":["post-19277","post","type-post","status-publish","format-standard","has-post-thumbnail","hentry","category-sante-mentale","tag-psychologue"],"yoast_head":"<!-- This site is optimized with the Yoast SEO plugin v27.5 - https:\/\/yoast.com\/product\/yoast-seo-wordpress\/ -->\n<title>Les troubles mentaux courants : comprendre, reconna\u00eetre et agir | Blog - Doctoome<\/title>\n<meta name=\"description\" content=\"D\u00e9couvrez les principaux troubles mentaux, leurs sympt\u00f4mes et les solutions existantes. Guide complet pour mieux comprendre et agir face \u00e0 la sant\u00e9 mentale.\" \/>\n<meta name=\"robots\" content=\"index, follow, max-snippet:-1, max-image-preview:large, max-video-preview:-1\" \/>\n<link rel=\"canonical\" href=\"https:\/\/www.doctoome.com\/blog\/troubles-mentaux-courants-comprendre-reconnaitre-agir\/\" \/>\n<meta property=\"og:locale\" content=\"fr_FR\" \/>\n<meta property=\"og:type\" content=\"article\" \/>\n<meta property=\"og:title\" content=\"Les troubles mentaux courants : comprendre, reconna\u00eetre et agir | Blog - Doctoome\" \/>\n<meta property=\"og:description\" content=\"D\u00e9couvrez les principaux troubles mentaux, leurs sympt\u00f4mes et les solutions existantes. Guide complet pour mieux comprendre et agir face \u00e0 la sant\u00e9 mentale.\" \/>\n<meta property=\"og:url\" content=\"https:\/\/www.doctoome.com\/blog\/troubles-mentaux-courants-comprendre-reconnaitre-agir\/\" \/>\n<meta property=\"og:site_name\" content=\"Blog - Doctoome\" \/>\n<meta property=\"article:publisher\" content=\"https:\/\/www.facebook.com\/doctoome\/\" \/>\n<meta property=\"article:published_time\" content=\"2026-01-21T05:23:00+00:00\" \/>\n<meta property=\"og:image\" content=\"https:\/\/s3.eu-west-1.amazonaws.com\/dm.prod.raw\/2025\/11\/Visuels-nouveaux-articles-de-blog_septembre-2024-15.png\" \/>\n\t<meta property=\"og:image:width\" content=\"1313\" \/>\n\t<meta property=\"og:image:height\" content=\"875\" \/>\n\t<meta property=\"og:image:type\" content=\"image\/png\" \/>\n<meta name=\"author\" content=\"Alice Simon\" \/>\n<meta name=\"twitter:card\" content=\"summary_large_image\" \/>\n<meta name=\"twitter:creator\" content=\"@Doctoome\" \/>\n<meta name=\"twitter:site\" content=\"@Doctoome\" \/>\n<meta name=\"twitter:label1\" content=\"\u00c9crit par\" \/>\n\t<meta name=\"twitter:data1\" content=\"Alice Simon\" \/>\n\t<meta name=\"twitter:label2\" content=\"Dur\u00e9e de lecture estim\u00e9e\" \/>\n\t<meta name=\"twitter:data2\" content=\"11 minutes\" \/>\n<script type=\"application\/ld+json\" class=\"yoast-schema-graph\">{\"@context\":\"https:\\\/\\\/schema.org\",\"@graph\":[{\"@type\":\"Article\",\"@id\":\"https:\\\/\\\/www.doctoome.com\\\/blog\\\/troubles-mentaux-courants-comprendre-reconnaitre-agir\\\/#article\",\"isPartOf\":{\"@id\":\"https:\\\/\\\/www.doctoome.com\\\/blog\\\/troubles-mentaux-courants-comprendre-reconnaitre-agir\\\/\"},\"author\":{\"name\":\"Alice Simon\",\"@id\":\"https:\\\/\\\/www.doctoome.com\\\/blog\\\/#\\\/schema\\\/person\\\/7bd0332ed3ae3ae4f138cab2bfbfcc1a\"},\"headline\":\"Les troubles mentaux courants : comprendre, reconna\u00eetre et agir\",\"datePublished\":\"2026-01-21T05:23:00+00:00\",\"mainEntityOfPage\":{\"@id\":\"https:\\\/\\\/www.doctoome.com\\\/blog\\\/troubles-mentaux-courants-comprendre-reconnaitre-agir\\\/\"},\"wordCount\":2521,\"commentCount\":0,\"publisher\":{\"@id\":\"https:\\\/\\\/www.doctoome.com\\\/blog\\\/#organization\"},\"image\":{\"@id\":\"https:\\\/\\\/www.doctoome.com\\\/blog\\\/troubles-mentaux-courants-comprendre-reconnaitre-agir\\\/#primaryimage\"},\"thumbnailUrl\":\"https:\\\/\\\/s3.eu-west-1.amazonaws.com\\\/dm.prod.raw\\\/2025\\\/11\\\/Visuels-nouveaux-articles-de-blog_septembre-2024-15.png\",\"keywords\":[\"Psychologue\"],\"articleSection\":[\"Bien-\u00eatre et sant\u00e9 mentale\"],\"inLanguage\":\"fr-FR\",\"potentialAction\":[{\"@type\":\"CommentAction\",\"name\":\"Comment\",\"target\":[\"https:\\\/\\\/www.doctoome.com\\\/blog\\\/troubles-mentaux-courants-comprendre-reconnaitre-agir\\\/#respond\"]}]},{\"@type\":\"WebPage\",\"@id\":\"https:\\\/\\\/www.doctoome.com\\\/blog\\\/troubles-mentaux-courants-comprendre-reconnaitre-agir\\\/\",\"url\":\"https:\\\/\\\/www.doctoome.com\\\/blog\\\/troubles-mentaux-courants-comprendre-reconnaitre-agir\\\/\",\"name\":\"Les troubles mentaux courants : comprendre, reconna\u00eetre et agir | Blog - Doctoome\",\"isPartOf\":{\"@id\":\"https:\\\/\\\/www.doctoome.com\\\/blog\\\/#website\"},\"primaryImageOfPage\":{\"@id\":\"https:\\\/\\\/www.doctoome.com\\\/blog\\\/troubles-mentaux-courants-comprendre-reconnaitre-agir\\\/#primaryimage\"},\"image\":{\"@id\":\"https:\\\/\\\/www.doctoome.com\\\/blog\\\/troubles-mentaux-courants-comprendre-reconnaitre-agir\\\/#primaryimage\"},\"thumbnailUrl\":\"https:\\\/\\\/s3.eu-west-1.amazonaws.com\\\/dm.prod.raw\\\/2025\\\/11\\\/Visuels-nouveaux-articles-de-blog_septembre-2024-15.png\",\"datePublished\":\"2026-01-21T05:23:00+00:00\",\"description\":\"D\u00e9couvrez les principaux troubles mentaux, leurs sympt\u00f4mes et les solutions existantes. Guide complet pour mieux comprendre et agir face \u00e0 la sant\u00e9 mentale.\",\"inLanguage\":\"fr-FR\",\"potentialAction\":[{\"@type\":\"ReadAction\",\"target\":[\"https:\\\/\\\/www.doctoome.com\\\/blog\\\/troubles-mentaux-courants-comprendre-reconnaitre-agir\\\/\"]}]},{\"@type\":\"ImageObject\",\"inLanguage\":\"fr-FR\",\"@id\":\"https:\\\/\\\/www.doctoome.com\\\/blog\\\/troubles-mentaux-courants-comprendre-reconnaitre-agir\\\/#primaryimage\",\"url\":\"https:\\\/\\\/s3.eu-west-1.amazonaws.com\\\/dm.prod.raw\\\/2025\\\/11\\\/Visuels-nouveaux-articles-de-blog_septembre-2024-15.png\",\"contentUrl\":\"https:\\\/\\\/s3.eu-west-1.amazonaws.com\\\/dm.prod.raw\\\/2025\\\/11\\\/Visuels-nouveaux-articles-de-blog_septembre-2024-15.png\",\"width\":1313,\"height\":875,\"caption\":\"troubles mentaux\"},{\"@type\":\"WebSite\",\"@id\":\"https:\\\/\\\/www.doctoome.com\\\/blog\\\/#website\",\"url\":\"https:\\\/\\\/www.doctoome.com\\\/blog\\\/\",\"name\":\"Blog - Doctoome\",\"description\":\"Toutes nos astuces sant\u00e9 et bien-\u00eatre\",\"publisher\":{\"@id\":\"https:\\\/\\\/www.doctoome.com\\\/blog\\\/#organization\"},\"potentialAction\":[{\"@type\":\"SearchAction\",\"target\":{\"@type\":\"EntryPoint\",\"urlTemplate\":\"https:\\\/\\\/www.doctoome.com\\\/blog\\\/?s={search_term_string}\"},\"query-input\":{\"@type\":\"PropertyValueSpecification\",\"valueRequired\":true,\"valueName\":\"search_term_string\"}}],\"inLanguage\":\"fr-FR\"},{\"@type\":\"Organization\",\"@id\":\"https:\\\/\\\/www.doctoome.com\\\/blog\\\/#organization\",\"name\":\"Blog - Doctoome\",\"url\":\"https:\\\/\\\/www.doctoome.com\\\/blog\\\/\",\"logo\":{\"@type\":\"ImageObject\",\"inLanguage\":\"fr-FR\",\"@id\":\"https:\\\/\\\/www.doctoome.com\\\/blog\\\/#\\\/schema\\\/logo\\\/image\\\/\",\"url\":\"https:\\\/\\\/s3.eu-west-1.amazonaws.com\\\/dm.prod.raw\\\/2025\\\/07\\\/dQutxZuI-Media-1.png\",\"contentUrl\":\"https:\\\/\\\/s3.eu-west-1.amazonaws.com\\\/dm.prod.raw\\\/2025\\\/07\\\/dQutxZuI-Media-1.png\",\"width\":450,\"height\":200,\"caption\":\"Blog - Doctoome\"},\"image\":{\"@id\":\"https:\\\/\\\/www.doctoome.com\\\/blog\\\/#\\\/schema\\\/logo\\\/image\\\/\"},\"sameAs\":[\"https:\\\/\\\/www.facebook.com\\\/doctoome\\\/\",\"https:\\\/\\\/x.com\\\/Doctoome\",\"https:\\\/\\\/www.instagram.com\\\/doctoome_\\\/\",\"https:\\\/\\\/www.linkedin.com\\\/company\\\/doctoome\\\/\",\"https:\\\/\\\/www.youtube.com\\\/channel\\\/UCDbvPhELiZsPKeyNddFz6Qg\"]},{\"@type\":\"Person\",\"@id\":\"https:\\\/\\\/www.doctoome.com\\\/blog\\\/#\\\/schema\\\/person\\\/7bd0332ed3ae3ae4f138cab2bfbfcc1a\",\"name\":\"Alice Simon\",\"image\":{\"@type\":\"ImageObject\",\"inLanguage\":\"fr-FR\",\"@id\":\"https:\\\/\\\/secure.gravatar.com\\\/avatar\\\/ec074f35feaec8201126a2c010963736894057f0962979858fb96c358cf96280?s=96&d=blank&r=g\",\"url\":\"https:\\\/\\\/secure.gravatar.com\\\/avatar\\\/ec074f35feaec8201126a2c010963736894057f0962979858fb96c358cf96280?s=96&d=blank&r=g\",\"contentUrl\":\"https:\\\/\\\/secure.gravatar.com\\\/avatar\\\/ec074f35feaec8201126a2c010963736894057f0962979858fb96c358cf96280?s=96&d=blank&r=g\",\"caption\":\"Alice Simon\"},\"description\":\"Alice, r\u00e9dactrice m\u00e9dicale et experte des th\u00e9matiques de sant\u00e9 sur les maladies chroniques tels que : les maladies cardiovasculaires, le cancer, le diab\u00e8te, la d\u00e9pression chronique ou encore l\u2019ob\u00e9sit\u00e9. une source fiable en termes de soins et de bien-\u00eatre pour le patient.\",\"url\":\"https:\\\/\\\/www.doctoome.com\\\/blog\\\/author\\\/alice\\\/\"}]}<\/script>\n<!-- \/ Yoast SEO plugin. -->","yoast_head_json":{"title":"Les troubles mentaux courants : comprendre, reconna\u00eetre et agir | Blog - Doctoome","description":"D\u00e9couvrez les principaux troubles mentaux, leurs sympt\u00f4mes et les solutions existantes. Guide complet pour mieux comprendre et agir face \u00e0 la sant\u00e9 mentale.","robots":{"index":"index","follow":"follow","max-snippet":"max-snippet:-1","max-image-preview":"max-image-preview:large","max-video-preview":"max-video-preview:-1"},"canonical":"https:\/\/www.doctoome.com\/blog\/troubles-mentaux-courants-comprendre-reconnaitre-agir\/","og_locale":"fr_FR","og_type":"article","og_title":"Les troubles mentaux courants : comprendre, reconna\u00eetre et agir | Blog - Doctoome","og_description":"D\u00e9couvrez les principaux troubles mentaux, leurs sympt\u00f4mes et les solutions existantes. Guide complet pour mieux comprendre et agir face \u00e0 la sant\u00e9 mentale.","og_url":"https:\/\/www.doctoome.com\/blog\/troubles-mentaux-courants-comprendre-reconnaitre-agir\/","og_site_name":"Blog - Doctoome","article_publisher":"https:\/\/www.facebook.com\/doctoome\/","article_published_time":"2026-01-21T05:23:00+00:00","og_image":[{"width":1313,"height":875,"url":"https:\/\/s3.eu-west-1.amazonaws.com\/dm.prod.raw\/2025\/11\/Visuels-nouveaux-articles-de-blog_septembre-2024-15.png","type":"image\/png"}],"author":"Alice Simon","twitter_card":"summary_large_image","twitter_creator":"@Doctoome","twitter_site":"@Doctoome","twitter_misc":{"\u00c9crit par":"Alice Simon","Dur\u00e9e de lecture estim\u00e9e":"11 minutes"},"schema":{"@context":"https:\/\/schema.org","@graph":[{"@type":"Article","@id":"https:\/\/www.doctoome.com\/blog\/troubles-mentaux-courants-comprendre-reconnaitre-agir\/#article","isPartOf":{"@id":"https:\/\/www.doctoome.com\/blog\/troubles-mentaux-courants-comprendre-reconnaitre-agir\/"},"author":{"name":"Alice Simon","@id":"https:\/\/www.doctoome.com\/blog\/#\/schema\/person\/7bd0332ed3ae3ae4f138cab2bfbfcc1a"},"headline":"Les troubles mentaux courants : comprendre, reconna\u00eetre et agir","datePublished":"2026-01-21T05:23:00+00:00","mainEntityOfPage":{"@id":"https:\/\/www.doctoome.com\/blog\/troubles-mentaux-courants-comprendre-reconnaitre-agir\/"},"wordCount":2521,"commentCount":0,"publisher":{"@id":"https:\/\/www.doctoome.com\/blog\/#organization"},"image":{"@id":"https:\/\/www.doctoome.com\/blog\/troubles-mentaux-courants-comprendre-reconnaitre-agir\/#primaryimage"},"thumbnailUrl":"https:\/\/s3.eu-west-1.amazonaws.com\/dm.prod.raw\/2025\/11\/Visuels-nouveaux-articles-de-blog_septembre-2024-15.png","keywords":["Psychologue"],"articleSection":["Bien-\u00eatre et sant\u00e9 mentale"],"inLanguage":"fr-FR","potentialAction":[{"@type":"CommentAction","name":"Comment","target":["https:\/\/www.doctoome.com\/blog\/troubles-mentaux-courants-comprendre-reconnaitre-agir\/#respond"]}]},{"@type":"WebPage","@id":"https:\/\/www.doctoome.com\/blog\/troubles-mentaux-courants-comprendre-reconnaitre-agir\/","url":"https:\/\/www.doctoome.com\/blog\/troubles-mentaux-courants-comprendre-reconnaitre-agir\/","name":"Les troubles mentaux courants : comprendre, reconna\u00eetre et agir | Blog - Doctoome","isPartOf":{"@id":"https:\/\/www.doctoome.com\/blog\/#website"},"primaryImageOfPage":{"@id":"https:\/\/www.doctoome.com\/blog\/troubles-mentaux-courants-comprendre-reconnaitre-agir\/#primaryimage"},"image":{"@id":"https:\/\/www.doctoome.com\/blog\/troubles-mentaux-courants-comprendre-reconnaitre-agir\/#primaryimage"},"thumbnailUrl":"https:\/\/s3.eu-west-1.amazonaws.com\/dm.prod.raw\/2025\/11\/Visuels-nouveaux-articles-de-blog_septembre-2024-15.png","datePublished":"2026-01-21T05:23:00+00:00","description":"D\u00e9couvrez les principaux troubles mentaux, leurs sympt\u00f4mes et les solutions existantes. Guide complet pour mieux comprendre et agir face \u00e0 la sant\u00e9 mentale.","inLanguage":"fr-FR","potentialAction":[{"@type":"ReadAction","target":["https:\/\/www.doctoome.com\/blog\/troubles-mentaux-courants-comprendre-reconnaitre-agir\/"]}]},{"@type":"ImageObject","inLanguage":"fr-FR","@id":"https:\/\/www.doctoome.com\/blog\/troubles-mentaux-courants-comprendre-reconnaitre-agir\/#primaryimage","url":"https:\/\/s3.eu-west-1.amazonaws.com\/dm.prod.raw\/2025\/11\/Visuels-nouveaux-articles-de-blog_septembre-2024-15.png","contentUrl":"https:\/\/s3.eu-west-1.amazonaws.com\/dm.prod.raw\/2025\/11\/Visuels-nouveaux-articles-de-blog_septembre-2024-15.png","width":1313,"height":875,"caption":"troubles mentaux"},{"@type":"WebSite","@id":"https:\/\/www.doctoome.com\/blog\/#website","url":"https:\/\/www.doctoome.com\/blog\/","name":"Blog - Doctoome","description":"Toutes nos astuces sant\u00e9 et bien-\u00eatre","publisher":{"@id":"https:\/\/www.doctoome.com\/blog\/#organization"},"potentialAction":[{"@type":"SearchAction","target":{"@type":"EntryPoint","urlTemplate":"https:\/\/www.doctoome.com\/blog\/?s={search_term_string}"},"query-input":{"@type":"PropertyValueSpecification","valueRequired":true,"valueName":"search_term_string"}}],"inLanguage":"fr-FR"},{"@type":"Organization","@id":"https:\/\/www.doctoome.com\/blog\/#organization","name":"Blog - Doctoome","url":"https:\/\/www.doctoome.com\/blog\/","logo":{"@type":"ImageObject","inLanguage":"fr-FR","@id":"https:\/\/www.doctoome.com\/blog\/#\/schema\/logo\/image\/","url":"https:\/\/s3.eu-west-1.amazonaws.com\/dm.prod.raw\/2025\/07\/dQutxZuI-Media-1.png","contentUrl":"https:\/\/s3.eu-west-1.amazonaws.com\/dm.prod.raw\/2025\/07\/dQutxZuI-Media-1.png","width":450,"height":200,"caption":"Blog - Doctoome"},"image":{"@id":"https:\/\/www.doctoome.com\/blog\/#\/schema\/logo\/image\/"},"sameAs":["https:\/\/www.facebook.com\/doctoome\/","https:\/\/x.com\/Doctoome","https:\/\/www.instagram.com\/doctoome_\/","https:\/\/www.linkedin.com\/company\/doctoome\/","https:\/\/www.youtube.com\/channel\/UCDbvPhELiZsPKeyNddFz6Qg"]},{"@type":"Person","@id":"https:\/\/www.doctoome.com\/blog\/#\/schema\/person\/7bd0332ed3ae3ae4f138cab2bfbfcc1a","name":"Alice Simon","image":{"@type":"ImageObject","inLanguage":"fr-FR","@id":"https:\/\/secure.gravatar.com\/avatar\/ec074f35feaec8201126a2c010963736894057f0962979858fb96c358cf96280?s=96&d=blank&r=g","url":"https:\/\/secure.gravatar.com\/avatar\/ec074f35feaec8201126a2c010963736894057f0962979858fb96c358cf96280?s=96&d=blank&r=g","contentUrl":"https:\/\/secure.gravatar.com\/avatar\/ec074f35feaec8201126a2c010963736894057f0962979858fb96c358cf96280?s=96&d=blank&r=g","caption":"Alice Simon"},"description":"Alice, r\u00e9dactrice m\u00e9dicale et experte des th\u00e9matiques de sant\u00e9 sur les maladies chroniques tels que : les maladies cardiovasculaires, le cancer, le diab\u00e8te, la d\u00e9pression chronique ou encore l\u2019ob\u00e9sit\u00e9. une source fiable en termes de soins et de bien-\u00eatre pour le patient.","url":"https:\/\/www.doctoome.com\/blog\/author\/alice\/"}]}},"_links":{"self":[{"href":"https:\/\/www.doctoome.com\/blog\/wp-json\/wp\/v2\/posts\/19277","targetHints":{"allow":["GET"]}}],"collection":[{"href":"https:\/\/www.doctoome.com\/blog\/wp-json\/wp\/v2\/posts"}],"about":[{"href":"https:\/\/www.doctoome.com\/blog\/wp-json\/wp\/v2\/types\/post"}],"author":[{"embeddable":true,"href":"https:\/\/www.doctoome.com\/blog\/wp-json\/wp\/v2\/users\/135"}],"replies":[{"embeddable":true,"href":"https:\/\/www.doctoome.com\/blog\/wp-json\/wp\/v2\/comments?post=19277"}],"version-history":[{"count":0,"href":"https:\/\/www.doctoome.com\/blog\/wp-json\/wp\/v2\/posts\/19277\/revisions"}],"wp:featuredmedia":[{"embeddable":true,"href":"https:\/\/www.doctoome.com\/blog\/wp-json\/wp\/v2\/media\/19278"}],"wp:attachment":[{"href":"https:\/\/www.doctoome.com\/blog\/wp-json\/wp\/v2\/media?parent=19277"}],"wp:term":[{"taxonomy":"category","embeddable":true,"href":"https:\/\/www.doctoome.com\/blog\/wp-json\/wp\/v2\/categories?post=19277"},{"taxonomy":"post_tag","embeddable":true,"href":"https:\/\/www.doctoome.com\/blog\/wp-json\/wp\/v2\/tags?post=19277"}],"curies":[{"name":"wp","href":"https:\/\/api.w.org\/{rel}","templated":true}]}}