{"id":19709,"date":"2026-04-29T06:28:00","date_gmt":"2026-04-29T04:28:00","guid":{"rendered":"https:\/\/www.doctoome.com\/blog\/?p=19709"},"modified":"2026-04-27T15:05:12","modified_gmt":"2026-04-27T13:05:12","slug":"uva-uvb-differences-protection-solaire","status":"publish","type":"post","link":"https:\/\/www.doctoome.com\/blog\/uva-uvb-differences-protection-solaire\/","title":{"rendered":"UVA et UVB : quelles diff\u00e9rences pour votre peau ?"},"content":{"rendered":"\n<p><em>Article r\u00e9dig\u00e9 par l&rsquo;\u00e9quipe \u00e9ditoriale Doctoome  \u00b7 Derni\u00e8re mise \u00e0 jour : 27\/04\/2026<\/em><\/p>\n\n\n\n<p>Vous l&rsquo;avez certainement remarqu\u00e9 sur votre tube de cr\u00e8me solaire : \u00ab Protection UVA et UVB \u00bb. Mais que signifient vraiment ces trois lettres ? Et pourquoi est-il si important de se prot\u00e9ger des deux types de rayons ?<\/p>\n\n\n\n<p>Les rayons ultraviolets \u00e9mis par le soleil sont invisibles \u00e0 l&rsquo;\u0153il nu, mais leurs effets sur notre peau sont bien r\u00e9els. Si le soleil est indispensable \u00e0 notre sant\u00e9, notamment pour la synth\u00e8se de vitamine D, une exposition excessive ou mal prot\u00e9g\u00e9e peut entra\u00eener des cons\u00e9quences \u00e0 court terme comme \u00e0 long terme.<\/p>\n\n\n\n<p>Les coups de soleil, le vieillissement cutan\u00e9 pr\u00e9matur\u00e9 et les cancers de la peau figurent parmi les risques associ\u00e9s \u00e0 une exposition non ma\u00eetris\u00e9e. Pourtant, beaucoup de personnes ignorent encore la diff\u00e9rence fondamentale entre UVA et UVB.<\/p>\n\n\n\n<p>Comprendre cette distinction permet de mieux choisir sa protection solaire et d&rsquo;adapter ses comportements d&rsquo;exposition selon les situations : vacances \u00e0 la plage, promenade en ville, journ\u00e9e de ski ou simple trajet en voiture.<\/p>\n\n\n\n<p>Dans cet article, nous d\u00e9cryptons les caract\u00e9ristiques physiques et biologiques des rayons UVA et UVB, leurs effets distincts sur la peau, et les moyens concrets de s&rsquo;en prot\u00e9ger efficacement au quotidien.<\/p>\n\n\n\n<figure class=\"wp-block-image size-large\"><a href=\"https:\/\/form.typeform.com\/to\/W86dHBo8\"><img decoding=\"async\" width=\"1024\" height=\"410\" data-src=\"https:\/\/s3.eu-west-1.amazonaws.com\/dm.prod.raw\/2025\/08\/9OfbPLUt-juillet-1024x410.png\" alt=\"bilan dermatologique\" class=\"wp-image-18160 lazyload\" data-srcset=\"https:\/\/s3.eu-west-1.amazonaws.com\/dm.prod.raw\/2025\/08\/9OfbPLUt-juillet-300x120.png 300w, https:\/\/s3.eu-west-1.amazonaws.com\/dm.prod.raw\/2025\/08\/9OfbPLUt-juillet-1024x410.png 1024w, https:\/\/s3.eu-west-1.amazonaws.com\/dm.prod.raw\/2025\/08\/9OfbPLUt-juillet-768x307.png 768w, https:\/\/s3.eu-west-1.amazonaws.com\/dm.prod.raw\/2025\/08\/9OfbPLUt-juillet-1536x614.png 1536w, https:\/\/s3.eu-west-1.amazonaws.com\/dm.prod.raw\/2025\/08\/9OfbPLUt-juillet-2048x819.png 2048w\" data-sizes=\"(max-width: 1024px) 100vw, 1024px\" src=\"data:image\/svg+xml;base64,PHN2ZyB3aWR0aD0iMSIgaGVpZ2h0PSIxIiB4bWxucz0iaHR0cDovL3d3dy53My5vcmcvMjAwMC9zdmciPjwvc3ZnPg==\" style=\"--smush-placeholder-width: 1024px; --smush-placeholder-aspect-ratio: 1024\/410;\" \/><\/a><\/figure>\n\n\n\n<h2 class=\"wp-block-heading\">Comprendre les rayons UV : UVA et UVB sous la loupe<\/h2>\n\n\n\n<h3 class=\"wp-block-heading\">Qu&rsquo;est-ce que le rayonnement ultraviolet ?<\/h3>\n\n\n\n<p>Les ultraviolets font partie du spectre \u00e9lectromagn\u00e9tique \u00e9mis par le soleil, au m\u00eame titre que la lumi\u00e8re visible ou les infrarouges. Invisibles \u00e0 l&rsquo;\u0153il nu, ils se situent entre la lumi\u00e8re violette et les rayons X.<\/p>\n\n\n\n<p>On distingue trois cat\u00e9gories d&rsquo;UV selon leur longueur d&rsquo;onde. Les UVC sont les plus courts et les plus dangereux, mais ils sont enti\u00e8rement filtr\u00e9s par la couche d&rsquo;ozone. Les UVB ont une longueur d&rsquo;onde moyenne. Les UVA poss\u00e8dent une longueur d&rsquo;onde plus longue.<\/p>\n\n\n\n<p>Plus la longueur d&rsquo;onde est courte, plus le rayon est \u00e9nerg\u00e9tique mais moins il p\u00e9n\u00e8tre profond\u00e9ment dans les tissus. \u00c0 l&rsquo;inverse, les rayons \u00e0 longueur d&rsquo;onde plus longue p\u00e9n\u00e8trent plus en profondeur dans la peau.<\/p>\n\n\n\n<p>La proportion de chaque type d&rsquo;UV dans le rayonnement solaire qui atteint la surface de la Terre est tr\u00e8s in\u00e9gale. Les UVA repr\u00e9sentent environ 95% des UV au sol. Les UVB constituent environ 5% des UV qui nous atteignent. Les UVC sont totalement bloqu\u00e9s par l&rsquo;atmosph\u00e8re.<\/p>\n\n\n\n<h3 class=\"wp-block-heading\">UVA vs UVB : des caract\u00e9ristiques distinctes<\/h3>\n\n\n\n<p>Les UVA et les UVB pr\u00e9sentent des diff\u00e9rences importantes qu&rsquo;il est essentiel de conna\u00eetre pour adapter sa protection.<\/p>\n\n\n\n<p><strong>Longueur d&rsquo;onde :<\/strong> Les UVA mesurent entre 315 et 400 nanom\u00e8tres. Les UVB se situent entre 280 et 315 nanom\u00e8tres. Cette diff\u00e9rence de longueur d&rsquo;onde explique leurs comportements diff\u00e9rents.<\/p>\n\n\n\n<p><strong>P\u00e9n\u00e9tration cutan\u00e9e :<\/strong> Les UVA p\u00e9n\u00e8trent profond\u00e9ment jusqu&rsquo;au derme, la couche interm\u00e9diaire de la peau. Les UVB restent superficiels et n&rsquo;atteignent que l&rsquo;\u00e9piderme, la couche la plus externe.<\/p>\n\n\n\n<p><strong>Intensit\u00e9 selon le moment :<\/strong> Les UVA sont pr\u00e9sents en quantit\u00e9 constante toute l&rsquo;ann\u00e9e et toute la journ\u00e9e. Les UVB varient fortement selon la saison et l&rsquo;heure, avec un pic entre 12h et 16h en \u00e9t\u00e9.<\/p>\n\n\n\n<p><strong>Travers\u00e9e des vitres :<\/strong> Les UVA traversent les vitres classiques des maisons et des voitures. Les UVB sont majoritairement bloqu\u00e9s par le verre.<\/p>\n\n\n\n<p><strong>Effet imm\u00e9diat visible :<\/strong> Les UVA provoquent un bronzage rapide avec peu de rougeur. Les UVB causent le coup de soleil, cette br\u00fblure douloureuse appel\u00e9e \u00e9ryth\u00e8me par les m\u00e9decins.<\/p>\n\n\n\n<p><strong>Effet \u00e0 long terme :<\/strong> Les UVA sont responsables du vieillissement cutan\u00e9 pr\u00e9matur\u00e9 et de l&rsquo;apparition de rides. Les UVB endommagent directement l&rsquo;ADN des cellules et favorisent les cancers cutan\u00e9s.<\/p>\n\n\n\n<p>Un point crucial \u00e0 retenir : m\u00eame par temps nuageux, les UV restent pr\u00e9sents. Les nuages ne bloquent que 10 \u00e0 20% des rayons ultraviolets. La protection reste donc n\u00e9cessaire m\u00eame lorsque le ciel est couvert.<\/p>\n\n\n\n<h2 class=\"wp-block-heading\">Les effets des UVA et UVB sur la peau<\/h2>\n\n\n\n<h3 class=\"wp-block-heading\">Comment les UV agissent sur les cellules cutan\u00e9es<\/h3>\n\n\n\n<p>Pour comprendre l&rsquo;action des UV, rappelons bri\u00e8vement la structure de la peau. Elle se compose de trois couches principales superpos\u00e9es.<\/p>\n\n\n\n<p>L&rsquo;\u00e9piderme constitue la couche superficielle. Il contient les m\u00e9lanocytes, des cellules qui produisent la m\u00e9lanine. Ce pigment est responsable de la coloration de la peau et du bronzage.<\/p>\n\n\n\n<p>Le derme forme la couche interm\u00e9diaire. Il renferme le collag\u00e8ne et l&rsquo;\u00e9lastine, deux prot\u00e9ines qui assurent la fermet\u00e9 et l&rsquo;\u00e9lasticit\u00e9 de la peau. L&rsquo;hypoderme, la couche la plus profonde, contient principalement du tissu graisseux.<\/p>\n\n\n\n<p><strong>Le m\u00e9canisme des UVB :<\/strong> Ces rayons atteignent l&rsquo;\u00e9piderme et stimulent la production de m\u00e9lanine, ce qui provoque le bronzage. Mais ils endommagent aussi directement l&rsquo;ADN des cellules cutan\u00e9es.<\/p>\n\n\n\n<p>Cette agression d\u00e9clenche une r\u00e9action inflammatoire : c&rsquo;est le coup de soleil. La peau devient rouge, douloureuse, parfois des cloques apparaissent. Les UVB sont les principaux responsables des br\u00fblures solaires.<\/p>\n\n\n\n<p>Ils jouent \u00e9galement un r\u00f4le majeur dans l&rsquo;apparition des cancers cutan\u00e9s, notamment les carcinomes et les m\u00e9lanomes. Les dommages caus\u00e9s \u00e0 l&rsquo;ADN s&rsquo;accumulent au fil des expositions.<\/p>\n\n\n\n<p><strong>Le m\u00e9canisme des UVA :<\/strong> Plus insidieux, les UVA p\u00e9n\u00e8trent jusqu&rsquo;au derme. Ils g\u00e9n\u00e8rent des radicaux libres, des mol\u00e9cules instables qui provoquent un stress oxydatif dans les cellules.<\/p>\n\n\n\n<p>Ce processus d\u00e9grade progressivement le collag\u00e8ne et l&rsquo;\u00e9lastine. La peau perd sa fermet\u00e9 et son \u00e9lasticit\u00e9. Des rides apparaissent, la texture devient moins lisse. C&rsquo;est ce qu&rsquo;on appelle le photovieillissement.<\/p>\n\n\n\n<p>Les UVA contribuent \u00e9galement au d\u00e9veloppement de cancers cutan\u00e9s, notamment en affaiblissant les d\u00e9fenses immunitaires locales de la peau. Leur action est moins visible imm\u00e9diatement mais tout aussi dangereuse sur le long terme.<\/p>\n\n\n\n<h3 class=\"wp-block-heading\">Effets \u00e0 court et long terme : un spectre de cons\u00e9quences<\/h3>\n\n\n\n<p><strong>Effets imm\u00e9diats, dans les heures ou jours suivant l&rsquo;exposition :<\/strong><\/p>\n\n\n\n<p>Le coup de soleil se manifeste par une rougeur, une douleur et parfois des cloques. Il est principalement caus\u00e9 par les UVB. Le bronzage imm\u00e9diat correspond \u00e0 une pigmentation rapide mais \u00e9ph\u00e9m\u00e8re, provoqu\u00e9e par les UVA.<\/p>\n\n\n\n<p>Le bronzage retard\u00e9 appara\u00eet 48 \u00e0 72 heures apr\u00e8s l&rsquo;exposition. Il r\u00e9sulte de l&rsquo;action combin\u00e9e des UVB et des UVA. Cette pigmentation est plus durable que le bronzage imm\u00e9diat.<\/p>\n\n\n\n<p><strong>Effets \u00e0 moyen terme, sur plusieurs semaines ou mois :<\/strong><\/p>\n\n\n\n<p>La peau peut s&rsquo;\u00e9paissir en r\u00e9action aux agressions r\u00e9p\u00e9t\u00e9es. Ce ph\u00e9nom\u00e8ne s&rsquo;appelle l&rsquo;hyperk\u00e9ratose. Des taches pigmentaires apparaissent, notamment les lentigos solaires, commun\u00e9ment appel\u00e9s \u00ab taches de vieillesse \u00bb.<\/p>\n\n\n\n<p>Certaines personnes d\u00e9veloppent une lucite estivale, une forme d&rsquo;allergie solaire. D&rsquo;autres photodermatoses peuvent \u00e9galement survenir. Le masque de grossesse, ou m\u00e9lasma, s&rsquo;aggrave consid\u00e9rablement avec l&rsquo;exposition au soleil.<\/p>\n\n\n\n<p><strong>Effets \u00e0 long terme, sur plusieurs ann\u00e9es ou d\u00e9cennies :<\/strong><\/p>\n\n\n\n<p>Le photovieillissement se caract\u00e9rise par des rides profondes, une peau \u00e9paissie et rugueuse, et une perte d&rsquo;\u00e9lasticit\u00e9 marqu\u00e9e. Des taches brunes persistantes s&rsquo;installent durablement.<\/p>\n\n\n\n<p>Les carcinomes basocellulaires et spinocellulaires repr\u00e9sentent les cancers cutan\u00e9s les plus fr\u00e9quents. Le m\u00e9lanome constitue le cancer cutan\u00e9 le plus grave. Il est li\u00e9 \u00e0 l&rsquo;exposition cumul\u00e9e et particuli\u00e8rement aux coups de soleil s\u00e9v\u00e8res subis dans l&rsquo;enfance et l&rsquo;adolescence.<\/p>\n\n\n\n<p>Un point fondamental : les effets des UV sont cumulatifs tout au long de la vie. Le \u00ab capital soleil \u00bb, cette capacit\u00e9 de la peau \u00e0 se d\u00e9fendre contre les UV, n&rsquo;est pas renouvelable.<\/p>\n\n\n\n<p>Il s&rsquo;\u00e9puise progressivement avec les expositions r\u00e9p\u00e9t\u00e9es. D&rsquo;o\u00f9 l&rsquo;importance cruciale d&rsquo;une protection d\u00e8s l&rsquo;enfance et tout au long de la vie.<\/p>\n\n\n\n<blockquote class=\"wp-block-quote is-layout-flow wp-block-quote-is-layout-flow\">\n<p>Une exposition solaire r\u00e9guli\u00e8re ou des ant\u00e9c\u00e9dents familiaux de cancers cutan\u00e9s ? Un bilan dermatologique annuel permet de surveiller l&rsquo;\u00e9volution de vos grains de beaut\u00e9 et de d\u00e9pister pr\u00e9cocement toute l\u00e9sion suspecte. <strong>Trouvez un dermatologue pr\u00e8s de chez vous sur <a href=\"https:\/\/www.doctoome.com\">www.doctoome.com<\/a><\/strong> pour un d\u00e9pistage pr\u00e9ventif.<\/p>\n<\/blockquote>\n\n\n\n<h2 class=\"wp-block-heading\">Se prot\u00e9ger efficacement des UVA et des UVB<\/h2>\n\n\n\n<h3 class=\"wp-block-heading\">D\u00e9crypter les indices de protection solaire<\/h3>\n\n\n\n<p>Le SPF, ou Sun Protection Factor, mesure la protection contre les UVB. Cet indice indique th\u00e9oriquement combien de fois plus longtemps vous pouvez rester au soleil sans coup de soleil par rapport \u00e0 une peau non prot\u00e9g\u00e9e.<\/p>\n\n\n\n<p>Un SPF 15 bloque environ 93% des UVB. Un SPF 30 bloque environ 97% des UVB. Un SPF 50 ou plus bloque environ 98% des UVB. La diff\u00e9rence entre SPF 30 et 50 est donc relativement faible en termes de pourcentage.<\/p>\n\n\n\n<p>Point important : aucune protection ne bloque 100% des rayons. Le terme \u00ab \u00e9cran total \u00bb est trompeur et n&rsquo;est d&rsquo;ailleurs plus autoris\u00e9 dans la communication des fabricants.<\/p>\n\n\n\n<p>La protection UVA est indiqu\u00e9e par un logo \u00ab UVA \u00bb entour\u00e9 d&rsquo;un cercle sur l&#8217;emballage du produit. En Europe, la r\u00e9glementation impose que la protection UVA repr\u00e9sente au minimum un tiers de la protection UVB.<\/p>\n\n\n\n<p>Certains produits mentionnent aussi un indice PA ou PPD. Ces syst\u00e8mes de mesure de la protection UVA sont plus courants en Asie mais restent moins standardis\u00e9s que le SPF.<\/p>\n\n\n\n<div class=\"wp-block-buttons is-content-justification-center is-layout-flex wp-container-core-buttons-is-layout-16018d1d wp-block-buttons-is-layout-flex\">\n<div class=\"wp-block-button\"><a class=\"wp-block-button__link has-background wp-element-button\" href=\"https:\/\/www.doctoome.com\/trouver-mon-medicament\" style=\"background-color:#0097a7\">Trouver vos produits solaires en pharmacie en stock<\/a><\/div>\n<\/div>\n\n\n\n<p><strong>Filtres min\u00e9raux versus filtres chimiques :<\/strong><\/p>\n\n\n\n<p>Les filtres min\u00e9raux, comme l&rsquo;oxyde de zinc ou le dioxyde de titane, r\u00e9fl\u00e9chissent les UV comme un miroir. Ils sont particuli\u00e8rement adapt\u00e9s aux peaux sensibles et aux enfants car ils restent en surface de la peau.<\/p>\n\n\n\n<p>Les filtres chimiques, tels que l&rsquo;avobenzone ou l&rsquo;octocryl\u00e8ne, absorbent les UV et les transforment en chaleur. Leur texture est souvent plus l\u00e9g\u00e8re et ils laissent moins de traces blanches sur la peau.<\/p>\n\n\n\n<h3 class=\"wp-block-heading\">Les bons gestes de photoprotection au quotidien<\/h3>\n\n\n\n<p><strong>Application correcte de la cr\u00e8me solaire :<\/strong><\/p>\n\n\n\n<p>La quantit\u00e9 appliqu\u00e9e est cruciale. Les dermatologues recommandent environ 2 milligrammes par centim\u00e8tre carr\u00e9 de peau. Pour le corps entier d&rsquo;un adulte, cela repr\u00e9sente environ six cuill\u00e8res \u00e0 caf\u00e9 de produit.<\/p>\n\n\n\n<p>La fr\u00e9quence d&rsquo;application est tout aussi importante. Renouvelez l&rsquo;application toutes les deux heures et apr\u00e8s chaque baignade, m\u00eame avec un produit \u00e9tiquet\u00e9 \u00ab waterproof \u00bb ou r\u00e9sistant \u00e0 l&rsquo;eau.<\/p>\n\n\n\n<p>Le timing compte \u00e9galement. Appliquez votre protection 20 \u00e0 30 minutes avant l&rsquo;exposition pour permettre au produit de bien p\u00e9n\u00e9trer et d&rsquo;\u00eatre efficace d\u00e8s le d\u00e9but de l&rsquo;exposition.<\/p>\n\n\n\n<p><strong>Protection vestimentaire compl\u00e9mentaire :<\/strong><\/p>\n\n\n\n<p>Les v\u00eatements anti-UV avec un indice UPF 50 ou plus offrent une excellente protection pour les activit\u00e9s prolong\u00e9es en ext\u00e9rieur. Un chapeau \u00e0 larges bords, d&rsquo;au moins 7 \u00e0 8 centim\u00e8tres, prot\u00e8ge le visage, les oreilles et le cou.<\/p>\n\n\n\n<p>Les lunettes de soleil ne sont pas qu&rsquo;un accessoire esth\u00e9tique. Choisissez des mod\u00e8les avec marquage CE et protection UV400 pour prot\u00e9ger vos yeux et la peau fragile du contour de l&rsquo;\u0153il.<\/p>\n\n\n\n<p><strong>Comportements d&rsquo;exposition \u00e0 adopter :<\/strong><\/p>\n\n\n\n<p>\u00c9vitez l&rsquo;exposition entre 12h et 16h, p\u00e9riode de pic d&rsquo;intensit\u00e9 des UVB. Recherchez l&rsquo;ombre, particuli\u00e8rement pour les enfants dont la peau est plus vuln\u00e9rable.<\/p>\n\n\n\n<p>Consultez l&rsquo;index UV quotidien, une \u00e9chelle de 1 \u00e0 11 ou plus. Une protection est recommand\u00e9e d\u00e8s que l&rsquo;indice atteint 3. Cet index est g\u00e9n\u00e9ralement disponible dans les bulletins m\u00e9t\u00e9o.<\/p>\n\n\n\n<h3 class=\"wp-block-heading\">Situations particuli\u00e8res n\u00e9cessitant une vigilance accrue<\/h3>\n\n\n\n<p><strong>Enfants de moins de trois ans :<\/strong> Leur peau est immature et particuli\u00e8rement vuln\u00e9rable. \u00c9vitez toute exposition directe au soleil. Privil\u00e9giez l&rsquo;ombre totale et les v\u00eatements couvrants.<\/p>\n\n\n\n<p><strong>Grossesse :<\/strong> Le risque de masque de grossesse est accru pendant cette p\u00e9riode en raison des modifications hormonales. Une protection rigoureuse du visage est indispensable.<\/p>\n\n\n\n<p><strong>Traitements photosensibilisants :<\/strong> Certains m\u00e9dicaments augmentent la sensibilit\u00e9 de la peau au soleil. Les antibiotiques de la famille des t\u00e9tracyclines, certains anti-inflammatoires et les r\u00e9tino\u00efdes figurent parmi les plus connus.<\/p>\n\n\n\n<p>Si vous suivez un traitement, demandez \u00e0 votre m\u00e9decin ou pharmacien s&rsquo;il pr\u00e9sente un risque de photosensibilisation.<\/p>\n\n\n\n<p><strong>Altitude et r\u00e9verb\u00e9ration :<\/strong> L&rsquo;altitude augmente l&rsquo;intensit\u00e9 des UV. En montagne, on compte environ 10% d&rsquo;UV en plus tous les 1000 m\u00e8tres d&rsquo;\u00e9l\u00e9vation.<\/p>\n\n\n\n<p>La neige r\u00e9fl\u00e9chit jusqu&rsquo;\u00e0 80% des UV, l&rsquo;eau environ 25%, et le sable environ 15%. Ces surfaces multiplient donc l&rsquo;exposition et n\u00e9cessitent une protection renforc\u00e9e.<\/p>\n\n\n\n<p><strong>Cabines de bronzage :<\/strong> Elles \u00e9mettent principalement des UVA \u00e0 haute dose. Leur utilisation est fortement d\u00e9conseill\u00e9e par les autorit\u00e9s sanitaires en raison du risque accru de cancer cutan\u00e9 et de vieillissement pr\u00e9matur\u00e9.<\/p>\n\n\n\n<h3 class=\"wp-block-heading\">Adapter sa protection selon son phototype<\/h3>\n\n\n\n<p>Le phototype est une classification de la peau selon sa r\u00e9action au soleil. L&rsquo;\u00e9chelle de Fitzpatrick distingue six types, du plus clair au plus fonc\u00e9.<\/p>\n\n\n\n<p>Les phototypes clairs, types I et II, concernent les personnes \u00e0 peau tr\u00e8s claire, cheveux blonds ou roux, avec souvent de nombreuses taches de rousseur. Ces personnes n\u00e9cessitent une protection maximale avec un SPF 50 ou plus.<\/p>\n\n\n\n<p>Elles br\u00fblent facilement et ne bronzent que tr\u00e8s peu ou pas du tout. Leur risque de cancer cutan\u00e9 est statistiquement plus \u00e9lev\u00e9.<\/p>\n\n\n\n<p>Les phototypes interm\u00e9diaires, types III et IV, correspondent aux peaux claires \u00e0 mates qui bronzent progressivement. Une protection SPF 30 \u00e0 50 reste recommand\u00e9e selon l&rsquo;intensit\u00e9 de l&rsquo;exposition.<\/p>\n\n\n\n<p>Les phototypes fonc\u00e9s, types V et VI, concernent les peaux naturellement pigment\u00e9es. Ils poss\u00e8dent une protection naturelle plus \u00e9lev\u00e9e gr\u00e2ce \u00e0 une production de m\u00e9lanine plus importante.<\/p>\n\n\n\n<p>Une id\u00e9e re\u00e7ue persiste : les peaux mates et noires n&rsquo;auraient pas besoin de protection solaire. C&rsquo;est faux. Si le risque de coup de soleil est effectivement moindre, celui de cancer cutan\u00e9 existe bel et bien.<\/p>\n\n\n\n<p>Les m\u00e9lanomes sont d&rsquo;ailleurs souvent diagnostiqu\u00e9s plus tardivement sur les peaux fonc\u00e9es. Le photovieillissement reste \u00e9galement pr\u00e9sent, m\u00eame s&rsquo;il est moins visible.<\/p>\n\n\n\n<blockquote class=\"wp-block-quote is-layout-flow wp-block-quote-is-layout-flow\">\n<p>Le choix d&rsquo;une photoprotection adapt\u00e9e d\u00e9pend de votre phototype, de vos ant\u00e9c\u00e9dents et de votre mode de vie. <strong>Consultez un dermatologue via <a href=\"https:\/\/www.doctoome.com\">www.doctoome.com<\/a><\/strong> pour des recommandations personnalis\u00e9es et un suivi dermatologique sur mesure.<\/p>\n<\/blockquote>\n\n\n\n<h2 class=\"wp-block-heading\">FAQ : vos questions sur les UVA et UVB<\/h2>\n\n\n\n<h3 class=\"wp-block-heading\">Peut-on bronzer avec une cr\u00e8me solaire haute protection ?<\/h3>\n\n\n\n<p>Oui, le bronzage reste possible avec une protection SPF 50 ou plus. Aucune cr\u00e8me ne bloque 100% des UV : une partie des rayons atteint toujours la peau et stimule la production de m\u00e9lanine.<\/p>\n\n\n\n<p>Le bronzage sera simplement plus progressif et plus s\u00fbr, limitant les dommages cutan\u00e9s. Cette approche permet d&rsquo;obtenir un h\u00e2le durable tout en pr\u00e9servant la sant\u00e9 de votre peau.<\/p>\n\n\n\n<h3 class=\"wp-block-heading\">Les vitres de la maison ou de la voiture filtrent-elles les UV ?<\/h3>\n\n\n\n<p>Les vitres classiques bloquent la majorit\u00e9 des UVB mais laissent passer les UVA. Lors de longs trajets en voiture ou si vous travaillez pr\u00e8s d&rsquo;une fen\u00eatre ensoleill\u00e9e, une protection reste recommand\u00e9e.<\/p>\n\n\n\n<p>Il existe des films anti-UV \u00e0 apposer sur les vitres pour renforcer la filtration. Certains pare-brises de voitures r\u00e9centes int\u00e8grent d\u00e9j\u00e0 une protection renforc\u00e9e contre les UVA.<\/p>\n\n\n\n<h3 class=\"wp-block-heading\">Faut-il se prot\u00e9ger en hiver ou par temps nuageux ?<\/h3>\n\n\n\n<p>Absolument. Les UVA sont pr\u00e9sents toute l&rsquo;ann\u00e9e avec une intensit\u00e9 quasi constante. Les nuages laissent passer 80 \u00e0 90% des UV, contrairement \u00e0 ce que beaucoup pensent.<\/p>\n\n\n\n<p>En montagne, l&rsquo;altitude augmente l&rsquo;intensit\u00e9 des UV et la neige r\u00e9fl\u00e9chit jusqu&rsquo;\u00e0 80% des rayons. Une protection est donc indispensable lors des sports d&rsquo;hiver, m\u00eame par temps couvert.<\/p>\n\n\n\n<h3 class=\"wp-block-heading\">Combien de temps peut-on conserver une cr\u00e8me solaire ?<\/h3>\n\n\n\n<p>Une cr\u00e8me solaire ouverte se conserve g\u00e9n\u00e9ralement 12 mois. Ce d\u00e9lai est indiqu\u00e9 par le symbole du pot ouvert sur l&#8217;emballage, accompagn\u00e9 d&rsquo;un chiffre et de la lettre M.<\/p>\n\n\n\n<p>Au-del\u00e0 de cette p\u00e9riode, les filtres peuvent perdre en efficacit\u00e9. \u00c9vitez d&rsquo;exposer le tube \u00e0 la chaleur excessive, comme sur la plage arri\u00e8re d&rsquo;une voiture, car cela acc\u00e9l\u00e8re la d\u00e9gradation du produit.<\/p>\n\n\n\n<h3 class=\"wp-block-heading\">Le soleil est-il n\u00e9cessaire pour la vitamine D ?<\/h3>\n\n\n\n<p>Oui, les UVB permettent la synth\u00e8se cutan\u00e9e de vitamine D, essentielle pour la sant\u00e9 osseuse et immunitaire. Une exposition de 10 \u00e0 15 minutes sur les avant-bras et le visage, quelques fois par semaine, suffit g\u00e9n\u00e9ralement.<\/p>\n\n\n\n<p>Cette dur\u00e9e varie selon le phototype, la saison et la latitude. En cas de carence av\u00e9r\u00e9e, votre m\u00e9decin pourra vous prescrire une suppl\u00e9mentation adapt\u00e9e.<\/p>\n\n\n\n<h3 class=\"wp-block-heading\">Les v\u00eatements ordinaires prot\u00e8gent-ils des UV ?<\/h3>\n\n\n\n<p>Oui, mais de mani\u00e8re variable. Un t-shirt en coton blanc sec offre une protection \u00e9quivalente \u00e0 un SPF 5 \u00e0 10 environ. Un tissu sombre, \u00e9pais et serr\u00e9 prot\u00e8ge mieux qu&rsquo;un tissu clair, fin et a\u00e9r\u00e9.<\/p>\n\n\n\n<p>Les v\u00eatements mouill\u00e9s perdent une grande partie de leur capacit\u00e9 protectrice. Pour une protection optimale lors d&rsquo;activit\u00e9s prolong\u00e9es au soleil, privil\u00e9giez les v\u00eatements certifi\u00e9s anti-UV avec indice UPF.<\/p>\n\n\n\n<h3 class=\"wp-block-heading\">Peut-on utiliser la m\u00eame cr\u00e8me solaire pour le visage et le corps ?<\/h3>\n\n\n\n<p>Techniquement oui, la protection est identique. Cependant, les cr\u00e8mes pour le visage sont souvent formul\u00e9es pour \u00eatre moins grasses et ne pas obstruer les pores, r\u00e9duisant ainsi le risque d&rsquo;imperfections.<\/p>\n\n\n\n<p>Elles peuvent aussi contenir des actifs anti-\u00e2ge ou hydratants sp\u00e9cifiques. Si vous avez une peau grasse ou \u00e0 tendance acn\u00e9ique, privil\u00e9giez une formule sp\u00e9cifique pour le visage.<\/p>\n\n\n\n<h2 class=\"wp-block-heading\">Conclusion<\/h2>\n\n\n\n<p>Les UVA et les UVB sont deux types de rayons ultraviolets aux caract\u00e9ristiques et aux effets bien distincts sur notre peau. Les UVB, plus \u00e9nerg\u00e9tiques mais superficiels, provoquent les coups de soleil et endommagent directement l&rsquo;ADN cellulaire.<\/p>\n\n\n\n<p>Les UVA, plus insidieux, p\u00e9n\u00e8trent profond\u00e9ment et causent un vieillissement pr\u00e9matur\u00e9 ainsi qu&rsquo;une immunosuppression locale. Les deux contribuent au risque de cancer cutan\u00e9.<\/p>\n\n\n\n<p>Une protection efficace repose sur plusieurs piliers : l&rsquo;utilisation quotidienne d&rsquo;une cr\u00e8me solaire \u00e0 large spectre, le renouvellement r\u00e9gulier de l&rsquo;application, le port de v\u00eatements protecteurs et l&rsquo;\u00e9vitement des heures d&rsquo;exposition maximale.<\/p>\n\n\n\n<p>Adapter sa protection \u00e0 son phototype et aux circonstances particuli\u00e8res reste essentiel. Les effets des UV \u00e9tant cumulatifs, chaque geste de protection compte, d\u00e8s le plus jeune \u00e2ge.<\/p>\n\n\n\n<p>En cas de doute sur votre type de peau, sur l&rsquo;apparition de nouvelles l\u00e9sions ou pour un suivi r\u00e9gulier de vos grains de beaut\u00e9, n&rsquo;h\u00e9sitez pas \u00e0 consulter un dermatologue. <strong>Pour trouver un professionnel de sant\u00e9 pr\u00e8s de chez vous, consultez <a href=\"https:\/\/www.doctoome.com\">www.doctoome.com<\/a>.<\/strong><\/p>\n\n\n\n<h2 class=\"wp-block-heading\">Sources<\/h2>\n\n\n\n<ul class=\"wp-block-list\">\n<li>Haute Autorit\u00e9 de Sant\u00e9<\/li>\n\n\n\n<li>Assurance Maladie<\/li>\n\n\n\n<li>Soci\u00e9t\u00e9 Fran\u00e7aise de Dermatologie<\/li>\n\n\n\n<li>Institut National du Cancer<\/li>\n\n\n\n<li>Sant\u00e9 Publique France<\/li>\n<\/ul>\n\n\n\n<blockquote class=\"wp-block-quote is-layout-flow wp-block-quote-is-layout-flow\">\n<p>Cet article a une vocation purement informative. Il ne se substitue pas \u00e0 l&rsquo;avis d&rsquo;un professionnel de sant\u00e9. En cas de sympt\u00f4mes ou de doute, consultez votre m\u00e9decin.<\/p>\n<\/blockquote>\n","protected":false},"excerpt":{"rendered":"<p>Les rayons ultraviolets \u00e9mis par le soleil sont invisibles \u00e0 l&rsquo;\u0153il nu, mais leurs effets sur notre peau sont bien r\u00e9els. Si le soleil est indispensable \u00e0 notre sant\u00e9, notamment pour la synth\u00e8se de vitamine D, une exposition excessive ou mal prot\u00e9g\u00e9e peut entra\u00eener des cons\u00e9quences \u00e0 court terme comme \u00e0 long terme.<\/p>\n","protected":false},"author":2,"featured_media":19710,"comment_status":"open","ping_status":"closed","sticky":false,"template":"","format":"standard","meta":{"footnotes":""},"categories":[2465,2483],"tags":[40],"class_list":["post-19709","post","type-post","status-publish","format-standard","has-post-thumbnail","hentry","category-alimentation-activite-physique-sportive-et-sommeil","category-dermatologie","tag-dermatologue-et-venerologue"],"yoast_head":"<!-- This site is optimized with the Yoast SEO plugin v27.5 - https:\/\/yoast.com\/product\/yoast-seo-wordpress\/ -->\n<title>UVA et UVB : quelles diff\u00e9rences pour votre peau ? | Blog - Doctoome<\/title>\n<meta name=\"description\" content=\"UVA, UVB : d\u00e9couvrez les diff\u00e9rences entre ces rayons UV, leurs effets sur la peau et comment choisir la bonne protection solaire au quotidien.\" \/>\n<meta name=\"robots\" content=\"index, follow, max-snippet:-1, max-image-preview:large, max-video-preview:-1\" \/>\n<link rel=\"canonical\" href=\"https:\/\/www.doctoome.com\/blog\/uva-uvb-differences-protection-solaire\/\" \/>\n<meta property=\"og:locale\" content=\"fr_FR\" \/>\n<meta property=\"og:type\" content=\"article\" \/>\n<meta property=\"og:title\" content=\"UVA et UVB : quelles diff\u00e9rences pour votre peau ? | Blog - Doctoome\" \/>\n<meta property=\"og:description\" content=\"UVA, UVB : d\u00e9couvrez les diff\u00e9rences entre ces rayons UV, leurs effets sur la peau et comment choisir la bonne protection solaire au quotidien.\" \/>\n<meta property=\"og:url\" content=\"https:\/\/www.doctoome.com\/blog\/uva-uvb-differences-protection-solaire\/\" \/>\n<meta property=\"og:site_name\" content=\"Blog - Doctoome\" \/>\n<meta property=\"article:publisher\" content=\"https:\/\/www.facebook.com\/doctoome\/\" \/>\n<meta property=\"article:published_time\" content=\"2026-04-29T04:28:00+00:00\" \/>\n<meta property=\"og:image\" content=\"https:\/\/s3.eu-west-1.amazonaws.com\/dm.prod.raw\/2026\/04\/PbziqVhq-Visuels-nouveaux-articles-de-blog_septembre-2024.png\" \/>\n\t<meta property=\"og:image:width\" content=\"1313\" \/>\n\t<meta property=\"og:image:height\" content=\"875\" \/>\n\t<meta property=\"og:image:type\" content=\"image\/png\" \/>\n<meta name=\"author\" content=\"Doctoome\" \/>\n<meta name=\"twitter:card\" content=\"summary_large_image\" \/>\n<meta name=\"twitter:creator\" content=\"@Doctoome\" \/>\n<meta name=\"twitter:site\" content=\"@Doctoome\" \/>\n<meta name=\"twitter:label1\" content=\"\u00c9crit par\" \/>\n\t<meta name=\"twitter:data1\" content=\"Doctoome\" \/>\n\t<meta name=\"twitter:label2\" content=\"Dur\u00e9e de lecture estim\u00e9e\" \/>\n\t<meta name=\"twitter:data2\" content=\"15 minutes\" \/>\n<script type=\"application\/ld+json\" class=\"yoast-schema-graph\">{\"@context\":\"https:\\\/\\\/schema.org\",\"@graph\":[{\"@type\":\"Article\",\"@id\":\"https:\\\/\\\/www.doctoome.com\\\/blog\\\/uva-uvb-differences-protection-solaire\\\/#article\",\"isPartOf\":{\"@id\":\"https:\\\/\\\/www.doctoome.com\\\/blog\\\/uva-uvb-differences-protection-solaire\\\/\"},\"author\":{\"name\":\"Doctoome\",\"@id\":\"https:\\\/\\\/www.doctoome.com\\\/blog\\\/#\\\/schema\\\/person\\\/b70e715e0248cbdaae27015aae1f7769\"},\"headline\":\"UVA et UVB : quelles diff\u00e9rences pour votre peau ?\",\"datePublished\":\"2026-04-29T04:28:00+00:00\",\"mainEntityOfPage\":{\"@id\":\"https:\\\/\\\/www.doctoome.com\\\/blog\\\/uva-uvb-differences-protection-solaire\\\/\"},\"wordCount\":3176,\"commentCount\":0,\"publisher\":{\"@id\":\"https:\\\/\\\/www.doctoome.com\\\/blog\\\/#organization\"},\"image\":{\"@id\":\"https:\\\/\\\/www.doctoome.com\\\/blog\\\/uva-uvb-differences-protection-solaire\\\/#primaryimage\"},\"thumbnailUrl\":\"https:\\\/\\\/s3.eu-west-1.amazonaws.com\\\/dm.prod.raw\\\/2026\\\/04\\\/PbziqVhq-Visuels-nouveaux-articles-de-blog_septembre-2024.png\",\"keywords\":[\"Dermatologue\"],\"articleSection\":[\"Alimentation, activit\u00e9 physique, sommeil\",\"Dermatologie\"],\"inLanguage\":\"fr-FR\",\"potentialAction\":[{\"@type\":\"CommentAction\",\"name\":\"Comment\",\"target\":[\"https:\\\/\\\/www.doctoome.com\\\/blog\\\/uva-uvb-differences-protection-solaire\\\/#respond\"]}]},{\"@type\":\"WebPage\",\"@id\":\"https:\\\/\\\/www.doctoome.com\\\/blog\\\/uva-uvb-differences-protection-solaire\\\/\",\"url\":\"https:\\\/\\\/www.doctoome.com\\\/blog\\\/uva-uvb-differences-protection-solaire\\\/\",\"name\":\"UVA et UVB : quelles diff\u00e9rences pour votre peau ? | Blog - Doctoome\",\"isPartOf\":{\"@id\":\"https:\\\/\\\/www.doctoome.com\\\/blog\\\/#website\"},\"primaryImageOfPage\":{\"@id\":\"https:\\\/\\\/www.doctoome.com\\\/blog\\\/uva-uvb-differences-protection-solaire\\\/#primaryimage\"},\"image\":{\"@id\":\"https:\\\/\\\/www.doctoome.com\\\/blog\\\/uva-uvb-differences-protection-solaire\\\/#primaryimage\"},\"thumbnailUrl\":\"https:\\\/\\\/s3.eu-west-1.amazonaws.com\\\/dm.prod.raw\\\/2026\\\/04\\\/PbziqVhq-Visuels-nouveaux-articles-de-blog_septembre-2024.png\",\"datePublished\":\"2026-04-29T04:28:00+00:00\",\"description\":\"UVA, UVB : d\u00e9couvrez les diff\u00e9rences entre ces rayons UV, leurs effets sur la peau et comment choisir la bonne protection solaire au quotidien.\",\"inLanguage\":\"fr-FR\",\"potentialAction\":[{\"@type\":\"ReadAction\",\"target\":[\"https:\\\/\\\/www.doctoome.com\\\/blog\\\/uva-uvb-differences-protection-solaire\\\/\"]}]},{\"@type\":\"ImageObject\",\"inLanguage\":\"fr-FR\",\"@id\":\"https:\\\/\\\/www.doctoome.com\\\/blog\\\/uva-uvb-differences-protection-solaire\\\/#primaryimage\",\"url\":\"https:\\\/\\\/s3.eu-west-1.amazonaws.com\\\/dm.prod.raw\\\/2026\\\/04\\\/PbziqVhq-Visuels-nouveaux-articles-de-blog_septembre-2024.png\",\"contentUrl\":\"https:\\\/\\\/s3.eu-west-1.amazonaws.com\\\/dm.prod.raw\\\/2026\\\/04\\\/PbziqVhq-Visuels-nouveaux-articles-de-blog_septembre-2024.png\",\"width\":1313,\"height\":875,\"caption\":\"UV au soleil\"},{\"@type\":\"WebSite\",\"@id\":\"https:\\\/\\\/www.doctoome.com\\\/blog\\\/#website\",\"url\":\"https:\\\/\\\/www.doctoome.com\\\/blog\\\/\",\"name\":\"Blog - Doctoome\",\"description\":\"Toutes nos astuces sant\u00e9 et bien-\u00eatre\",\"publisher\":{\"@id\":\"https:\\\/\\\/www.doctoome.com\\\/blog\\\/#organization\"},\"potentialAction\":[{\"@type\":\"SearchAction\",\"target\":{\"@type\":\"EntryPoint\",\"urlTemplate\":\"https:\\\/\\\/www.doctoome.com\\\/blog\\\/?s={search_term_string}\"},\"query-input\":{\"@type\":\"PropertyValueSpecification\",\"valueRequired\":true,\"valueName\":\"search_term_string\"}}],\"inLanguage\":\"fr-FR\"},{\"@type\":\"Organization\",\"@id\":\"https:\\\/\\\/www.doctoome.com\\\/blog\\\/#organization\",\"name\":\"Blog - Doctoome\",\"url\":\"https:\\\/\\\/www.doctoome.com\\\/blog\\\/\",\"logo\":{\"@type\":\"ImageObject\",\"inLanguage\":\"fr-FR\",\"@id\":\"https:\\\/\\\/www.doctoome.com\\\/blog\\\/#\\\/schema\\\/logo\\\/image\\\/\",\"url\":\"https:\\\/\\\/s3.eu-west-1.amazonaws.com\\\/dm.prod.raw\\\/2025\\\/07\\\/dQutxZuI-Media-1.png\",\"contentUrl\":\"https:\\\/\\\/s3.eu-west-1.amazonaws.com\\\/dm.prod.raw\\\/2025\\\/07\\\/dQutxZuI-Media-1.png\",\"width\":450,\"height\":200,\"caption\":\"Blog - Doctoome\"},\"image\":{\"@id\":\"https:\\\/\\\/www.doctoome.com\\\/blog\\\/#\\\/schema\\\/logo\\\/image\\\/\"},\"sameAs\":[\"https:\\\/\\\/www.facebook.com\\\/doctoome\\\/\",\"https:\\\/\\\/x.com\\\/Doctoome\",\"https:\\\/\\\/www.instagram.com\\\/doctoome_\\\/\",\"https:\\\/\\\/www.linkedin.com\\\/company\\\/doctoome\\\/\",\"https:\\\/\\\/www.youtube.com\\\/channel\\\/UCDbvPhELiZsPKeyNddFz6Qg\"]},{\"@type\":\"Person\",\"@id\":\"https:\\\/\\\/www.doctoome.com\\\/blog\\\/#\\\/schema\\\/person\\\/b70e715e0248cbdaae27015aae1f7769\",\"name\":\"Doctoome\",\"image\":{\"@type\":\"ImageObject\",\"inLanguage\":\"fr-FR\",\"@id\":\"https:\\\/\\\/secure.gravatar.com\\\/avatar\\\/6083c373ae95bfd3ce85cd46164b730132c2dc1f9e3f5c5cfe3d9e5a21e46e34?s=96&d=blank&r=g\",\"url\":\"https:\\\/\\\/secure.gravatar.com\\\/avatar\\\/6083c373ae95bfd3ce85cd46164b730132c2dc1f9e3f5c5cfe3d9e5a21e46e34?s=96&d=blank&r=g\",\"contentUrl\":\"https:\\\/\\\/secure.gravatar.com\\\/avatar\\\/6083c373ae95bfd3ce85cd46164b730132c2dc1f9e3f5c5cfe3d9e5a21e46e34?s=96&d=blank&r=g\",\"caption\":\"Doctoome\"},\"description\":\"Chlo\u00e9 de Channes est r\u00e9dactrice sant\u00e9 et \u00e9crit sur de nombreux sujets touchant au parcours de soins, aux enfants, aux maladies de peau, la sant\u00e9 des femmes, etc\",\"url\":\"https:\\\/\\\/www.doctoome.com\\\/blog\\\/author\\\/ameliedoctoome-com\\\/\"}]}<\/script>\n<!-- \/ Yoast SEO plugin. -->","yoast_head_json":{"title":"UVA et UVB : quelles diff\u00e9rences pour votre peau ? | Blog - Doctoome","description":"UVA, UVB : d\u00e9couvrez les diff\u00e9rences entre ces rayons UV, leurs effets sur la peau et comment choisir la bonne protection solaire au quotidien.","robots":{"index":"index","follow":"follow","max-snippet":"max-snippet:-1","max-image-preview":"max-image-preview:large","max-video-preview":"max-video-preview:-1"},"canonical":"https:\/\/www.doctoome.com\/blog\/uva-uvb-differences-protection-solaire\/","og_locale":"fr_FR","og_type":"article","og_title":"UVA et UVB : quelles diff\u00e9rences pour votre peau ? | Blog - Doctoome","og_description":"UVA, UVB : d\u00e9couvrez les diff\u00e9rences entre ces rayons UV, leurs effets sur la peau et comment choisir la bonne protection solaire au quotidien.","og_url":"https:\/\/www.doctoome.com\/blog\/uva-uvb-differences-protection-solaire\/","og_site_name":"Blog - Doctoome","article_publisher":"https:\/\/www.facebook.com\/doctoome\/","article_published_time":"2026-04-29T04:28:00+00:00","og_image":[{"width":1313,"height":875,"url":"https:\/\/s3.eu-west-1.amazonaws.com\/dm.prod.raw\/2026\/04\/PbziqVhq-Visuels-nouveaux-articles-de-blog_septembre-2024.png","type":"image\/png"}],"author":"Doctoome","twitter_card":"summary_large_image","twitter_creator":"@Doctoome","twitter_site":"@Doctoome","twitter_misc":{"\u00c9crit par":"Doctoome","Dur\u00e9e de lecture estim\u00e9e":"15 minutes"},"schema":{"@context":"https:\/\/schema.org","@graph":[{"@type":"Article","@id":"https:\/\/www.doctoome.com\/blog\/uva-uvb-differences-protection-solaire\/#article","isPartOf":{"@id":"https:\/\/www.doctoome.com\/blog\/uva-uvb-differences-protection-solaire\/"},"author":{"name":"Doctoome","@id":"https:\/\/www.doctoome.com\/blog\/#\/schema\/person\/b70e715e0248cbdaae27015aae1f7769"},"headline":"UVA et UVB : quelles diff\u00e9rences pour votre peau ?","datePublished":"2026-04-29T04:28:00+00:00","mainEntityOfPage":{"@id":"https:\/\/www.doctoome.com\/blog\/uva-uvb-differences-protection-solaire\/"},"wordCount":3176,"commentCount":0,"publisher":{"@id":"https:\/\/www.doctoome.com\/blog\/#organization"},"image":{"@id":"https:\/\/www.doctoome.com\/blog\/uva-uvb-differences-protection-solaire\/#primaryimage"},"thumbnailUrl":"https:\/\/s3.eu-west-1.amazonaws.com\/dm.prod.raw\/2026\/04\/PbziqVhq-Visuels-nouveaux-articles-de-blog_septembre-2024.png","keywords":["Dermatologue"],"articleSection":["Alimentation, activit\u00e9 physique, sommeil","Dermatologie"],"inLanguage":"fr-FR","potentialAction":[{"@type":"CommentAction","name":"Comment","target":["https:\/\/www.doctoome.com\/blog\/uva-uvb-differences-protection-solaire\/#respond"]}]},{"@type":"WebPage","@id":"https:\/\/www.doctoome.com\/blog\/uva-uvb-differences-protection-solaire\/","url":"https:\/\/www.doctoome.com\/blog\/uva-uvb-differences-protection-solaire\/","name":"UVA et UVB : quelles diff\u00e9rences pour votre peau ? | Blog - Doctoome","isPartOf":{"@id":"https:\/\/www.doctoome.com\/blog\/#website"},"primaryImageOfPage":{"@id":"https:\/\/www.doctoome.com\/blog\/uva-uvb-differences-protection-solaire\/#primaryimage"},"image":{"@id":"https:\/\/www.doctoome.com\/blog\/uva-uvb-differences-protection-solaire\/#primaryimage"},"thumbnailUrl":"https:\/\/s3.eu-west-1.amazonaws.com\/dm.prod.raw\/2026\/04\/PbziqVhq-Visuels-nouveaux-articles-de-blog_septembre-2024.png","datePublished":"2026-04-29T04:28:00+00:00","description":"UVA, UVB : d\u00e9couvrez les diff\u00e9rences entre ces rayons UV, leurs effets sur la peau et comment choisir la bonne protection solaire au quotidien.","inLanguage":"fr-FR","potentialAction":[{"@type":"ReadAction","target":["https:\/\/www.doctoome.com\/blog\/uva-uvb-differences-protection-solaire\/"]}]},{"@type":"ImageObject","inLanguage":"fr-FR","@id":"https:\/\/www.doctoome.com\/blog\/uva-uvb-differences-protection-solaire\/#primaryimage","url":"https:\/\/s3.eu-west-1.amazonaws.com\/dm.prod.raw\/2026\/04\/PbziqVhq-Visuels-nouveaux-articles-de-blog_septembre-2024.png","contentUrl":"https:\/\/s3.eu-west-1.amazonaws.com\/dm.prod.raw\/2026\/04\/PbziqVhq-Visuels-nouveaux-articles-de-blog_septembre-2024.png","width":1313,"height":875,"caption":"UV au soleil"},{"@type":"WebSite","@id":"https:\/\/www.doctoome.com\/blog\/#website","url":"https:\/\/www.doctoome.com\/blog\/","name":"Blog - Doctoome","description":"Toutes nos astuces sant\u00e9 et bien-\u00eatre","publisher":{"@id":"https:\/\/www.doctoome.com\/blog\/#organization"},"potentialAction":[{"@type":"SearchAction","target":{"@type":"EntryPoint","urlTemplate":"https:\/\/www.doctoome.com\/blog\/?s={search_term_string}"},"query-input":{"@type":"PropertyValueSpecification","valueRequired":true,"valueName":"search_term_string"}}],"inLanguage":"fr-FR"},{"@type":"Organization","@id":"https:\/\/www.doctoome.com\/blog\/#organization","name":"Blog - Doctoome","url":"https:\/\/www.doctoome.com\/blog\/","logo":{"@type":"ImageObject","inLanguage":"fr-FR","@id":"https:\/\/www.doctoome.com\/blog\/#\/schema\/logo\/image\/","url":"https:\/\/s3.eu-west-1.amazonaws.com\/dm.prod.raw\/2025\/07\/dQutxZuI-Media-1.png","contentUrl":"https:\/\/s3.eu-west-1.amazonaws.com\/dm.prod.raw\/2025\/07\/dQutxZuI-Media-1.png","width":450,"height":200,"caption":"Blog - Doctoome"},"image":{"@id":"https:\/\/www.doctoome.com\/blog\/#\/schema\/logo\/image\/"},"sameAs":["https:\/\/www.facebook.com\/doctoome\/","https:\/\/x.com\/Doctoome","https:\/\/www.instagram.com\/doctoome_\/","https:\/\/www.linkedin.com\/company\/doctoome\/","https:\/\/www.youtube.com\/channel\/UCDbvPhELiZsPKeyNddFz6Qg"]},{"@type":"Person","@id":"https:\/\/www.doctoome.com\/blog\/#\/schema\/person\/b70e715e0248cbdaae27015aae1f7769","name":"Doctoome","image":{"@type":"ImageObject","inLanguage":"fr-FR","@id":"https:\/\/secure.gravatar.com\/avatar\/6083c373ae95bfd3ce85cd46164b730132c2dc1f9e3f5c5cfe3d9e5a21e46e34?s=96&d=blank&r=g","url":"https:\/\/secure.gravatar.com\/avatar\/6083c373ae95bfd3ce85cd46164b730132c2dc1f9e3f5c5cfe3d9e5a21e46e34?s=96&d=blank&r=g","contentUrl":"https:\/\/secure.gravatar.com\/avatar\/6083c373ae95bfd3ce85cd46164b730132c2dc1f9e3f5c5cfe3d9e5a21e46e34?s=96&d=blank&r=g","caption":"Doctoome"},"description":"Chlo\u00e9 de Channes est r\u00e9dactrice sant\u00e9 et \u00e9crit sur de nombreux sujets touchant au parcours de soins, aux enfants, aux maladies de peau, la sant\u00e9 des femmes, etc","url":"https:\/\/www.doctoome.com\/blog\/author\/ameliedoctoome-com\/"}]}},"_links":{"self":[{"href":"https:\/\/www.doctoome.com\/blog\/wp-json\/wp\/v2\/posts\/19709","targetHints":{"allow":["GET"]}}],"collection":[{"href":"https:\/\/www.doctoome.com\/blog\/wp-json\/wp\/v2\/posts"}],"about":[{"href":"https:\/\/www.doctoome.com\/blog\/wp-json\/wp\/v2\/types\/post"}],"author":[{"embeddable":true,"href":"https:\/\/www.doctoome.com\/blog\/wp-json\/wp\/v2\/users\/2"}],"replies":[{"embeddable":true,"href":"https:\/\/www.doctoome.com\/blog\/wp-json\/wp\/v2\/comments?post=19709"}],"version-history":[{"count":0,"href":"https:\/\/www.doctoome.com\/blog\/wp-json\/wp\/v2\/posts\/19709\/revisions"}],"wp:featuredmedia":[{"embeddable":true,"href":"https:\/\/www.doctoome.com\/blog\/wp-json\/wp\/v2\/media\/19710"}],"wp:attachment":[{"href":"https:\/\/www.doctoome.com\/blog\/wp-json\/wp\/v2\/media?parent=19709"}],"wp:term":[{"taxonomy":"category","embeddable":true,"href":"https:\/\/www.doctoome.com\/blog\/wp-json\/wp\/v2\/categories?post=19709"},{"taxonomy":"post_tag","embeddable":true,"href":"https:\/\/www.doctoome.com\/blog\/wp-json\/wp\/v2\/tags?post=19709"}],"curies":[{"name":"wp","href":"https:\/\/api.w.org\/{rel}","templated":true}]}}