{"id":20007,"date":"2026-09-02T06:30:00","date_gmt":"2026-09-02T04:30:00","guid":{"rendered":"https:\/\/www.doctoome.com\/blog\/?p=20007"},"modified":"2026-08-26T10:42:33","modified_gmt":"2026-08-26T08:42:33","slug":"maladie-alzheimer-idees-recues","status":"publish","type":"post","link":"https:\/\/www.doctoome.com\/blog\/maladie-alzheimer-idees-recues\/","title":{"rendered":"Maladie d&rsquo;Alzheimer : au-del\u00e0 des id\u00e9es re\u00e7ues"},"content":{"rendered":"\n<p class=\"wp-block-paragraph\"><em>Article r\u00e9dig\u00e9 par l&rsquo;\u00e9quipe \u00e9ditoriale Doctoome \u00b7 Derni\u00e8re mise \u00e0 jour :<\/em> le 24 ao\u00fbt 2026<\/p>\n\n\n\n<p class=\"wp-block-paragraph\">Votre m\u00e8re r\u00e9p\u00e8te trois fois la m\u00eame question en une heure. Votre p\u00e8re ne retrouve plus ses cl\u00e9s, les cherche dans le r\u00e9frig\u00e9rateur. Ces oublis vous inqui\u00e8tent, mais vous h\u00e9sitez : vieillissement normal ou signe d&rsquo;alerte ?<\/p>\n\n\n\n<p class=\"wp-block-paragraph\">La <strong>maladie d&rsquo;Alzheimer<\/strong> est une maladie neurod\u00e9g\u00e9n\u00e9rative qui affecte progressivement le cerveau. Contrairement aux id\u00e9es re\u00e7ues, elle ne se limite pas \u00e0 la perte de m\u00e9moire. Le langage, l&rsquo;orientation, le jugement et le comportement sont \u00e9galement touch\u00e9s.<\/p>\n\n\n\n<p class=\"wp-block-paragraph\">C&rsquo;est la forme la plus fr\u00e9quente de d\u00e9mence, mais elle n&rsquo;est pas une fatalit\u00e9 du vieillissement. De nombreuses personnes \u00e2g\u00e9es conservent leurs capacit\u00e9s cognitives intactes toute leur vie.<\/p>\n\n\n\n<p class=\"wp-block-paragraph\">Cet article vous aide \u00e0 comprendre la maladie au-del\u00e0 des clich\u00e9s. Vous d\u00e9couvrirez les signes qui doivent alerter et les solutions concr\u00e8tes pour am\u00e9liorer la qualit\u00e9 de vie des personnes atteintes et de leurs proches.<\/p>\n\n\n\n<div class=\"wp-block-buttons is-content-justification-center is-layout-flex wp-container-core-buttons-is-layout-fe48e5de wp-block-buttons-is-layout-flex\">\n<div class=\"wp-block-button is-style-fill\"><a class=\"wp-block-button__link has-background wp-element-button\" href=\"https:\/\/www.doctoome.com\/s\/neurologue\/\" style=\"background-color:#0097a7\"><strong>Je consulte un neurologue<\/strong><\/a><\/div>\n<\/div>\n\n\n\n<h2 class=\"wp-block-heading\">Comprendre la maladie d&rsquo;Alzheimer : plus qu&rsquo;un simple trouble de m\u00e9moire<\/h2>\n\n\n\n<h3 class=\"wp-block-heading\">Qu&rsquo;est-ce que la maladie d&rsquo;Alzheimer exactement ?<\/h3>\n\n\n\n<p class=\"wp-block-paragraph\">La maladie d&rsquo;Alzheimer r\u00e9sulte d&rsquo;une accumulation anormale de prot\u00e9ines dans le cerveau. Ces d\u00e9p\u00f4ts, appel\u00e9s <strong>plaques amylo\u00efdes<\/strong>, s&rsquo;installent entre les neurones et perturbent leur communication.<\/p>\n\n\n\n<p class=\"wp-block-paragraph\">Parall\u00e8lement, des enchev\u00eatrements de prot\u00e9ines se forment \u00e0 l&rsquo;int\u00e9rieur des neurones, provoquant leur d\u00e9g\u00e9n\u00e9rescence. Cette destruction commence g\u00e9n\u00e9ralement dans l&rsquo;<strong>hippocampe<\/strong>, la r\u00e9gion du cerveau essentielle \u00e0 la formation des nouveaux souvenirs.<\/p>\n\n\n\n<p class=\"wp-block-paragraph\">Progressivement, les l\u00e9sions s&rsquo;\u00e9tendent au cortex c\u00e9r\u00e9bral. Les fonctions cognitives sup\u00e9rieures comme le langage, le raisonnement et la reconnaissance sont alors affect\u00e9es.<\/p>\n\n\n\n<p class=\"wp-block-paragraph\">Le terme <strong>d\u00e9mence<\/strong> d\u00e9signe un d\u00e9clin des capacit\u00e9s cognitives suffisamment important pour perturber la vie quotidienne. Alzheimer en est la cause principale, repr\u00e9sentant environ deux tiers des cas de d\u00e9mence.<\/p>\n\n\n\n<p class=\"wp-block-paragraph\">D&rsquo;autres formes existent : la d\u00e9mence vasculaire li\u00e9e \u00e0 des accidents vasculaires c\u00e9r\u00e9braux, la d\u00e9mence \u00e0 corps de Lewy ou encore la d\u00e9mence fronto-temporale. Chacune pr\u00e9sente des caract\u00e9ristiques sp\u00e9cifiques.<\/p>\n\n\n\n<p class=\"wp-block-paragraph\">L&rsquo;\u00e9volution de la maladie se d\u00e9roule g\u00e9n\u00e9ralement en plusieurs stades. Au d\u00e9but, on observe des <strong>troubles cognitifs l\u00e9gers<\/strong> (MCI), un stade interm\u00e9diaire o\u00f9 les difficult\u00e9s sont perceptibles mais n&#8217;emp\u00eachent pas l&rsquo;autonomie.<\/p>\n\n\n\n<ul class=\"wp-block-list\">\n<li><strong>Stade l\u00e9ger :<\/strong> l&rsquo;autonomie est globalement pr\u00e9serv\u00e9e avec une aide ponctuelle pour les t\u00e2ches complexes<\/li>\n\n\n\n<li><strong>Stade mod\u00e9r\u00e9 :<\/strong> un besoin d&rsquo;assistance quotidienne appara\u00eet pour les activit\u00e9s de la vie courante<\/li>\n\n\n\n<li><strong>Stade s\u00e9v\u00e8re :<\/strong> une d\u00e9pendance compl\u00e8te s&rsquo;installe pour tous les actes du quotidien<\/li>\n<\/ul>\n\n\n\n<p class=\"wp-block-paragraph\">Plusieurs ann\u00e9es peuvent s&rsquo;\u00e9couler avec une autonomie partielle. Chaque personne \u00e9volue \u00e0 son rythme, et l&rsquo;accompagnement adapt\u00e9 fait toute la diff\u00e9rence.<\/p>\n\n\n\n<h3 class=\"wp-block-heading\">Quelles sont les causes et facteurs de risque ?<\/h3>\n\n\n\n<p class=\"wp-block-paragraph\">Les causes exactes de la maladie d&rsquo;Alzheimer restent partiellement comprises. Plusieurs facteurs augmentent le risque sans pour autant causer directement la maladie.<\/p>\n\n\n\n<ul class=\"wp-block-list\">\n<li><strong>L&rsquo;\u00e2ge :<\/strong> principal facteur de risque, la probabilit\u00e9 augmente nettement apr\u00e8s 65 ans<\/li>\n\n\n\n<li><strong>Les facteurs g\u00e9n\u00e9tiques :<\/strong> les formes familiales h\u00e9r\u00e9ditaires sont rares et surviennent avant 65 ans, le g\u00e8ne APOE4 augmente le risque sans le rendre certain<\/li>\n\n\n\n<li><strong>Les facteurs cardiovasculaires :<\/strong> hypertension, diab\u00e8te et cholest\u00e9rol mal contr\u00f4l\u00e9s sont associ\u00e9s \u00e0 un risque accru<\/li>\n\n\n\n<li><strong>Le mode de vie :<\/strong> s\u00e9dentarit\u00e9, isolement social et faible stimulation cognitive peuvent jouer un r\u00f4le<\/li>\n\n\n\n<li><strong>Les traumatismes cr\u00e2niens :<\/strong> les chocs r\u00e9p\u00e9t\u00e9s \u00e0 la t\u00eate sont associ\u00e9s \u00e0 un risque plus \u00e9lev\u00e9<\/li>\n\n\n\n<li><strong>Le niveau d&rsquo;\u00e9ducation :<\/strong> un faible niveau de scolarisation est statistiquement associ\u00e9 \u00e0 un risque accru<\/li>\n<\/ul>\n\n\n\n<div class=\"wp-block-buttons is-content-justification-center is-layout-flex wp-container-core-buttons-is-layout-fe48e5de wp-block-buttons-is-layout-flex\">\n<div class=\"wp-block-button is-style-fill\"><a class=\"wp-block-button__link has-background wp-element-button\" href=\"https:\/\/www.doctoome.com\/s\/neurologue\/\" style=\"background-color:#0097a7\"><strong>Je consulte un neurologue<\/strong><\/a><\/div>\n<\/div>\n\n\n\n<p class=\"wp-block-paragraph\">Ces facteurs augmentent le risque mais ne causent pas directement la maladie. Leur contr\u00f4le peut contribuer \u00e0 pr\u00e9server la sant\u00e9 c\u00e9r\u00e9brale globale, sans garantie absolue de pr\u00e9vention.<\/p>\n\n\n\n<h2 class=\"wp-block-heading\">Reconna\u00eetre les signes d&rsquo;alerte au-del\u00e0 des oublis<\/h2>\n\n\n\n<h3 class=\"wp-block-heading\">Les sympt\u00f4mes qui doivent vous alerter<\/h3>\n\n\n\n<p class=\"wp-block-paragraph\">La maladie d&rsquo;Alzheimer ne se manifeste pas uniquement par des pertes de m\u00e9moire. D&rsquo;autres signes, parfois plus pr\u00e9coces, m\u00e9ritent votre attention.<\/p>\n\n\n\n<p class=\"wp-block-paragraph\">La <strong>d\u00e9sorientation temporo-spatiale<\/strong> est fr\u00e9quente : la personne se perd dans des lieux familiers, ne sait plus quel jour on est ou confond les saisons. Ces troubles d\u00e9passent les simples \u00e9tourderies.<\/p>\n\n\n\n<ul class=\"wp-block-list\">\n<li><strong>Troubles du langage :<\/strong> difficult\u00e9 croissante \u00e0 trouver ses mots, utilisation de termes inappropri\u00e9s pour d\u00e9signer des objets courants<\/li>\n\n\n\n<li><strong>Difficult\u00e9s de jugement :<\/strong> d\u00e9cisions inhabituelles ou inappropri\u00e9es, probl\u00e8mes dans la gestion de l&rsquo;argent<\/li>\n\n\n\n<li><strong>Troubles de la reconnaissance :<\/strong> difficult\u00e9 \u00e0 identifier des objets usuels ou \u00e0 reconna\u00eetre des visages familiers<\/li>\n\n\n\n<li><strong>Changements de personnalit\u00e9 :<\/strong> irritabilit\u00e9 soudaine, apathie, retrait social progressif, m\u00e9fiance excessive<\/li>\n\n\n\n<li><strong>R\u00e9p\u00e9titions fr\u00e9quentes :<\/strong> poser plusieurs fois la m\u00eame question, raconter la m\u00eame histoire sans s&rsquo;en souvenir<\/li>\n<\/ul>\n\n\n\n<p class=\"wp-block-paragraph\">L&rsquo;<strong>apraxie<\/strong>, c&rsquo;est-\u00e0-dire la difficult\u00e9 \u00e0 r\u00e9aliser des gestes coordonn\u00e9s pourtant familiers, peut \u00e9galement appara\u00eetre. Boutonner sa chemise ou utiliser des couverts devient compliqu\u00e9.<\/p>\n\n\n\n<p class=\"wp-block-paragraph\">L&rsquo;<strong>aphasie<\/strong>, trouble du langage, se traduit par des difficult\u00e9s \u00e0 comprendre ou \u00e0 s&rsquo;exprimer. Les conversations deviennent laborieuses et frustrantes.<\/p>\n\n\n\n<h3 class=\"wp-block-heading\">Distinguer vieillissement normal et pathologique<\/h3>\n\n\n\n<p class=\"wp-block-paragraph\">Tous les oublis ne sont pas pathologiques. Le vieillissement normal s&rsquo;accompagne de l\u00e9g\u00e8res modifications cognitives sans gravit\u00e9.<\/p>\n\n\n\n<p class=\"wp-block-paragraph\"><strong>Les oublis b\u00e9nins du vieillissement normal :<\/strong><\/p>\n\n\n\n<ul class=\"wp-block-list\">\n<li>Oublier o\u00f9 l&rsquo;on a mis ses cl\u00e9s, puis les retrouver en cherchant<\/li>\n\n\n\n<li>Oublier un nom, s&rsquo;en souvenir spontan\u00e9ment quelques heures plus tard<\/li>\n\n\n\n<li>Manquer occasionnellement un rendez-vous malgr\u00e9 un agenda bien tenu<\/li>\n<\/ul>\n\n\n\n<p class=\"wp-block-paragraph\"><strong>Les signes pathologiques n\u00e9cessitant une consultation :<\/strong><\/p>\n\n\n\n<ul class=\"wp-block-list\">\n<li>Ranger ses cl\u00e9s au r\u00e9frig\u00e9rateur sans comprendre pourquoi<\/li>\n\n\n\n<li>Oublier le mot \u00ab cl\u00e9 \u00bb lui-m\u00eame, ne plus savoir \u00e0 quoi sert cet objet<\/li>\n\n\n\n<li>Oublier syst\u00e9matiquement les rendez-vous malgr\u00e9 les rappels r\u00e9p\u00e9t\u00e9s<\/li>\n\n\n\n<li>Les oublis perturbent la vie quotidienne et s&rsquo;aggravent progressivement<\/li>\n<\/ul>\n\n\n\n<p class=\"wp-block-paragraph\">La diff\u00e9rence fondamentale r\u00e9side dans l&rsquo;impact sur l&rsquo;autonomie. Les oublis pathologiques emp\u00eachent progressivement la personne de fonctionner normalement au quotidien.<\/p>\n\n\n\n<h3 class=\"wp-block-heading\">Quand et qui consulter ?<\/h3>\n\n\n\n<p class=\"wp-block-paragraph\">Face \u00e0 des troubles persistants, ne tardez pas \u00e0 consulter. Le diagnostic pr\u00e9coce ouvre des possibilit\u00e9s d&rsquo;accompagnement essentielles.<\/p>\n\n\n\n<ol class=\"wp-block-list\">\n<li><strong>D\u00e8s les premiers doutes persistants :<\/strong> n&rsquo;attendez pas que les troubles s&rsquo;aggravent pour demander un avis m\u00e9dical<\/li>\n\n\n\n<li><strong>Consultez d&rsquo;abord le m\u00e9decin traitant :<\/strong> il r\u00e9alise un premier bilan et oriente vers un sp\u00e9cialiste si n\u00e9cessaire<\/li>\n\n\n\n<li><strong>Les sp\u00e9cialistes concern\u00e9s :<\/strong> neurologue, g\u00e9riatre ou consultation m\u00e9moire avec \u00e9quipe pluridisciplinaire<\/li>\n\n\n\n<li><strong>L&rsquo;importance du diagnostic pr\u00e9coce :<\/strong> il permet d&rsquo;\u00e9liminer des causes r\u00e9versibles comme les carences vitaminiques, la d\u00e9pression ou les effets de certains m\u00e9dicaments<\/li>\n<\/ol>\n\n\n\n<p class=\"wp-block-paragraph\">Un diagnostic pr\u00e9coce permet aussi d&rsquo;anticiper l&rsquo;accompagnement, d&rsquo;acc\u00e9der aux traitements disponibles et de participer aux d\u00e9cisions importantes tant que les capacit\u00e9s sont pr\u00e9serv\u00e9es.<\/p>\n\n\n\n<blockquote class=\"wp-block-quote is-layout-flow wp-block-quote-is-layout-flow\">\n<p class=\"wp-block-paragraph\">Face \u00e0 des troubles persistants, un avis m\u00e9dical sp\u00e9cialis\u00e9 permet d&rsquo;\u00e9tablir un diagnostic pr\u00e9cis. Pour trouver un neurologue ou un g\u00e9riatre pr\u00e8s de chez vous, consultez <a href=\"https:\/\/www.doctoome.com\">www.doctoome.com<\/a>.<\/p>\n<\/blockquote>\n\n\n\n<h2 class=\"wp-block-heading\">Parcours de soins et accompagnement : des solutions existent<\/h2>\n\n\n\n<h3 class=\"wp-block-heading\">Le parcours diagnostic et les examens<\/h3>\n\n\n\n<p class=\"wp-block-paragraph\">Apr\u00e8s l&rsquo;orientation par le m\u00e9decin traitant, un bilan approfondi est r\u00e9alis\u00e9. Ce parcours diagnostic repose sur plusieurs examens compl\u00e9mentaires.<\/p>\n\n\n\n<p class=\"wp-block-paragraph\">Le <strong>bilan neuropsychologique<\/strong> \u00e9value pr\u00e9cis\u00e9ment les diff\u00e9rentes fonctions cognitives. Des tests mesurent la m\u00e9moire, le langage, l&rsquo;attention et les fonctions ex\u00e9cutives comme la planification.<\/p>\n\n\n\n<p class=\"wp-block-paragraph\">L&rsquo;<strong>imagerie c\u00e9r\u00e9brale<\/strong>, g\u00e9n\u00e9ralement une IRM, permet de visualiser l&rsquo;atrophie de l&rsquo;hippocampe et d&rsquo;\u00e9liminer d&rsquo;autres causes comme un accident vasculaire c\u00e9r\u00e9bral ou une tumeur.<\/p>\n\n\n\n<p class=\"wp-block-paragraph\">Des <strong>examens biologiques<\/strong> recherchent des causes r\u00e9versibles de troubles cognitifs : carence en vitamine B12, troubles thyro\u00efdiens, infections ou d\u00e9s\u00e9quilibres m\u00e9taboliques.<\/p>\n\n\n\n<ul class=\"wp-block-list\">\n<li><strong>Ponction lombaire :<\/strong> parfois r\u00e9alis\u00e9e pour analyser les biomarqueurs du liquide c\u00e9phalo-rachidien<\/li>\n\n\n\n<li><strong>TEP-scan :<\/strong> examen d&rsquo;imagerie fonctionnelle utilis\u00e9 principalement dans le cadre de la recherche<\/li>\n\n\n\n<li><strong>Approche globale :<\/strong> le diagnostic repose sur un faisceau d&rsquo;arguments cliniques et paracliniques<\/li>\n<\/ul>\n\n\n\n<p class=\"wp-block-paragraph\">Seul un m\u00e9decin peut confirmer le diagnostic. Aucun examen isol\u00e9 ne suffit \u00e0 lui seul.<\/p>\n\n\n\n<blockquote class=\"wp-block-quote is-layout-flow wp-block-quote-is-layout-flow\">\n<p class=\"wp-block-paragraph\">Les consultations m\u00e9moire offrent un bilan complet pluridisciplinaire. Doctoome vous aide \u00e0 localiser les sp\u00e9cialistes de la m\u00e9moire disponibles dans votre r\u00e9gion.<\/p>\n<\/blockquote>\n\n\n\n<h3 class=\"wp-block-heading\">Les traitements disponibles<\/h3>\n\n\n\n<p class=\"wp-block-paragraph\">Il n&rsquo;existe actuellement aucun traitement curatif de la maladie d&rsquo;Alzheimer. Les approches disponibles visent \u00e0 ralentir l&rsquo;\u00e9volution et \u00e0 pr\u00e9server la qualit\u00e9 de vie.<\/p>\n\n\n\n<p class=\"wp-block-paragraph\"><strong>Les traitements m\u00e9dicamenteux ont une efficacit\u00e9 limit\u00e9e :<\/strong><\/p>\n\n\n\n<ul class=\"wp-block-list\">\n<li><strong>Inhibiteurs de l&rsquo;ac\u00e9tylcholinest\u00e9rase :<\/strong> ralentissent modestement la progression des sympt\u00f4mes au stade l\u00e9ger \u00e0 mod\u00e9r\u00e9<\/li>\n\n\n\n<li><strong>M\u00e9mantine :<\/strong> prescrite pour les stades mod\u00e9r\u00e9s \u00e0 s\u00e9v\u00e8res de la maladie<\/li>\n\n\n\n<li><strong>Limites importantes :<\/strong> ces m\u00e9dicaments ne gu\u00e9rissent pas, ne stoppent pas l&rsquo;\u00e9volution, leurs effets restent modestes et temporaires<\/li>\n\n\n\n<li><strong>Recherche en cours :<\/strong> de nouveaux traitements ciblant les plaques amylo\u00efdes sont en phase d&rsquo;essais, leurs r\u00e9sultats restent d\u00e9battus<\/li>\n<\/ul>\n\n\n\n<p class=\"wp-block-paragraph\"><strong>Les approches non m\u00e9dicamenteuses sont essentielles :<\/strong><\/p>\n\n\n\n<ul class=\"wp-block-list\">\n<li><strong>Orthophonie :<\/strong> pour maintenir les capacit\u00e9s de communication malgr\u00e9 les troubles du langage<\/li>\n\n\n\n<li><strong>Psychomotricit\u00e9 et ergoth\u00e9rapie :<\/strong> pour pr\u00e9server l&rsquo;autonomie dans les gestes du quotidien<\/li>\n\n\n\n<li><strong>Ateliers m\u00e9moire :<\/strong> stimulation cognitive adapt\u00e9e aux capacit\u00e9s pr\u00e9serv\u00e9es<\/li>\n\n\n\n<li><strong>Activit\u00e9 physique :<\/strong> exercice r\u00e9gulier adapt\u00e9 aux possibilit\u00e9s de la personne<\/li>\n\n\n\n<li><strong>Maintien du lien social :<\/strong> pr\u00e9vention de l&rsquo;isolement et pr\u00e9servation des relations<\/li>\n<\/ul>\n\n\n\n<h3 class=\"wp-block-heading\">Accompagner au quotidien : conseils pour les proches<\/h3>\n\n\n\n<p class=\"wp-block-paragraph\">L&rsquo;accompagnement d&rsquo;une personne atteinte d&rsquo;Alzheimer demande adaptation et bienveillance. Des strat\u00e9gies concr\u00e8tes facilitent le quotidien de tous.<\/p>\n\n\n\n<ol class=\"wp-block-list\">\n<li><strong>Adapter la communication :<\/strong> utilisez des phrases courtes, abordez un sujet \u00e0 la fois, laissez le temps de r\u00e9pondre<\/li>\n\n\n\n<li><strong>S\u00e9curiser le domicile :<\/strong> retirez les objets dangereux, installez des rep\u00e8res visuels clairs, simplifiez l&rsquo;environnement<\/li>\n\n\n\n<li><strong>Maintenir les routines :<\/strong> les habitudes r\u00e9guli\u00e8res offrent des rep\u00e8res temporels rassurants<\/li>\n\n\n\n<li><strong>Valoriser les capacit\u00e9s pr\u00e9serv\u00e9es :<\/strong> concentrez-vous sur ce qui fonctionne encore plut\u00f4t que sur les pertes<\/li>\n\n\n\n<li><strong>Pr\u00e9server les moments de plaisir :<\/strong> musique, promenades, activit\u00e9s appr\u00e9ci\u00e9es restent possibles longtemps<\/li>\n\n\n\n<li><strong>Se faire aider :<\/strong> accueils de jour, aides \u00e0 domicile, groupes de parole pour aidants sont indispensables<\/li>\n\n\n\n<li><strong>Prendre soin de soi :<\/strong> l&rsquo;\u00e9puisement de l&rsquo;aidant est fr\u00e9quent, le r\u00e9pit n&rsquo;est pas un luxe mais une n\u00e9cessit\u00e9<\/li>\n<\/ol>\n\n\n\n<p class=\"wp-block-paragraph\">Des <strong>droits et aides<\/strong> existent pour soutenir les familles. L&rsquo;Allocation Personnalis\u00e9e d&rsquo;Autonomie (APA) aide \u00e0 financer l&rsquo;accompagnement. Le cong\u00e9 proche aidant permet de s&rsquo;absenter du travail.<\/p>\n\n\n\n<p class=\"wp-block-paragraph\">Les mesures de protection juridique comme la tutelle ou la curatelle prot\u00e8gent la personne lorsque ses capacit\u00e9s de d\u00e9cision sont alt\u00e9r\u00e9es. Un avocat ou une assistante sociale peut vous guider.<\/p>\n\n\n\n<blockquote class=\"wp-block-quote is-layout-flow wp-block-quote-is-layout-flow\">\n<p class=\"wp-block-paragraph\">L&rsquo;accompagnement d&rsquo;un proche n\u00e9cessite un suivi r\u00e9gulier et un soutien psychologique. Pour trouver un psychologue sp\u00e9cialis\u00e9 en g\u00e9rontologie, consultez notre annuaire sur <a href=\"https:\/\/www.doctoome.com\">www.doctoome.com<\/a>.<\/p>\n<\/blockquote>\n\n\n\n<h2 class=\"wp-block-heading\">FAQ : vos questions sur la maladie d&rsquo;Alzheimer<\/h2>\n\n\n\n<h3 class=\"wp-block-heading\">La maladie d&rsquo;Alzheimer est-elle h\u00e9r\u00e9ditaire ?<\/h3>\n\n\n\n<p class=\"wp-block-paragraph\">Dans la grande majorit\u00e9 des cas, non. Les formes familiales g\u00e9n\u00e9tiques sont rares, repr\u00e9sentant moins de 5% des cas, et surviennent g\u00e9n\u00e9ralement avant 65 ans.<\/p>\n\n\n\n<p class=\"wp-block-paragraph\">Avoir un parent atteint augmente l\u00e9g\u00e8rement le risque, mais ne signifie pas transmission automatique. Le g\u00e8ne APOE4 augmente le risque sans le rendre certain.<\/p>\n\n\n\n<h3 class=\"wp-block-heading\">Peut-on pr\u00e9venir la maladie d&rsquo;Alzheimer ?<\/h3>\n\n\n\n<p class=\"wp-block-paragraph\">Aucune m\u00e9thode ne garantit la pr\u00e9vention. Cependant, certaines habitudes de vie sont associ\u00e9es \u00e0 une meilleure sant\u00e9 c\u00e9r\u00e9brale globale.<\/p>\n\n\n\n<p class=\"wp-block-paragraph\">Contr\u00f4ler les facteurs cardiovasculaires comme l&rsquo;hypertension et le diab\u00e8te, maintenir une activit\u00e9 physique r\u00e9guli\u00e8re, stimuler son cerveau et pr\u00e9server le lien social semblent b\u00e9n\u00e9fiques. Ces mesures ne constituent pas une garantie mais contribuent au bien-\u00eatre g\u00e9n\u00e9ral.<\/p>\n\n\n\n<h3 class=\"wp-block-heading\">Les traitements peuvent-ils gu\u00e9rir la maladie ?<\/h3>\n\n\n\n<p class=\"wp-block-paragraph\">Non, il n&rsquo;existe actuellement aucun traitement curatif. Les m\u00e9dicaments disponibles ralentissent modestement la progression des sympt\u00f4mes pendant un temps limit\u00e9.<\/p>\n\n\n\n<p class=\"wp-block-paragraph\">La recherche avance, avec de nouvelles mol\u00e9cules en phase d&rsquo;\u00e9valuation. Les nouveaux traitements ciblant les plaques amylo\u00efdes montrent des r\u00e9sultats encore d\u00e9battus par la communaut\u00e9 scientifique.<\/p>\n\n\n\n<h3 class=\"wp-block-heading\">Combien de temps \u00e9volue la maladie ?<\/h3>\n\n\n\n<p class=\"wp-block-paragraph\">L&rsquo;\u00e9volution est tr\u00e8s variable d&rsquo;une personne \u00e0 l&rsquo;autre. Apr\u00e8s le diagnostic, la dur\u00e9e peut s&rsquo;\u00e9tendre de quelques ann\u00e9es \u00e0 plus de vingt ans.<\/p>\n\n\n\n<p class=\"wp-block-paragraph\">L&rsquo;\u00e9volution d\u00e9pend de l&rsquo;\u00e2ge au diagnostic, de l&rsquo;\u00e9tat de sant\u00e9 g\u00e9n\u00e9ral, de la qualit\u00e9 de la prise en charge et de facteurs individuels. Chaque parcours est unique.<\/p>\n\n\n\n<h3 class=\"wp-block-heading\">Comment communiquer avec une personne atteinte d&rsquo;Alzheimer ?<\/h3>\n\n\n\n<p class=\"wp-block-paragraph\">Privil\u00e9giez un environnement calme sans distractions. Parlez lentement avec des phrases simples, maintenez le contact visuel et utilisez des gestes pour accompagner vos paroles.<\/p>\n\n\n\n<p class=\"wp-block-paragraph\">Ne corrigez pas syst\u00e9matiquement les erreurs, cela g\u00e9n\u00e8re frustration et anxi\u00e9t\u00e9. Valorisez les \u00e9motions plut\u00f4t que les faits. La bienveillance et la patience sont essentielles.<\/p>\n\n\n\n<h3 class=\"wp-block-heading\">Quand envisager un placement en institution ?<\/h3>\n\n\n\n<p class=\"wp-block-paragraph\">Cette d\u00e9cision difficile s&rsquo;impose lorsque le maintien \u00e0 domicile devient dangereux pour la personne ou que l&rsquo;\u00e9puisement de l&rsquo;aidant est trop important.<\/p>\n\n\n\n<p class=\"wp-block-paragraph\">Elle doit \u00eatre r\u00e9fl\u00e9chie en \u00e9quipe avec la famille, le m\u00e9decin et une assistante sociale. Un placement n&rsquo;est pas un abandon mais une autre forme d&rsquo;accompagnement, parfois plus adapt\u00e9e.<\/p>\n\n\n\n<h3 class=\"wp-block-heading\">O\u00f9 trouver du soutien en tant qu&rsquo;aidant ?<\/h3>\n\n\n\n<p class=\"wp-block-paragraph\">De nombreuses ressources existent. L&rsquo;association France Alzheimer propose groupes de parole, formations pour aidants et soutien psychologique.<\/p>\n\n\n\n<p class=\"wp-block-paragraph\">Les plateformes de r\u00e9pit, les accueils de jour et les psychologues sp\u00e9cialis\u00e9s offrent un accompagnement pr\u00e9cieux. Ne restez pas isol\u00e9 : demander de l&rsquo;aide est une force, pas une faiblesse.<\/p>\n\n\n\n<h2 class=\"wp-block-heading\">Conclusion : vivre avec Alzheimer, c&rsquo;est possible<\/h2>\n\n\n\n<p class=\"wp-block-paragraph\">La maladie d&rsquo;Alzheimer ne se r\u00e9sume pas aux clich\u00e9s. Elle ne touche pas que la m\u00e9moire et n&rsquo;est pas une fatalit\u00e9 du vieillissement.<\/p>\n\n\n\n<p class=\"wp-block-paragraph\">Reconna\u00eetre les signes pr\u00e9coces permet un diagnostic et un accompagnement adapt\u00e9s. Si les traitements actuels restent limit\u00e9s, les approches non m\u00e9dicamenteuses et le soutien aux aidants am\u00e9liorent significativement la qualit\u00e9 de vie.<\/p>\n\n\n\n<p class=\"wp-block-paragraph\">Plusieurs ann\u00e9es d&rsquo;autonomie partielle sont possibles avec un accompagnement ajust\u00e9. La recherche progresse, les regards sur la maladie \u00e9voluent.<\/p>\n\n\n\n<p class=\"wp-block-paragraph\">Parler d&rsquo;Alzheimer autrement, c&rsquo;est reconna\u00eetre les capacit\u00e9s pr\u00e9serv\u00e9es, valoriser les moments de vie partag\u00e9s et refuser la fatalit\u00e9 de l&rsquo;isolement.<\/p>\n\n\n\n<p class=\"wp-block-paragraph\">Vous avez des doutes sur des troubles cognitifs chez vous ou un proche ? Ne restez pas seul face \u00e0 vos questions. Consultez un sp\u00e9cialiste via l&rsquo;annuaire Doctoome pour un bilan personnalis\u00e9 et un accompagnement adapt\u00e9.<\/p>\n\n\n\n<h2 class=\"wp-block-heading\">Sources<\/h2>\n\n\n\n<ul class=\"wp-block-list\">\n<li>Haute Autorit\u00e9 de Sant\u00e9 (HAS)<\/li>\n\n\n\n<li>Assurance Maladie (ameli.fr)<\/li>\n\n\n\n<li>Institut National de la Sant\u00e9 et de la Recherche M\u00e9dicale (INSERM)<\/li>\n\n\n\n<li>Soci\u00e9t\u00e9 Fran\u00e7aise de Neurologie<\/li>\n\n\n\n<li>France Alzheimer et maladies apparent\u00e9es<\/li>\n<\/ul>\n\n\n\n<blockquote class=\"wp-block-quote is-layout-flow wp-block-quote-is-layout-flow\">\n<p class=\"wp-block-paragraph\">Cet article a une vocation purement informative. Il ne se substitue pas \u00e0 l&rsquo;avis d&rsquo;un professionnel de sant\u00e9. En cas de sympt\u00f4mes ou de doute, consultez votre m\u00e9decin.<\/p>\n<\/blockquote>\n","protected":false},"excerpt":{"rendered":"<p>Votre m\u00e8re r\u00e9p\u00e8te trois fois la m\u00eame question en une heure. Votre p\u00e8re ne retrouve plus ses cl\u00e9s, les cherche dans le r\u00e9frig\u00e9rateur. Ces oublis vous inqui\u00e8tent, mais vous h\u00e9sitez : vieillissement normal ou signe d&rsquo;alerte ?<\/p>\n","protected":false},"author":135,"featured_media":20008,"comment_status":"open","ping_status":"closed","sticky":false,"template":"","format":"standard","meta":{"footnotes":""},"categories":[2165],"tags":[1613],"class_list":["post-20007","post","type-post","status-publish","format-standard","has-post-thumbnail","hentry","category-maladie-chronique","tag-neurologue"],"yoast_head":"<!-- This site is optimized with the Yoast SEO plugin v28.4 - https:\/\/yoast.com\/product\/yoast-seo-wordpress\/ -->\n<title>Maladie d&#039;Alzheimer : au-del\u00e0 des id\u00e9es re\u00e7ues | Blog - Doctoome<\/title>\n<meta name=\"description\" content=\"Alzheimer ne se r\u00e9sume pas \u00e0 la perte de m\u00e9moire. D\u00e9couvrez les signes pr\u00e9coces, le parcours de soins et comment accompagner un proche au quotidien.\" \/>\n<meta name=\"robots\" content=\"index, follow, max-snippet:-1, max-image-preview:large, max-video-preview:-1\" \/>\n<link rel=\"canonical\" href=\"https:\/\/www.doctoome.com\/blog\/maladie-alzheimer-idees-recues\/\" \/>\n<meta property=\"og:locale\" content=\"fr_FR\" \/>\n<meta property=\"og:type\" content=\"article\" \/>\n<meta property=\"og:title\" content=\"Maladie d&#039;Alzheimer : au-del\u00e0 des id\u00e9es re\u00e7ues | Blog - Doctoome\" \/>\n<meta property=\"og:description\" content=\"Alzheimer ne se r\u00e9sume pas \u00e0 la perte de m\u00e9moire. D\u00e9couvrez les signes pr\u00e9coces, le parcours de soins et comment accompagner un proche au quotidien.\" \/>\n<meta property=\"og:url\" content=\"https:\/\/www.doctoome.com\/blog\/maladie-alzheimer-idees-recues\/\" \/>\n<meta property=\"og:site_name\" content=\"Blog - Doctoome\" \/>\n<meta property=\"article:publisher\" content=\"https:\/\/www.facebook.com\/doctoome\/\" \/>\n<meta property=\"article:published_time\" content=\"2026-09-02T04:30:00+00:00\" \/>\n<meta property=\"og:image\" content=\"https:\/\/s3.eu-west-1.amazonaws.com\/dm.prod.raw\/2026\/08\/Visuels-nouveaux-articles-de-blog_septembre-2024-3-1024x682.png\" \/>\n\t<meta property=\"og:image:width\" content=\"1024\" \/>\n\t<meta property=\"og:image:height\" content=\"682\" \/>\n\t<meta property=\"og:image:type\" content=\"image\/png\" \/>\n<meta name=\"author\" content=\"Alice Simon\" \/>\n<meta name=\"twitter:card\" content=\"summary_large_image\" \/>\n<meta name=\"twitter:creator\" content=\"@Doctoome\" \/>\n<meta name=\"twitter:site\" content=\"@Doctoome\" \/>\n<meta name=\"twitter:label1\" content=\"\u00c9crit par\" \/>\n\t<meta name=\"twitter:data1\" content=\"Alice Simon\" \/>\n\t<meta name=\"twitter:label2\" content=\"Dur\u00e9e de lecture estim\u00e9e\" \/>\n\t<meta name=\"twitter:data2\" content=\"11 minutes\" \/>\n<script type=\"application\/ld+json\" class=\"yoast-schema-graph\">{\"@context\":\"https:\\\/\\\/schema.org\",\"@graph\":[{\"@type\":\"Article\",\"@id\":\"https:\\\/\\\/www.doctoome.com\\\/blog\\\/maladie-alzheimer-idees-recues\\\/#article\",\"isPartOf\":{\"@id\":\"https:\\\/\\\/www.doctoome.com\\\/blog\\\/maladie-alzheimer-idees-recues\\\/\"},\"author\":{\"name\":\"Alice Simon\",\"@id\":\"https:\\\/\\\/www.doctoome.com\\\/blog\\\/#\\\/schema\\\/person\\\/7bd0332ed3ae3ae4f138cab2bfbfcc1a\"},\"headline\":\"Maladie d&rsquo;Alzheimer : au-del\u00e0 des id\u00e9es re\u00e7ues\",\"datePublished\":\"2026-09-02T04:30:00+00:00\",\"mainEntityOfPage\":{\"@id\":\"https:\\\/\\\/www.doctoome.com\\\/blog\\\/maladie-alzheimer-idees-recues\\\/\"},\"wordCount\":2544,\"commentCount\":0,\"publisher\":{\"@id\":\"https:\\\/\\\/www.doctoome.com\\\/blog\\\/#organization\"},\"image\":{\"@id\":\"https:\\\/\\\/www.doctoome.com\\\/blog\\\/maladie-alzheimer-idees-recues\\\/#primaryimage\"},\"thumbnailUrl\":\"https:\\\/\\\/s3.eu-west-1.amazonaws.com\\\/dm.prod.raw\\\/2026\\\/08\\\/Visuels-nouveaux-articles-de-blog_septembre-2024-3.png\",\"keywords\":[\"Neurologue\"],\"articleSection\":[\"Maladie chronique\"],\"inLanguage\":\"fr-FR\",\"potentialAction\":[{\"@type\":\"CommentAction\",\"name\":\"Comment\",\"target\":[\"https:\\\/\\\/www.doctoome.com\\\/blog\\\/maladie-alzheimer-idees-recues\\\/#respond\"]}]},{\"@type\":\"WebPage\",\"@id\":\"https:\\\/\\\/www.doctoome.com\\\/blog\\\/maladie-alzheimer-idees-recues\\\/\",\"url\":\"https:\\\/\\\/www.doctoome.com\\\/blog\\\/maladie-alzheimer-idees-recues\\\/\",\"name\":\"Maladie d'Alzheimer : au-del\u00e0 des id\u00e9es re\u00e7ues | Blog - Doctoome\",\"isPartOf\":{\"@id\":\"https:\\\/\\\/www.doctoome.com\\\/blog\\\/#website\"},\"primaryImageOfPage\":{\"@id\":\"https:\\\/\\\/www.doctoome.com\\\/blog\\\/maladie-alzheimer-idees-recues\\\/#primaryimage\"},\"image\":{\"@id\":\"https:\\\/\\\/www.doctoome.com\\\/blog\\\/maladie-alzheimer-idees-recues\\\/#primaryimage\"},\"thumbnailUrl\":\"https:\\\/\\\/s3.eu-west-1.amazonaws.com\\\/dm.prod.raw\\\/2026\\\/08\\\/Visuels-nouveaux-articles-de-blog_septembre-2024-3.png\",\"datePublished\":\"2026-09-02T04:30:00+00:00\",\"description\":\"Alzheimer ne se r\u00e9sume pas \u00e0 la perte de m\u00e9moire. D\u00e9couvrez les signes pr\u00e9coces, le parcours de soins et comment accompagner un proche au quotidien.\",\"inLanguage\":\"fr-FR\",\"potentialAction\":[{\"@type\":\"ReadAction\",\"target\":[\"https:\\\/\\\/www.doctoome.com\\\/blog\\\/maladie-alzheimer-idees-recues\\\/\"]}]},{\"@type\":\"ImageObject\",\"inLanguage\":\"fr-FR\",\"@id\":\"https:\\\/\\\/www.doctoome.com\\\/blog\\\/maladie-alzheimer-idees-recues\\\/#primaryimage\",\"url\":\"https:\\\/\\\/s3.eu-west-1.amazonaws.com\\\/dm.prod.raw\\\/2026\\\/08\\\/Visuels-nouveaux-articles-de-blog_septembre-2024-3.png\",\"contentUrl\":\"https:\\\/\\\/s3.eu-west-1.amazonaws.com\\\/dm.prod.raw\\\/2026\\\/08\\\/Visuels-nouveaux-articles-de-blog_septembre-2024-3.png\",\"width\":1313,\"height\":875},{\"@type\":\"WebSite\",\"@id\":\"https:\\\/\\\/www.doctoome.com\\\/blog\\\/#website\",\"url\":\"https:\\\/\\\/www.doctoome.com\\\/blog\\\/\",\"name\":\"Blog - Doctoome\",\"description\":\"Toutes nos astuces sant\u00e9 et bien-\u00eatre\",\"publisher\":{\"@id\":\"https:\\\/\\\/www.doctoome.com\\\/blog\\\/#organization\"},\"potentialAction\":[{\"@type\":\"SearchAction\",\"target\":{\"@type\":\"EntryPoint\",\"urlTemplate\":\"https:\\\/\\\/www.doctoome.com\\\/blog\\\/?s={search_term_string}\"},\"query-input\":{\"@type\":\"PropertyValueSpecification\",\"valueRequired\":true,\"valueName\":\"search_term_string\"}}],\"inLanguage\":\"fr-FR\"},{\"@type\":\"Organization\",\"@id\":\"https:\\\/\\\/www.doctoome.com\\\/blog\\\/#organization\",\"name\":\"Blog - Doctoome\",\"url\":\"https:\\\/\\\/www.doctoome.com\\\/blog\\\/\",\"logo\":{\"@type\":\"ImageObject\",\"inLanguage\":\"fr-FR\",\"@id\":\"https:\\\/\\\/www.doctoome.com\\\/blog\\\/#\\\/schema\\\/logo\\\/image\\\/\",\"url\":\"https:\\\/\\\/s3.eu-west-1.amazonaws.com\\\/dm.prod.raw\\\/2025\\\/07\\\/dQutxZuI-Media-1.png\",\"contentUrl\":\"https:\\\/\\\/s3.eu-west-1.amazonaws.com\\\/dm.prod.raw\\\/2025\\\/07\\\/dQutxZuI-Media-1.png\",\"width\":450,\"height\":200,\"caption\":\"Blog - Doctoome\"},\"image\":{\"@id\":\"https:\\\/\\\/www.doctoome.com\\\/blog\\\/#\\\/schema\\\/logo\\\/image\\\/\"},\"sameAs\":[\"https:\\\/\\\/www.facebook.com\\\/doctoome\\\/\",\"https:\\\/\\\/x.com\\\/Doctoome\",\"https:\\\/\\\/www.instagram.com\\\/doctoome_\\\/\",\"https:\\\/\\\/www.linkedin.com\\\/company\\\/doctoome\\\/\",\"https:\\\/\\\/www.youtube.com\\\/channel\\\/UCDbvPhELiZsPKeyNddFz6Qg\"]},{\"@type\":\"Person\",\"@id\":\"https:\\\/\\\/www.doctoome.com\\\/blog\\\/#\\\/schema\\\/person\\\/7bd0332ed3ae3ae4f138cab2bfbfcc1a\",\"name\":\"Alice Simon\",\"image\":{\"@type\":\"ImageObject\",\"inLanguage\":\"fr-FR\",\"@id\":\"https:\\\/\\\/secure.gravatar.com\\\/avatar\\\/ec074f35feaec8201126a2c010963736894057f0962979858fb96c358cf96280?s=96&d=blank&r=g\",\"url\":\"https:\\\/\\\/secure.gravatar.com\\\/avatar\\\/ec074f35feaec8201126a2c010963736894057f0962979858fb96c358cf96280?s=96&d=blank&r=g\",\"contentUrl\":\"https:\\\/\\\/secure.gravatar.com\\\/avatar\\\/ec074f35feaec8201126a2c010963736894057f0962979858fb96c358cf96280?s=96&d=blank&r=g\",\"caption\":\"Alice Simon\"},\"description\":\"Alice, r\u00e9dactrice m\u00e9dicale et experte des th\u00e9matiques de sant\u00e9 sur les maladies chroniques tels que : les maladies cardiovasculaires, le cancer, le diab\u00e8te, la d\u00e9pression chronique ou encore l\u2019ob\u00e9sit\u00e9. une source fiable en termes de soins et de bien-\u00eatre pour le patient.\",\"url\":\"https:\\\/\\\/www.doctoome.com\\\/blog\\\/author\\\/alice\\\/\"}]}<\/script>\n<!-- \/ Yoast SEO plugin. -->","yoast_head_json":{"title":"Maladie d'Alzheimer : au-del\u00e0 des id\u00e9es re\u00e7ues | Blog - Doctoome","description":"Alzheimer ne se r\u00e9sume pas \u00e0 la perte de m\u00e9moire. D\u00e9couvrez les signes pr\u00e9coces, le parcours de soins et comment accompagner un proche au quotidien.","robots":{"index":"index","follow":"follow","max-snippet":"max-snippet:-1","max-image-preview":"max-image-preview:large","max-video-preview":"max-video-preview:-1"},"canonical":"https:\/\/www.doctoome.com\/blog\/maladie-alzheimer-idees-recues\/","og_locale":"fr_FR","og_type":"article","og_title":"Maladie d'Alzheimer : au-del\u00e0 des id\u00e9es re\u00e7ues | Blog - Doctoome","og_description":"Alzheimer ne se r\u00e9sume pas \u00e0 la perte de m\u00e9moire. D\u00e9couvrez les signes pr\u00e9coces, le parcours de soins et comment accompagner un proche au quotidien.","og_url":"https:\/\/www.doctoome.com\/blog\/maladie-alzheimer-idees-recues\/","og_site_name":"Blog - Doctoome","article_publisher":"https:\/\/www.facebook.com\/doctoome\/","article_published_time":"2026-09-02T04:30:00+00:00","og_image":[{"width":1024,"height":682,"url":"https:\/\/s3.eu-west-1.amazonaws.com\/dm.prod.raw\/2026\/08\/Visuels-nouveaux-articles-de-blog_septembre-2024-3-1024x682.png","type":"image\/png"}],"author":"Alice Simon","twitter_card":"summary_large_image","twitter_creator":"@Doctoome","twitter_site":"@Doctoome","twitter_misc":{"\u00c9crit par":"Alice Simon","Dur\u00e9e de lecture estim\u00e9e":"11 minutes"},"schema":{"@context":"https:\/\/schema.org","@graph":[{"@type":"Article","@id":"https:\/\/www.doctoome.com\/blog\/maladie-alzheimer-idees-recues\/#article","isPartOf":{"@id":"https:\/\/www.doctoome.com\/blog\/maladie-alzheimer-idees-recues\/"},"author":{"name":"Alice Simon","@id":"https:\/\/www.doctoome.com\/blog\/#\/schema\/person\/7bd0332ed3ae3ae4f138cab2bfbfcc1a"},"headline":"Maladie d&rsquo;Alzheimer : au-del\u00e0 des id\u00e9es re\u00e7ues","datePublished":"2026-09-02T04:30:00+00:00","mainEntityOfPage":{"@id":"https:\/\/www.doctoome.com\/blog\/maladie-alzheimer-idees-recues\/"},"wordCount":2544,"commentCount":0,"publisher":{"@id":"https:\/\/www.doctoome.com\/blog\/#organization"},"image":{"@id":"https:\/\/www.doctoome.com\/blog\/maladie-alzheimer-idees-recues\/#primaryimage"},"thumbnailUrl":"https:\/\/s3.eu-west-1.amazonaws.com\/dm.prod.raw\/2026\/08\/Visuels-nouveaux-articles-de-blog_septembre-2024-3.png","keywords":["Neurologue"],"articleSection":["Maladie chronique"],"inLanguage":"fr-FR","potentialAction":[{"@type":"CommentAction","name":"Comment","target":["https:\/\/www.doctoome.com\/blog\/maladie-alzheimer-idees-recues\/#respond"]}]},{"@type":"WebPage","@id":"https:\/\/www.doctoome.com\/blog\/maladie-alzheimer-idees-recues\/","url":"https:\/\/www.doctoome.com\/blog\/maladie-alzheimer-idees-recues\/","name":"Maladie d'Alzheimer : au-del\u00e0 des id\u00e9es re\u00e7ues | Blog - Doctoome","isPartOf":{"@id":"https:\/\/www.doctoome.com\/blog\/#website"},"primaryImageOfPage":{"@id":"https:\/\/www.doctoome.com\/blog\/maladie-alzheimer-idees-recues\/#primaryimage"},"image":{"@id":"https:\/\/www.doctoome.com\/blog\/maladie-alzheimer-idees-recues\/#primaryimage"},"thumbnailUrl":"https:\/\/s3.eu-west-1.amazonaws.com\/dm.prod.raw\/2026\/08\/Visuels-nouveaux-articles-de-blog_septembre-2024-3.png","datePublished":"2026-09-02T04:30:00+00:00","description":"Alzheimer ne se r\u00e9sume pas \u00e0 la perte de m\u00e9moire. D\u00e9couvrez les signes pr\u00e9coces, le parcours de soins et comment accompagner un proche au quotidien.","inLanguage":"fr-FR","potentialAction":[{"@type":"ReadAction","target":["https:\/\/www.doctoome.com\/blog\/maladie-alzheimer-idees-recues\/"]}]},{"@type":"ImageObject","inLanguage":"fr-FR","@id":"https:\/\/www.doctoome.com\/blog\/maladie-alzheimer-idees-recues\/#primaryimage","url":"https:\/\/s3.eu-west-1.amazonaws.com\/dm.prod.raw\/2026\/08\/Visuels-nouveaux-articles-de-blog_septembre-2024-3.png","contentUrl":"https:\/\/s3.eu-west-1.amazonaws.com\/dm.prod.raw\/2026\/08\/Visuels-nouveaux-articles-de-blog_septembre-2024-3.png","width":1313,"height":875},{"@type":"WebSite","@id":"https:\/\/www.doctoome.com\/blog\/#website","url":"https:\/\/www.doctoome.com\/blog\/","name":"Blog - Doctoome","description":"Toutes nos astuces sant\u00e9 et bien-\u00eatre","publisher":{"@id":"https:\/\/www.doctoome.com\/blog\/#organization"},"potentialAction":[{"@type":"SearchAction","target":{"@type":"EntryPoint","urlTemplate":"https:\/\/www.doctoome.com\/blog\/?s={search_term_string}"},"query-input":{"@type":"PropertyValueSpecification","valueRequired":true,"valueName":"search_term_string"}}],"inLanguage":"fr-FR"},{"@type":"Organization","@id":"https:\/\/www.doctoome.com\/blog\/#organization","name":"Blog - Doctoome","url":"https:\/\/www.doctoome.com\/blog\/","logo":{"@type":"ImageObject","inLanguage":"fr-FR","@id":"https:\/\/www.doctoome.com\/blog\/#\/schema\/logo\/image\/","url":"https:\/\/s3.eu-west-1.amazonaws.com\/dm.prod.raw\/2025\/07\/dQutxZuI-Media-1.png","contentUrl":"https:\/\/s3.eu-west-1.amazonaws.com\/dm.prod.raw\/2025\/07\/dQutxZuI-Media-1.png","width":450,"height":200,"caption":"Blog - Doctoome"},"image":{"@id":"https:\/\/www.doctoome.com\/blog\/#\/schema\/logo\/image\/"},"sameAs":["https:\/\/www.facebook.com\/doctoome\/","https:\/\/x.com\/Doctoome","https:\/\/www.instagram.com\/doctoome_\/","https:\/\/www.linkedin.com\/company\/doctoome\/","https:\/\/www.youtube.com\/channel\/UCDbvPhELiZsPKeyNddFz6Qg"]},{"@type":"Person","@id":"https:\/\/www.doctoome.com\/blog\/#\/schema\/person\/7bd0332ed3ae3ae4f138cab2bfbfcc1a","name":"Alice Simon","image":{"@type":"ImageObject","inLanguage":"fr-FR","@id":"https:\/\/secure.gravatar.com\/avatar\/ec074f35feaec8201126a2c010963736894057f0962979858fb96c358cf96280?s=96&d=blank&r=g","url":"https:\/\/secure.gravatar.com\/avatar\/ec074f35feaec8201126a2c010963736894057f0962979858fb96c358cf96280?s=96&d=blank&r=g","contentUrl":"https:\/\/secure.gravatar.com\/avatar\/ec074f35feaec8201126a2c010963736894057f0962979858fb96c358cf96280?s=96&d=blank&r=g","caption":"Alice Simon"},"description":"Alice, r\u00e9dactrice m\u00e9dicale et experte des th\u00e9matiques de sant\u00e9 sur les maladies chroniques tels que : les maladies cardiovasculaires, le cancer, le diab\u00e8te, la d\u00e9pression chronique ou encore l\u2019ob\u00e9sit\u00e9. une source fiable en termes de soins et de bien-\u00eatre pour le patient.","url":"https:\/\/www.doctoome.com\/blog\/author\/alice\/"}]}},"_links":{"self":[{"href":"https:\/\/www.doctoome.com\/blog\/wp-json\/wp\/v2\/posts\/20007","targetHints":{"allow":["GET"]}}],"collection":[{"href":"https:\/\/www.doctoome.com\/blog\/wp-json\/wp\/v2\/posts"}],"about":[{"href":"https:\/\/www.doctoome.com\/blog\/wp-json\/wp\/v2\/types\/post"}],"author":[{"embeddable":true,"href":"https:\/\/www.doctoome.com\/blog\/wp-json\/wp\/v2\/users\/135"}],"replies":[{"embeddable":true,"href":"https:\/\/www.doctoome.com\/blog\/wp-json\/wp\/v2\/comments?post=20007"}],"version-history":[{"count":0,"href":"https:\/\/www.doctoome.com\/blog\/wp-json\/wp\/v2\/posts\/20007\/revisions"}],"wp:featuredmedia":[{"embeddable":true,"href":"https:\/\/www.doctoome.com\/blog\/wp-json\/wp\/v2\/media\/20008"}],"wp:attachment":[{"href":"https:\/\/www.doctoome.com\/blog\/wp-json\/wp\/v2\/media?parent=20007"}],"wp:term":[{"taxonomy":"category","embeddable":true,"href":"https:\/\/www.doctoome.com\/blog\/wp-json\/wp\/v2\/categories?post=20007"},{"taxonomy":"post_tag","embeddable":true,"href":"https:\/\/www.doctoome.com\/blog\/wp-json\/wp\/v2\/tags?post=20007"}],"curies":[{"name":"wp","href":"https:\/\/api.w.org\/{rel}","templated":true}]}}