{"id":3723,"date":"2024-09-19T06:30:00","date_gmt":"2024-09-19T04:30:00","guid":{"rendered":"https:\/\/blog.doctoome.com\/?p=3723"},"modified":"2025-04-18T08:55:18","modified_gmt":"2025-04-18T06:55:18","slug":"depression-saisonniere-labsence-du-soleil-influe-sur-votre-sante","status":"publish","type":"post","link":"https:\/\/www.doctoome.com\/blog\/depression-saisonniere-labsence-du-soleil-influe-sur-votre-sante\/","title":{"rendered":"D\u00e9pression saisonni\u00e8re : comprendre, pr\u00e9venir et traiter ce trouble hivernal"},"content":{"rendered":"\n<p>La d\u00e9pression saisonni\u00e8re, ou&nbsp;<strong>trouble affectif saisonnier (TAS)<\/strong>, est un type de d\u00e9pression qui survient principalement durant les mois d&rsquo;hiver, en r\u00e9ponse \u00e0 la r\u00e9duction de la lumi\u00e8re naturelle. Ce ph\u00e9nom\u00e8ne touche environ 1 personne sur 10 en France, avec une pr\u00e9valence plus \u00e9lev\u00e9e dans les r\u00e9gions moins ensoleill\u00e9es et parmi les femmes. Ce trouble, souvent sous-estim\u00e9, peut provoquer une baisse d&rsquo;\u00e9nergie, une somnolence accrue, et une diminution g\u00e9n\u00e9rale de la motivation. Heureusement, des solutions existent pour en att\u00e9nuer les effets et retrouver un meilleur \u00e9quilibre.<\/p>\n\n\n\n<h1 class=\"wp-block-heading has-text-color has-link-color wp-elements-a2e6d4dd485e86f61db1b323d9c1d42b\" style=\"color:#0097a7\"><strong>Les causes biologiques de la d\u00e9pression saisonni\u00e8re<\/strong><\/h1>\n\n\n\n<p>Le principal d\u00e9clencheur de la d\u00e9pression saisonni\u00e8re est la&nbsp;<strong>r\u00e9duction de la lumi\u00e8re naturelle<\/strong>&nbsp;en hiver. La baisse de luminosit\u00e9 perturbe le fonctionnement du cerveau, en particulier l&rsquo;<strong>hypothalamus<\/strong>, qui r\u00e9gule l\u2019horloge biologique interne, \u00e9galement appel\u00e9e rythme circadien. Ce d\u00e9r\u00e8glement entra\u00eene une augmentation de la production de&nbsp;<strong>m\u00e9latonine<\/strong>&nbsp;(hormone du sommeil), provoquant une somnolence diurne, et une diminution de la&nbsp;<strong>s\u00e9rotonine<\/strong>, l\u2019hormone du bonheur, ce qui peut entra\u00eener des sympt\u00f4mes d\u00e9pressifs.<\/p>\n\n\n\n<p>Cette fluctuation des hormones, combin\u00e9e \u00e0 des facteurs environnementaux (baisse de temp\u00e9rature, journ\u00e9es plus courtes), contribue \u00e0 l&rsquo;apparition des sympt\u00f4mes caract\u00e9ristiques de la d\u00e9pression saisonni\u00e8re. Ce trouble affecte principalement les personnes vivant dans des r\u00e9gions o\u00f9 les heures de lumi\u00e8re sont plus courtes en hiver, comme dans le nord de la France.<\/p>\n\n\n\n<h1 class=\"wp-block-heading has-text-color has-link-color wp-elements-1ee1ec5510bfb1c11903cca24bc624de\" style=\"color:#0097a7\"><strong>Les sympt\u00f4mes du trouble affectif saisonnier<\/strong><\/h1>\n\n\n\n<p>La d\u00e9pression saisonni\u00e8re se manifeste par une vari\u00e9t\u00e9 de sympt\u00f4mes, dont l\u2019intensit\u00e9 peut varier selon les individus. Les signes les plus fr\u00e9quents incluent :<\/p>\n\n\n\n<ul class=\"wp-block-list\">\n<li><strong>Fatigue chronique<\/strong>&nbsp;: Un besoin accru de sommeil, m\u00eame apr\u00e8s une nuit compl\u00e8te.<\/li>\n\n\n\n<li><strong>Somnolence diurne<\/strong>&nbsp;: Difficult\u00e9 \u00e0 rester \u00e9veill\u00e9(e) et alerte pendant la journ\u00e9e.<\/li>\n\n\n\n<li><strong>Humeur d\u00e9pressive<\/strong>&nbsp;: Tristesse persistante, irritabilit\u00e9 ou stress accru.<\/li>\n\n\n\n<li><strong>Perte d&rsquo;int\u00e9r\u00eat pour les activit\u00e9s habituelles<\/strong>&nbsp;: Diminution de la motivation pour les loisirs ou les interactions sociales.<\/li>\n\n\n\n<li><strong>App\u00e9tit accru pour les glucides<\/strong>&nbsp;: Besoin compulsif de consommer des aliments sucr\u00e9s, souvent associ\u00e9 \u00e0 une prise de poids.<\/li>\n\n\n\n<li><strong>Isolement social<\/strong>&nbsp;: Tendance \u00e0 \u00e9viter les interactions sociales, avec un sentiment de repli sur soi.<\/li>\n<\/ul>\n\n\n\n<p>Dans les cas les plus s\u00e9v\u00e8res, ces sympt\u00f4mes peuvent s&rsquo;accompagner de&nbsp;<strong>pens\u00e9es suicidaires<\/strong>, ce qui n\u00e9cessite une consultation m\u00e9dicale urgente.<\/p>\n\n\n\n<h1 class=\"wp-block-heading has-text-color has-link-color wp-elements-9d56dd7b7737c68a0f065b9a7981fcf1\" style=\"color:#0097a7\"><strong>Les traitements de la d\u00e9pression saisonni\u00e8re<\/strong><\/h1>\n\n\n\n<p>La d\u00e9pression saisonni\u00e8re peut \u00eatre trait\u00e9e efficacement \u00e0 l\u2019aide de diff\u00e9rentes m\u00e9thodes, selon la s\u00e9v\u00e9rit\u00e9 des sympt\u00f4mes :<\/p>\n\n\n\n<h2 class=\"wp-block-heading\"><strong>Luminoth\u00e9rapie<\/strong><\/h2>\n\n\n\n<p>Le traitement principal de la d\u00e9pression saisonni\u00e8re est la&nbsp;<strong>luminoth\u00e9rapie<\/strong>. Il s&rsquo;agit de s&rsquo;exposer \u00e0 une lumi\u00e8re artificielle imitant la lumi\u00e8re du soleil, pendant environ 30 minutes par jour, de pr\u00e9f\u00e9rence le matin. Cette m\u00e9thode aide \u00e0 r\u00e9guler la production de s\u00e9rotonine et \u00e0 stabiliser l&rsquo;horloge biologique. Environ&nbsp;<strong>75 % des patients<\/strong>&nbsp;rapportent une am\u00e9lioration de leurs sympt\u00f4mes apr\u00e8s quelques semaines de luminoth\u00e9rapie.<\/p>\n\n\n\n<h2 class=\"wp-block-heading\"><strong>Psychoth\u00e9rapie et antid\u00e9presseurs<\/strong><\/h2>\n\n\n\n<p>Dans les cas les plus graves, une&nbsp;<strong>psychoth\u00e9rapie<\/strong>&nbsp;(notamment la th\u00e9rapie cognitivo-comportementale) peut \u00eatre n\u00e9cessaire pour accompagner les patients dans la gestion de leurs \u00e9motions et de leurs comportements. Les&nbsp;<strong>antid\u00e9presseurs<\/strong>, en particulier les inhibiteurs de la recapture de la s\u00e9rotonine (ISRS), peuvent \u00e9galement \u00eatre prescrits en compl\u00e9ment de la luminoth\u00e9rapie pour att\u00e9nuer les sympt\u00f4mes d\u00e9pressifs.<\/p>\n\n\n\n<h2 class=\"wp-block-heading\"><strong>Suppl\u00e9mentation en vitamine D<\/strong><\/h2>\n\n\n\n<p>Le manque de lumi\u00e8re en hiver peut entra\u00eener une&nbsp;<strong>carence en vitamine D<\/strong>, ce qui exacerbe les sympt\u00f4mes de la d\u00e9pression saisonni\u00e8re. Une suppl\u00e9mentation en vitamine D peut \u00eatre recommand\u00e9e, surtout dans les r\u00e9gions o\u00f9 le soleil est rare. Ce compl\u00e9ment aide \u00e0 am\u00e9liorer l\u2019humeur et \u00e0 renforcer le syst\u00e8me immunitaire.<\/p>\n\n\n\n<h1 class=\"wp-block-heading has-text-color has-link-color wp-elements-6c79b4f3b4ec04d1bdce237142d7c93b\" style=\"color:#0097a7\"><strong>Conseils pratiques pour pr\u00e9venir la d\u00e9pression saisonni\u00e8re<\/strong><\/h1>\n\n\n\n<p>Bien que la d\u00e9pression saisonni\u00e8re soit r\u00e9currente, il est possible de r\u00e9duire son impact gr\u00e2ce \u00e0 quelques habitudes simples :<\/p>\n\n\n\n<ul class=\"wp-block-list\">\n<li><strong>Maximiser l&rsquo;exposition \u00e0 la lumi\u00e8re naturelle<\/strong>&nbsp;: Essayez de passer du temps \u00e0 l&rsquo;ext\u00e9rieur tous les jours, m\u00eame lorsque le ciel est couvert. Le fait de s&rsquo;exposer \u00e0 la lumi\u00e8re naturelle d\u00e8s le matin aide \u00e0 r\u00e9guler le cycle veille-sommeil.<\/li>\n\n\n\n<li><strong>Pratiquer une activit\u00e9 physique r\u00e9guli\u00e8re<\/strong>&nbsp;: L&rsquo;exercice stimule la production d&rsquo;endorphines, les hormones du bien-\u00eatre, et aide \u00e0 r\u00e9duire les sympt\u00f4mes d\u00e9pressifs. Une simple marche quotidienne peut faire une grande diff\u00e9rence.<\/li>\n\n\n\n<li><strong>Maintenir une routine de sommeil stable<\/strong>&nbsp;: Aller au lit et se lever \u00e0 la m\u00eame heure chaque jour peut aider \u00e0 stabiliser l\u2019horloge biologique perturb\u00e9e par le manque de lumi\u00e8re.<\/li>\n\n\n\n<li><strong>Adopter une alimentation \u00e9quilibr\u00e9e<\/strong>&nbsp;: \u00c9vitez les exc\u00e8s de sucre et privil\u00e9giez une alimentation riche en nutriments essentiels, comme les om\u00e9ga-3, qui soutiennent le fonctionnement du cerveau.<\/li>\n<\/ul>\n\n\n\n<h2 class=\"wp-block-heading has-text-color has-link-color wp-elements-93c3288a6ecc9ffe07f2b88de78afd0a\" style=\"color:#0097a7\"><strong>Foire aux questions (FAQ) : les interrogations fr\u00e9quentes sur la d\u00e9pression saisonni\u00e8re<\/strong><\/h2>\n\n\n\n<h4 class=\"wp-block-heading\"><strong>Est-ce que tout le monde peut \u00eatre touch\u00e9 par la d\u00e9pression saisonni\u00e8re ?<\/strong><\/h4>\n\n\n\n<p>La d\u00e9pression saisonni\u00e8re peut toucher toute personne, bien qu\u2019elle soit plus fr\u00e9quente chez les femmes et les jeunes adultes. Les personnes vivant dans des r\u00e9gions \u00e0 faible ensoleillement, comme les pays nordiques ou les zones montagneuses, sont \u00e9galement plus \u00e0 risque.<\/p>\n\n\n\n<h4 class=\"wp-block-heading\"><strong>La d\u00e9pression saisonni\u00e8re dispara\u00eet-elle seule au printemps ?<\/strong><\/h4>\n\n\n\n<p>Dans la plupart des cas, les sympt\u00f4mes de la d\u00e9pression saisonni\u00e8re disparaissent \u00e0 mesure que la lumi\u00e8re naturelle augmente au printemps. Cependant, il est recommand\u00e9 de consulter un m\u00e9decin pour \u00e9viter que la condition ne s&rsquo;aggrave et de mettre en place des mesures pr\u00e9ventives pour les hivers suivants.<\/p>\n\n\n\n<p><\/p>\n\n\n\n<p>La d\u00e9pression saisonni\u00e8re est une condition courante, mais elle peut \u00eatre efficacement g\u00e9r\u00e9e gr\u00e2ce \u00e0 des traitements comme la luminoth\u00e9rapie, la psychoth\u00e9rapie et la suppl\u00e9mentation en vitamine D. En adoptant des habitudes de vie saines et en consultant un professionnel de sant\u00e9 d\u00e8s l\u2019apparition des sympt\u00f4mes, il est possible de pr\u00e9venir cette forme de d\u00e9pression et de maintenir une bonne qualit\u00e9 de vie pendant les mois d&rsquo;hiver. Si vous ressentez des sympt\u00f4mes persistants, n&rsquo;h\u00e9sitez pas \u00e0 demander de l&rsquo;aide.<\/p>\n\n\n\n<div class=\"wp-block-button\"><a class=\"wp-block-button__link has-background wp-element-button\" href=\"https:\/\/www.doctoome.com\/s\/medecin-generaliste\" style=\"background-color:#031d4f\" target=\"_blank\" rel=\"noreferrer noopener\">Consulter un psychologue autour de moi<\/a><\/div>\n\n\n\n<p>Reboostez-vous avec Sarah Roggi, di\u00e9t\u00e9ticienne, qui prouve que la sant\u00e9 passe aussi, par l&rsquo;assiette : <\/p>\n\n\n\n<figure class=\"wp-block-embed is-type-video is-provider-youtube wp-block-embed-youtube wp-embed-aspect-16-9 wp-has-aspect-ratio\"><div class=\"wp-block-embed__wrapper\">\n<iframe title=\"Se rebooster gr\u00e2ce \u00e0 son assiette \u2022 Sarah Roggi, di\u00e9t\u00e9ticienne | Doctoome\" width=\"960\" height=\"540\" data-src=\"https:\/\/www.youtube.com\/embed\/jMfIBKwEmyE?feature=oembed\" frameborder=\"0\" allow=\"accelerometer; autoplay; clipboard-write; encrypted-media; gyroscope; picture-in-picture; web-share\" referrerpolicy=\"strict-origin-when-cross-origin\" allowfullscreen src=\"data:image\/svg+xml;base64,PHN2ZyB3aWR0aD0iMSIgaGVpZ2h0PSIxIiB4bWxucz0iaHR0cDovL3d3dy53My5vcmcvMjAwMC9zdmciPjwvc3ZnPg==\" class=\"lazyload\" data-load-mode=\"1\"><\/iframe>\n<\/div><\/figure>\n\n\n\n<p class=\"has-medium-font-size\"><strong>Articles qui pourraient vous int\u00e9resser :&nbsp;<\/strong><\/p>\n\n\n\n<ul class=\"wp-block-list\">\n<li>Psychologie : pourquoi aller consulter ? : <a href=\"https:\/\/www.doctoome.com\/blog\/psychologie-pourquoi-aller-consulter\/\">https:\/\/www.doctoome.com\/blog\/psychologie-pourquoi-aller-consulter<\/a><\/li>\n\n\n\n<li>Psychiatre ou psychologue, qui consulter ? : <a href=\"https:\/\/www.doctoome.com\/blog\/psychiatre-psychologue-qui-consulter\/\">https:\/\/www.doctoome.com\/blog\/psychiatre-psychologue-qui-consulter<\/a><\/li>\n\n\n\n<li>Y a-t-il des aides pour consulter un psy ? : <a href=\"https:\/\/www.doctoome.com\/blog\/y-a-t-il-des-aides-pour-consulter-un-psy\/\">https:\/\/www.doctoome.com\/blog\/y-a-t-il-des-aides-pour-consulter-un-psy<\/a><\/li>\n\n\n\n<li>Les envies de manger \u00e9motionnelles : comment g\u00e9rer ? : <a href=\"https:\/\/www.doctoome.com\/blog\/les-envies-de-manger-emotionnelles-comment-gerer\/\">https:\/\/www.doctoome.com\/blog\/les-envies-de-manger-emotionnelles-comment-gerer<\/a><\/li>\n\n\n\n<li>Comment se mettre \u00e0 la m\u00e9ditation ? : <a href=\"https:\/\/www.doctoome.com\/blog\/se-mettre-a-meditation\/\">https:\/\/www.doctoome.com\/blog\/se-mettre-a-meditation<\/a><\/li>\n\n\n\n<li>Reprendre confiance en soi avec l&rsquo;hypnoth\u00e9rapie : <a href=\"https:\/\/www.doctoome.com\/blog\/confiance-en-soi-conseils-hypnotherapeute\/\">https:\/\/www.doctoome.com\/blog\/confiance-en-soi-conseils-hypnotherapeute<\/a><\/li>\n\n\n\n<li>Les 10 astuces pour lutter contre le stress : <a href=\"https:\/\/www.doctoome.com\/blog\/10-astuces-pour-lutter-contre-le-stress\/\">https:\/\/www.doctoome.com\/blog\/10-astuces-pour-lutter-contre-le-stress<\/a><\/li>\n\n\n\n<li>Comment la r\u00e9flexologie soulage le stress : <a href=\"https:\/\/www.doctoome.com\/blog\/comment-la-reflexologie-soulage-le-stress\/\">https:\/\/www.doctoome.com\/blog\/comment-la-reflexologie-soulage-le-stress<\/a><\/li>\n\n\n\n<li>Lutter contre le stress et l&rsquo;anxi\u00e9t\u00e9 avec la naturopathie : <a href=\"https:\/\/www.doctoome.com\/blog\/lutter-contre-le-stress-et-anxiete\/\">https:\/\/www.doctoome.com\/blog\/lutter-contre-le-stress-et-anxiete<\/a><\/li>\n\n\n\n<li>Traiter son stress et son anxi\u00e9t\u00e9 avec l&rsquo;hypnose : <a href=\"https:\/\/www.doctoome.com\/blog\/traiter-stress-anxiete-hypnose\/\">https:\/\/www.doctoome.com\/blog\/traiter-stress-anxiete-hypnose<\/a><\/li>\n<\/ul>\n","protected":false},"excerpt":{"rendered":"<p>En hiver votre moral refl\u00e8te la grisaille du ciel ? Pas de panique. En effet, le manque de soleil peut avoir des cons\u00e9quences directes plus ou moins s\u00e9v\u00e8res sur notre sant\u00e9. D\u00e9couvrons ensemble de quoi il s&rsquo;agit ! \u2600\ufe0f<\/p>\n","protected":false},"author":2,"featured_media":15682,"comment_status":"open","ping_status":"closed","sticky":false,"template":"","format":"standard","meta":{"footnotes":""},"categories":[1861],"tags":[877],"class_list":["post-3723","post","type-post","status-publish","format-standard","has-post-thumbnail","hentry","category-sante-mentale","tag-psychologue"],"yoast_head":"<!-- This site is optimized with the Yoast SEO plugin v27.5 - https:\/\/yoast.com\/product\/yoast-seo-wordpress\/ -->\n<title>D\u00e9pression saisonni\u00e8re : comprendre, pr\u00e9venir et traiter ce trouble hivernal | Blog - Doctoome<\/title>\n<meta name=\"description\" content=\"D\u00e9couvrez les causes, sympt\u00f4mes et traitements de la d\u00e9pression saisonni\u00e8re. Apprenez comment am\u00e9liorer votre bien-\u00eatre durant l&#039;hiver.\" \/>\n<meta name=\"robots\" content=\"index, follow, max-snippet:-1, max-image-preview:large, max-video-preview:-1\" \/>\n<link rel=\"canonical\" href=\"https:\/\/www.doctoome.com\/blog\/depression-saisonniere-labsence-du-soleil-influe-sur-votre-sante\/\" \/>\n<meta property=\"og:locale\" content=\"fr_FR\" \/>\n<meta property=\"og:type\" content=\"article\" \/>\n<meta property=\"og:title\" content=\"D\u00e9pression saisonni\u00e8re : comprendre, pr\u00e9venir et traiter ce trouble hivernal | Blog - Doctoome\" \/>\n<meta property=\"og:description\" content=\"D\u00e9couvrez les causes, sympt\u00f4mes et traitements de la d\u00e9pression saisonni\u00e8re. Apprenez comment am\u00e9liorer votre bien-\u00eatre durant l&#039;hiver.\" \/>\n<meta property=\"og:url\" content=\"https:\/\/www.doctoome.com\/blog\/depression-saisonniere-labsence-du-soleil-influe-sur-votre-sante\/\" \/>\n<meta property=\"og:site_name\" content=\"Blog - Doctoome\" \/>\n<meta property=\"article:publisher\" content=\"https:\/\/www.facebook.com\/doctoome\/\" \/>\n<meta property=\"article:published_time\" content=\"2024-09-19T04:30:00+00:00\" \/>\n<meta property=\"article:modified_time\" content=\"2025-04-18T06:55:18+00:00\" \/>\n<meta property=\"og:image\" content=\"https:\/\/s3.eu-west-1.amazonaws.com\/dm.prod.raw\/2024\/12\/depression-saisonniere.png\" \/>\n\t<meta property=\"og:image:width\" content=\"1313\" \/>\n\t<meta property=\"og:image:height\" content=\"875\" \/>\n\t<meta property=\"og:image:type\" content=\"image\/png\" \/>\n<meta name=\"author\" content=\"Doctoome\" \/>\n<meta name=\"twitter:card\" content=\"summary_large_image\" \/>\n<meta name=\"twitter:creator\" content=\"@Doctoome\" \/>\n<meta name=\"twitter:site\" content=\"@Doctoome\" \/>\n<meta name=\"twitter:label1\" content=\"\u00c9crit par\" \/>\n\t<meta name=\"twitter:data1\" content=\"Doctoome\" \/>\n\t<meta name=\"twitter:label2\" content=\"Dur\u00e9e de lecture estim\u00e9e\" \/>\n\t<meta name=\"twitter:data2\" content=\"6 minutes\" \/>\n<script type=\"application\/ld+json\" class=\"yoast-schema-graph\">{\"@context\":\"https:\\\/\\\/schema.org\",\"@graph\":[{\"@type\":\"Article\",\"@id\":\"https:\\\/\\\/www.doctoome.com\\\/blog\\\/depression-saisonniere-labsence-du-soleil-influe-sur-votre-sante\\\/#article\",\"isPartOf\":{\"@id\":\"https:\\\/\\\/www.doctoome.com\\\/blog\\\/depression-saisonniere-labsence-du-soleil-influe-sur-votre-sante\\\/\"},\"author\":{\"name\":\"Doctoome\",\"@id\":\"https:\\\/\\\/www.doctoome.com\\\/blog\\\/#\\\/schema\\\/person\\\/b70e715e0248cbdaae27015aae1f7769\"},\"headline\":\"D\u00e9pression saisonni\u00e8re : comprendre, pr\u00e9venir et traiter ce trouble hivernal\",\"datePublished\":\"2024-09-19T04:30:00+00:00\",\"dateModified\":\"2025-04-18T06:55:18+00:00\",\"mainEntityOfPage\":{\"@id\":\"https:\\\/\\\/www.doctoome.com\\\/blog\\\/depression-saisonniere-labsence-du-soleil-influe-sur-votre-sante\\\/\"},\"wordCount\":1272,\"commentCount\":0,\"publisher\":{\"@id\":\"https:\\\/\\\/www.doctoome.com\\\/blog\\\/#organization\"},\"image\":{\"@id\":\"https:\\\/\\\/www.doctoome.com\\\/blog\\\/depression-saisonniere-labsence-du-soleil-influe-sur-votre-sante\\\/#primaryimage\"},\"thumbnailUrl\":\"https:\\\/\\\/s3.eu-west-1.amazonaws.com\\\/dm.prod.raw\\\/2024\\\/12\\\/depression-saisonniere.png\",\"keywords\":[\"Psychologue\"],\"articleSection\":[\"Bien-\u00eatre et sant\u00e9 mentale\"],\"inLanguage\":\"fr-FR\",\"potentialAction\":[{\"@type\":\"CommentAction\",\"name\":\"Comment\",\"target\":[\"https:\\\/\\\/www.doctoome.com\\\/blog\\\/depression-saisonniere-labsence-du-soleil-influe-sur-votre-sante\\\/#respond\"]}]},{\"@type\":\"WebPage\",\"@id\":\"https:\\\/\\\/www.doctoome.com\\\/blog\\\/depression-saisonniere-labsence-du-soleil-influe-sur-votre-sante\\\/\",\"url\":\"https:\\\/\\\/www.doctoome.com\\\/blog\\\/depression-saisonniere-labsence-du-soleil-influe-sur-votre-sante\\\/\",\"name\":\"D\u00e9pression saisonni\u00e8re : comprendre, pr\u00e9venir et traiter ce trouble hivernal | Blog - Doctoome\",\"isPartOf\":{\"@id\":\"https:\\\/\\\/www.doctoome.com\\\/blog\\\/#website\"},\"primaryImageOfPage\":{\"@id\":\"https:\\\/\\\/www.doctoome.com\\\/blog\\\/depression-saisonniere-labsence-du-soleil-influe-sur-votre-sante\\\/#primaryimage\"},\"image\":{\"@id\":\"https:\\\/\\\/www.doctoome.com\\\/blog\\\/depression-saisonniere-labsence-du-soleil-influe-sur-votre-sante\\\/#primaryimage\"},\"thumbnailUrl\":\"https:\\\/\\\/s3.eu-west-1.amazonaws.com\\\/dm.prod.raw\\\/2024\\\/12\\\/depression-saisonniere.png\",\"datePublished\":\"2024-09-19T04:30:00+00:00\",\"dateModified\":\"2025-04-18T06:55:18+00:00\",\"description\":\"D\u00e9couvrez les causes, sympt\u00f4mes et traitements de la d\u00e9pression saisonni\u00e8re. Apprenez comment am\u00e9liorer votre bien-\u00eatre durant l'hiver.\",\"inLanguage\":\"fr-FR\",\"potentialAction\":[{\"@type\":\"ReadAction\",\"target\":[\"https:\\\/\\\/www.doctoome.com\\\/blog\\\/depression-saisonniere-labsence-du-soleil-influe-sur-votre-sante\\\/\"]}]},{\"@type\":\"ImageObject\",\"inLanguage\":\"fr-FR\",\"@id\":\"https:\\\/\\\/www.doctoome.com\\\/blog\\\/depression-saisonniere-labsence-du-soleil-influe-sur-votre-sante\\\/#primaryimage\",\"url\":\"https:\\\/\\\/s3.eu-west-1.amazonaws.com\\\/dm.prod.raw\\\/2024\\\/12\\\/depression-saisonniere.png\",\"contentUrl\":\"https:\\\/\\\/s3.eu-west-1.amazonaws.com\\\/dm.prod.raw\\\/2024\\\/12\\\/depression-saisonniere.png\",\"width\":1313,\"height\":875,\"caption\":\"D\u00e9pression saisonni\u00e8re : comprendre, pr\u00e9venir et traiter ce trouble hivernal\"},{\"@type\":\"WebSite\",\"@id\":\"https:\\\/\\\/www.doctoome.com\\\/blog\\\/#website\",\"url\":\"https:\\\/\\\/www.doctoome.com\\\/blog\\\/\",\"name\":\"Blog - Doctoome\",\"description\":\"Toutes nos astuces sant\u00e9 et bien-\u00eatre\",\"publisher\":{\"@id\":\"https:\\\/\\\/www.doctoome.com\\\/blog\\\/#organization\"},\"potentialAction\":[{\"@type\":\"SearchAction\",\"target\":{\"@type\":\"EntryPoint\",\"urlTemplate\":\"https:\\\/\\\/www.doctoome.com\\\/blog\\\/?s={search_term_string}\"},\"query-input\":{\"@type\":\"PropertyValueSpecification\",\"valueRequired\":true,\"valueName\":\"search_term_string\"}}],\"inLanguage\":\"fr-FR\"},{\"@type\":\"Organization\",\"@id\":\"https:\\\/\\\/www.doctoome.com\\\/blog\\\/#organization\",\"name\":\"Blog - Doctoome\",\"url\":\"https:\\\/\\\/www.doctoome.com\\\/blog\\\/\",\"logo\":{\"@type\":\"ImageObject\",\"inLanguage\":\"fr-FR\",\"@id\":\"https:\\\/\\\/www.doctoome.com\\\/blog\\\/#\\\/schema\\\/logo\\\/image\\\/\",\"url\":\"https:\\\/\\\/s3.eu-west-1.amazonaws.com\\\/dm.prod.raw\\\/2025\\\/07\\\/dQutxZuI-Media-1.png\",\"contentUrl\":\"https:\\\/\\\/s3.eu-west-1.amazonaws.com\\\/dm.prod.raw\\\/2025\\\/07\\\/dQutxZuI-Media-1.png\",\"width\":450,\"height\":200,\"caption\":\"Blog - Doctoome\"},\"image\":{\"@id\":\"https:\\\/\\\/www.doctoome.com\\\/blog\\\/#\\\/schema\\\/logo\\\/image\\\/\"},\"sameAs\":[\"https:\\\/\\\/www.facebook.com\\\/doctoome\\\/\",\"https:\\\/\\\/x.com\\\/Doctoome\",\"https:\\\/\\\/www.instagram.com\\\/doctoome_\\\/\",\"https:\\\/\\\/www.linkedin.com\\\/company\\\/doctoome\\\/\",\"https:\\\/\\\/www.youtube.com\\\/channel\\\/UCDbvPhELiZsPKeyNddFz6Qg\"]},{\"@type\":\"Person\",\"@id\":\"https:\\\/\\\/www.doctoome.com\\\/blog\\\/#\\\/schema\\\/person\\\/b70e715e0248cbdaae27015aae1f7769\",\"name\":\"Doctoome\",\"image\":{\"@type\":\"ImageObject\",\"inLanguage\":\"fr-FR\",\"@id\":\"https:\\\/\\\/secure.gravatar.com\\\/avatar\\\/6083c373ae95bfd3ce85cd46164b730132c2dc1f9e3f5c5cfe3d9e5a21e46e34?s=96&d=blank&r=g\",\"url\":\"https:\\\/\\\/secure.gravatar.com\\\/avatar\\\/6083c373ae95bfd3ce85cd46164b730132c2dc1f9e3f5c5cfe3d9e5a21e46e34?s=96&d=blank&r=g\",\"contentUrl\":\"https:\\\/\\\/secure.gravatar.com\\\/avatar\\\/6083c373ae95bfd3ce85cd46164b730132c2dc1f9e3f5c5cfe3d9e5a21e46e34?s=96&d=blank&r=g\",\"caption\":\"Doctoome\"},\"description\":\"Chlo\u00e9 de Channes est r\u00e9dactrice sant\u00e9 et \u00e9crit sur de nombreux sujets touchant au parcours de soins, aux enfants, aux maladies de peau, la sant\u00e9 des femmes, etc\",\"url\":\"https:\\\/\\\/www.doctoome.com\\\/blog\\\/author\\\/ameliedoctoome-com\\\/\"}]}<\/script>\n<!-- \/ Yoast SEO plugin. -->","yoast_head_json":{"title":"D\u00e9pression saisonni\u00e8re : comprendre, pr\u00e9venir et traiter ce trouble hivernal | Blog - Doctoome","description":"D\u00e9couvrez les causes, sympt\u00f4mes et traitements de la d\u00e9pression saisonni\u00e8re. Apprenez comment am\u00e9liorer votre bien-\u00eatre durant l'hiver.","robots":{"index":"index","follow":"follow","max-snippet":"max-snippet:-1","max-image-preview":"max-image-preview:large","max-video-preview":"max-video-preview:-1"},"canonical":"https:\/\/www.doctoome.com\/blog\/depression-saisonniere-labsence-du-soleil-influe-sur-votre-sante\/","og_locale":"fr_FR","og_type":"article","og_title":"D\u00e9pression saisonni\u00e8re : comprendre, pr\u00e9venir et traiter ce trouble hivernal | Blog - Doctoome","og_description":"D\u00e9couvrez les causes, sympt\u00f4mes et traitements de la d\u00e9pression saisonni\u00e8re. Apprenez comment am\u00e9liorer votre bien-\u00eatre durant l'hiver.","og_url":"https:\/\/www.doctoome.com\/blog\/depression-saisonniere-labsence-du-soleil-influe-sur-votre-sante\/","og_site_name":"Blog - Doctoome","article_publisher":"https:\/\/www.facebook.com\/doctoome\/","article_published_time":"2024-09-19T04:30:00+00:00","article_modified_time":"2025-04-18T06:55:18+00:00","og_image":[{"width":1313,"height":875,"url":"https:\/\/s3.eu-west-1.amazonaws.com\/dm.prod.raw\/2024\/12\/depression-saisonniere.png","type":"image\/png"}],"author":"Doctoome","twitter_card":"summary_large_image","twitter_creator":"@Doctoome","twitter_site":"@Doctoome","twitter_misc":{"\u00c9crit par":"Doctoome","Dur\u00e9e de lecture estim\u00e9e":"6 minutes"},"schema":{"@context":"https:\/\/schema.org","@graph":[{"@type":"Article","@id":"https:\/\/www.doctoome.com\/blog\/depression-saisonniere-labsence-du-soleil-influe-sur-votre-sante\/#article","isPartOf":{"@id":"https:\/\/www.doctoome.com\/blog\/depression-saisonniere-labsence-du-soleil-influe-sur-votre-sante\/"},"author":{"name":"Doctoome","@id":"https:\/\/www.doctoome.com\/blog\/#\/schema\/person\/b70e715e0248cbdaae27015aae1f7769"},"headline":"D\u00e9pression saisonni\u00e8re : comprendre, pr\u00e9venir et traiter ce trouble hivernal","datePublished":"2024-09-19T04:30:00+00:00","dateModified":"2025-04-18T06:55:18+00:00","mainEntityOfPage":{"@id":"https:\/\/www.doctoome.com\/blog\/depression-saisonniere-labsence-du-soleil-influe-sur-votre-sante\/"},"wordCount":1272,"commentCount":0,"publisher":{"@id":"https:\/\/www.doctoome.com\/blog\/#organization"},"image":{"@id":"https:\/\/www.doctoome.com\/blog\/depression-saisonniere-labsence-du-soleil-influe-sur-votre-sante\/#primaryimage"},"thumbnailUrl":"https:\/\/s3.eu-west-1.amazonaws.com\/dm.prod.raw\/2024\/12\/depression-saisonniere.png","keywords":["Psychologue"],"articleSection":["Bien-\u00eatre et sant\u00e9 mentale"],"inLanguage":"fr-FR","potentialAction":[{"@type":"CommentAction","name":"Comment","target":["https:\/\/www.doctoome.com\/blog\/depression-saisonniere-labsence-du-soleil-influe-sur-votre-sante\/#respond"]}]},{"@type":"WebPage","@id":"https:\/\/www.doctoome.com\/blog\/depression-saisonniere-labsence-du-soleil-influe-sur-votre-sante\/","url":"https:\/\/www.doctoome.com\/blog\/depression-saisonniere-labsence-du-soleil-influe-sur-votre-sante\/","name":"D\u00e9pression saisonni\u00e8re : comprendre, pr\u00e9venir et traiter ce trouble hivernal | Blog - Doctoome","isPartOf":{"@id":"https:\/\/www.doctoome.com\/blog\/#website"},"primaryImageOfPage":{"@id":"https:\/\/www.doctoome.com\/blog\/depression-saisonniere-labsence-du-soleil-influe-sur-votre-sante\/#primaryimage"},"image":{"@id":"https:\/\/www.doctoome.com\/blog\/depression-saisonniere-labsence-du-soleil-influe-sur-votre-sante\/#primaryimage"},"thumbnailUrl":"https:\/\/s3.eu-west-1.amazonaws.com\/dm.prod.raw\/2024\/12\/depression-saisonniere.png","datePublished":"2024-09-19T04:30:00+00:00","dateModified":"2025-04-18T06:55:18+00:00","description":"D\u00e9couvrez les causes, sympt\u00f4mes et traitements de la d\u00e9pression saisonni\u00e8re. Apprenez comment am\u00e9liorer votre bien-\u00eatre durant l'hiver.","inLanguage":"fr-FR","potentialAction":[{"@type":"ReadAction","target":["https:\/\/www.doctoome.com\/blog\/depression-saisonniere-labsence-du-soleil-influe-sur-votre-sante\/"]}]},{"@type":"ImageObject","inLanguage":"fr-FR","@id":"https:\/\/www.doctoome.com\/blog\/depression-saisonniere-labsence-du-soleil-influe-sur-votre-sante\/#primaryimage","url":"https:\/\/s3.eu-west-1.amazonaws.com\/dm.prod.raw\/2024\/12\/depression-saisonniere.png","contentUrl":"https:\/\/s3.eu-west-1.amazonaws.com\/dm.prod.raw\/2024\/12\/depression-saisonniere.png","width":1313,"height":875,"caption":"D\u00e9pression saisonni\u00e8re : comprendre, pr\u00e9venir et traiter ce trouble hivernal"},{"@type":"WebSite","@id":"https:\/\/www.doctoome.com\/blog\/#website","url":"https:\/\/www.doctoome.com\/blog\/","name":"Blog - Doctoome","description":"Toutes nos astuces sant\u00e9 et bien-\u00eatre","publisher":{"@id":"https:\/\/www.doctoome.com\/blog\/#organization"},"potentialAction":[{"@type":"SearchAction","target":{"@type":"EntryPoint","urlTemplate":"https:\/\/www.doctoome.com\/blog\/?s={search_term_string}"},"query-input":{"@type":"PropertyValueSpecification","valueRequired":true,"valueName":"search_term_string"}}],"inLanguage":"fr-FR"},{"@type":"Organization","@id":"https:\/\/www.doctoome.com\/blog\/#organization","name":"Blog - Doctoome","url":"https:\/\/www.doctoome.com\/blog\/","logo":{"@type":"ImageObject","inLanguage":"fr-FR","@id":"https:\/\/www.doctoome.com\/blog\/#\/schema\/logo\/image\/","url":"https:\/\/s3.eu-west-1.amazonaws.com\/dm.prod.raw\/2025\/07\/dQutxZuI-Media-1.png","contentUrl":"https:\/\/s3.eu-west-1.amazonaws.com\/dm.prod.raw\/2025\/07\/dQutxZuI-Media-1.png","width":450,"height":200,"caption":"Blog - Doctoome"},"image":{"@id":"https:\/\/www.doctoome.com\/blog\/#\/schema\/logo\/image\/"},"sameAs":["https:\/\/www.facebook.com\/doctoome\/","https:\/\/x.com\/Doctoome","https:\/\/www.instagram.com\/doctoome_\/","https:\/\/www.linkedin.com\/company\/doctoome\/","https:\/\/www.youtube.com\/channel\/UCDbvPhELiZsPKeyNddFz6Qg"]},{"@type":"Person","@id":"https:\/\/www.doctoome.com\/blog\/#\/schema\/person\/b70e715e0248cbdaae27015aae1f7769","name":"Doctoome","image":{"@type":"ImageObject","inLanguage":"fr-FR","@id":"https:\/\/secure.gravatar.com\/avatar\/6083c373ae95bfd3ce85cd46164b730132c2dc1f9e3f5c5cfe3d9e5a21e46e34?s=96&d=blank&r=g","url":"https:\/\/secure.gravatar.com\/avatar\/6083c373ae95bfd3ce85cd46164b730132c2dc1f9e3f5c5cfe3d9e5a21e46e34?s=96&d=blank&r=g","contentUrl":"https:\/\/secure.gravatar.com\/avatar\/6083c373ae95bfd3ce85cd46164b730132c2dc1f9e3f5c5cfe3d9e5a21e46e34?s=96&d=blank&r=g","caption":"Doctoome"},"description":"Chlo\u00e9 de Channes est r\u00e9dactrice sant\u00e9 et \u00e9crit sur de nombreux sujets touchant au parcours de soins, aux enfants, aux maladies de peau, la sant\u00e9 des femmes, etc","url":"https:\/\/www.doctoome.com\/blog\/author\/ameliedoctoome-com\/"}]}},"_links":{"self":[{"href":"https:\/\/www.doctoome.com\/blog\/wp-json\/wp\/v2\/posts\/3723","targetHints":{"allow":["GET"]}}],"collection":[{"href":"https:\/\/www.doctoome.com\/blog\/wp-json\/wp\/v2\/posts"}],"about":[{"href":"https:\/\/www.doctoome.com\/blog\/wp-json\/wp\/v2\/types\/post"}],"author":[{"embeddable":true,"href":"https:\/\/www.doctoome.com\/blog\/wp-json\/wp\/v2\/users\/2"}],"replies":[{"embeddable":true,"href":"https:\/\/www.doctoome.com\/blog\/wp-json\/wp\/v2\/comments?post=3723"}],"version-history":[{"count":0,"href":"https:\/\/www.doctoome.com\/blog\/wp-json\/wp\/v2\/posts\/3723\/revisions"}],"wp:featuredmedia":[{"embeddable":true,"href":"https:\/\/www.doctoome.com\/blog\/wp-json\/wp\/v2\/media\/15682"}],"wp:attachment":[{"href":"https:\/\/www.doctoome.com\/blog\/wp-json\/wp\/v2\/media?parent=3723"}],"wp:term":[{"taxonomy":"category","embeddable":true,"href":"https:\/\/www.doctoome.com\/blog\/wp-json\/wp\/v2\/categories?post=3723"},{"taxonomy":"post_tag","embeddable":true,"href":"https:\/\/www.doctoome.com\/blog\/wp-json\/wp\/v2\/tags?post=3723"}],"curies":[{"name":"wp","href":"https:\/\/api.w.org\/{rel}","templated":true}]}}