{"id":4181,"date":"2025-03-12T11:29:00","date_gmt":"2025-03-12T10:29:00","guid":{"rendered":"https:\/\/blog.doctoome.com\/?p=4181"},"modified":"2025-10-08T14:55:38","modified_gmt":"2025-10-08T12:55:38","slug":"les-deserts-medicaux-se-multiplient-en-france","status":"publish","type":"post","link":"https:\/\/www.doctoome.com\/blog\/les-deserts-medicaux-se-multiplient-en-france\/","title":{"rendered":"D\u00e9serts m\u00e9dicaux en France : causes, cons\u00e9quences et solutions"},"content":{"rendered":"\n<p>Les d\u00e9serts m\u00e9dicaux repr\u00e9sentent aujourd&rsquo;hui l&rsquo;un des d\u00e9fis majeurs du syst\u00e8me de sant\u00e9 fran\u00e7ais. Ces zones g\u00e9ographiques, caract\u00e9ris\u00e9es par une faible densit\u00e9 de professionnels de sant\u00e9, touchent de plus en plus de territoires et impactent directement l&rsquo;acc\u00e8s aux soins pour des millions de Fran\u00e7ais. Selon les derniers chiffres de la Direction de la Recherche, des \u00c9tudes, de l&rsquo;\u00c9valuation et des Statistiques (DREES), pr\u00e8s de 7,4 millions de Fran\u00e7ais vivent dans un d\u00e9sert m\u00e9dical pour l&rsquo;acc\u00e8s aux m\u00e9decins g\u00e9n\u00e9ralistes, soit environ 11% de la population.<\/p>\n\n\n\n<p>Ce ph\u00e9nom\u00e8ne, loin d&rsquo;\u00eatre marginal, s&rsquo;\u00e9tend progressivement et concerne aussi bien les zones rurales que certains quartiers urbains. L&rsquo;enjeu est crucial : comment garantir l&rsquo;\u00e9galit\u00e9 d&rsquo;acc\u00e8s aux soins pour tous les citoyens, principe fondateur de notre syst\u00e8me de sant\u00e9 ? Face \u00e0 cette r\u00e9alit\u00e9 pr\u00e9occupante, comprendre les m\u00e9canismes \u00e0 l&rsquo;origine des d\u00e9serts m\u00e9dicaux, mesurer leurs cons\u00e9quences et explorer les solutions innovantes devient essentiel pour envisager l&rsquo;avenir de la sant\u00e9 en France.<\/p>\n\n\n\n<h2 class=\"wp-block-heading\">Comprendre les d\u00e9serts m\u00e9dicaux<\/h2>\n\n\n\n<h3 class=\"wp-block-heading\">D\u00e9finition et crit\u00e8res<\/h3>\n\n\n\n<p>Un d\u00e9sert m\u00e9dical se d\u00e9finit comme un territoire o\u00f9 l&rsquo;offre de soins est insuffisante par rapport aux besoins de la population. Cette notion va au-del\u00e0 de la simple absence de m\u00e9decins et englobe plusieurs crit\u00e8res objectifs \u00e9tablis par les autorit\u00e9s sanitaires fran\u00e7aises.<\/p>\n\n\n\n<p>Selon la d\u00e9finition officielle de l&rsquo;Agence R\u00e9gionale de Sant\u00e9 (ARS), les zones sous-dot\u00e9es sont caract\u00e9ris\u00e9es par un indicateur d&rsquo;accessibilit\u00e9 potentielle localis\u00e9e (APL) inf\u00e9rieur \u00e0 2,5 consultations par an et par habitant. Cet indicateur prend en compte non seulement la densit\u00e9 m\u00e9dicale, mais aussi la structure d\u00e9mographique de la population, son \u00e9tat de sant\u00e9 et les temps de trajet pour acc\u00e9der aux soins.<\/p>\n\n\n\n<p>Les crit\u00e8res permettant de qualifier un territoire de d\u00e9sert m\u00e9dical comprennent :<\/p>\n\n\n\n<ul class=\"wp-block-list\">\n<li>La densit\u00e9 m\u00e9dicale (nombre de m\u00e9decins pour 100 000 habitants)<\/li>\n\n\n\n<li>L&rsquo;activit\u00e9 des m\u00e9decins pr\u00e9sents (nombre d&rsquo;actes r\u00e9alis\u00e9s)<\/li>\n\n\n\n<li>L&rsquo;\u00e2ge des praticiens (anticipation des d\u00e9parts \u00e0 la retraite)<\/li>\n\n\n\n<li>Les temps d&rsquo;acc\u00e8s aux soins (distance et dur\u00e9e du trajet)<\/li>\n\n\n\n<li>Les besoins sp\u00e9cifiques li\u00e9s \u00e0 la d\u00e9mographie locale (vieillissement)<\/li>\n<\/ul>\n\n\n<div class=\"wp-block-image\">\n<figure class=\"aligncenter size-large\"><a href=\"https:\/\/www.lejdd.fr\/Societe\/voici-la-carte-de-france-des-deserts-medicaux-3896746\"><img decoding=\"async\" width=\"500\" height=\"515\" data-src=\"https:\/\/s3.eu-west-1.amazonaws.com\/dm.blog\/2021\/05\/carte-deserts-medicaux-france-1.jpg\" alt=\"cartes des d\u00e9serts m\u00e9dicaux en france \" class=\"wp-image-7871 lazyload\" src=\"data:image\/svg+xml;base64,PHN2ZyB3aWR0aD0iMSIgaGVpZ2h0PSIxIiB4bWxucz0iaHR0cDovL3d3dy53My5vcmcvMjAwMC9zdmciPjwvc3ZnPg==\" style=\"--smush-placeholder-width: 500px; --smush-placeholder-aspect-ratio: 500\/515;\" \/><\/a><\/figure>\n<\/div>\n\n\n<h3 class=\"wp-block-heading\">Causes de la p\u00e9nurie de m\u00e9decins<\/h3>\n\n\n\n<p>La formation d&rsquo;un d\u00e9sert m\u00e9dical r\u00e9sulte de multiples facteurs qui se conjuguent et s&rsquo;amplifient mutuellement. Parmi les causes principales identifi\u00e9es par les \u00e9tudes de l&rsquo;INSERM et de la HAS :<\/p>\n\n\n\n<ul class=\"wp-block-list\">\n<li><strong>Le numerus clausus<\/strong> : La limitation stricte du nombre d&rsquo;\u00e9tudiants admis en m\u00e9decine pendant plusieurs d\u00e9cennies a cr\u00e9\u00e9 un d\u00e9ficit structurel, malgr\u00e9 son r\u00e9cent assouplissement en 2020.<\/li>\n\n\n\n<li><strong>Le vieillissement de la profession<\/strong> : L&rsquo;\u00e2ge moyen des m\u00e9decins g\u00e9n\u00e9ralistes en exercice d\u00e9passe aujourd&rsquo;hui 50 ans, avec pr\u00e8s d&rsquo;un quart des praticiens qui ont plus de 60 ans.<\/li>\n\n\n\n<li><strong>L&rsquo;attractivit\u00e9 in\u00e9gale des territoires<\/strong> : Les jeunes m\u00e9decins privil\u00e9gient souvent les zones urbaines offrant plus de perspectives professionnelles, culturelles et familiales.<\/li>\n\n\n\n<li><strong>L&rsquo;\u00e9volution des attentes professionnelles<\/strong> : Les nouvelles g\u00e9n\u00e9rations de m\u00e9decins recherchent un meilleur \u00e9quilibre vie professionnelle\/vie personnelle et sont moins enclines \u00e0 s&rsquo;installer seules.<\/li>\n\n\n\n<li><strong>La f\u00e9minisation de la profession<\/strong> : Bien que positive en soi, elle s&rsquo;accompagne statistiquement d&rsquo;un temps de travail hebdomadaire moyen inf\u00e9rieur \u00e0 celui des hommes (selon la DREES).<\/li>\n\n\n\n<li><strong>La lourdeur administrative<\/strong> : Le temps consacr\u00e9 aux t\u00e2ches non m\u00e9dicales r\u00e9duit la disponibilit\u00e9 effective des praticiens pour les soins.<\/li>\n<\/ul>\n\n\n\n<figure class=\"wp-block-table\"><table class=\"has-fixed-layout\"><thead><tr><th>Niveau de dotation<\/th><th>APL m\u00e9decin g\u00e9n\u00e9raliste<\/th><th>Qualification<\/th><th>Mesures incitatives<\/th><\/tr><\/thead><tbody><tr><td>Tr\u00e8s sous-dot\u00e9e<\/td><td>&lt; 1,5 consultation\/an\/habitant<\/td><td>D\u00e9sert m\u00e9dical critique<\/td><td>Aides maximales \u00e0 l&rsquo;installation<\/td><\/tr><tr><td>Sous-dot\u00e9e<\/td><td>1,5 \u00e0 2,5 consultations\/an\/habitant<\/td><td>D\u00e9sert m\u00e9dical<\/td><td>Aides importantes \u00e0 l&rsquo;installation<\/td><\/tr><tr><td>Interm\u00e9diaire<\/td><td>2,5 \u00e0 3,5 consultations\/an\/habitant<\/td><td>Zone de vigilance<\/td><td>Aides conditionnelles<\/td><\/tr><tr><td>Dot\u00e9e<\/td><td>3,5 \u00e0 4,5 consultations\/an\/habitant<\/td><td>Zone \u00e9quilibr\u00e9e<\/td><td>Pas d&rsquo;aides sp\u00e9cifiques<\/td><\/tr><tr><td>Sur-dot\u00e9e<\/td><td>&gt; 4,5 consultations\/an\/habitant<\/td><td>Zone dense<\/td><td>Restrictions possibles \u00e0 l&rsquo;installation<\/td><\/tr><\/tbody><\/table><\/figure>\n\n\n\n<h2 class=\"wp-block-heading\">Impact sur l&rsquo;acc\u00e8s aux soins<\/h2>\n\n\n\n<h3 class=\"wp-block-heading\">Cons\u00e9quences pour les patients<\/h3>\n\n\n\n<p>Les d\u00e9serts m\u00e9dicaux engendrent des r\u00e9percussions directes sur la sant\u00e9 et le quotidien des habitants concern\u00e9s. Selon une \u00e9tude de Sant\u00e9 Publique France, les in\u00e9galit\u00e9s territoriales d&rsquo;acc\u00e8s aux soins entra\u00eenent :<\/p>\n\n\n\n<ul class=\"wp-block-list\">\n<li><strong>Des d\u00e9lais d&rsquo;attente allong\u00e9s<\/strong> : Dans certaines zones sous-dot\u00e9es, obtenir un rendez-vous chez un g\u00e9n\u00e9raliste peut n\u00e9cessiter plusieurs semaines, voire plusieurs mois pour certaines sp\u00e9cialit\u00e9s (ophtalmologie, dermatologie, psychiatrie).<\/li>\n\n\n\n<li><strong>Un renoncement aux soins<\/strong> : En 2022, l&rsquo;Observatoire des non-recours aux droits et services (ODENORE) estimait que pr\u00e8s de 26% des Fran\u00e7ais reportent ou renoncent \u00e0 des soins, avec une surrepr\u00e9sentation dans les zones sous-dot\u00e9es.<\/li>\n\n\n\n<li><strong>Une d\u00e9t\u00e9rioration du suivi m\u00e9dical<\/strong> : L&rsquo;absence de m\u00e9decin traitant complique le suivi des maladies chroniques et la coordination des parcours de soins.<\/li>\n\n\n\n<li><strong>Un recours accru aux urgences<\/strong> : Face \u00e0 l&rsquo;impossibilit\u00e9 de consulter un m\u00e9decin g\u00e9n\u00e9raliste, de nombreux patients se tournent vers les services d&rsquo;urgence pour des soins non-urgents, contribuant \u00e0 leur engorgement.<\/li>\n\n\n\n<li><strong>Des in\u00e9galit\u00e9s de sant\u00e9 accrues<\/strong> : Les populations des d\u00e9serts m\u00e9dicaux pr\u00e9sentent des taux plus \u00e9lev\u00e9s de complications \u00e9vitables et une esp\u00e9rance de vie en bonne sant\u00e9 r\u00e9duite.<\/li>\n\n\n\n<li><strong>Une charge financi\u00e8re suppl\u00e9mentaire<\/strong> : Les d\u00e9placements n\u00e9cessaires pour consulter un sp\u00e9cialiste engendrent des co\u00fbts directs (transport) et indirects (temps, arr\u00eats de travail) pour les patients.<\/li>\n<\/ul>\n\n\n\n<div class=\"wp-block-buttons is-content-justification-center is-layout-flex wp-container-core-buttons-is-layout-16018d1d wp-block-buttons-is-layout-flex\">\n<div class=\"wp-block-button\"><a class=\"wp-block-button__link wp-element-button\" href=\"https:\/\/www.doctoome.com\/s\/medecin-generaliste\">Trouver un m\u00e9decin g\u00e9n\u00e9raliste autour de chez moi<\/a><\/div>\n<\/div>\n\n\n\n<p>Ces difficult\u00e9s touchent particuli\u00e8rement les populations vuln\u00e9rables : personnes \u00e2g\u00e9es \u00e0 mobilit\u00e9 r\u00e9duite, personnes en situation de pr\u00e9carit\u00e9 \u00e9conomique, patients atteints de maladies chroniques n\u00e9cessitant un suivi r\u00e9gulier.<\/p>\n\n\n\n<h3 class=\"wp-block-heading\">R\u00e9gions les plus touch\u00e9es<\/h3>\n\n\n\n<p>La r\u00e9partition des d\u00e9serts m\u00e9dicaux sur le territoire fran\u00e7ais r\u00e9v\u00e8le des disparit\u00e9s marqu\u00e9es. Si le ph\u00e9nom\u00e8ne \u00e9tait initialement consid\u00e9r\u00e9 comme rural, il s&rsquo;\u00e9tend aujourd&rsquo;hui \u00e0 certaines zones p\u00e9riurbaines et m\u00eame urbaines. Selon les donn\u00e9es les plus r\u00e9centes de la DREES et de l&rsquo;Assurance Maladie :<\/p>\n\n\n\n<ul class=\"wp-block-list\">\n<li><strong>Zones rurales fortement impact\u00e9es<\/strong> : Le centre de la France (Creuse, Ni\u00e8vre, Cher), certains d\u00e9partements du Nord-Est (Ardennes, Haute-Marne) et du Sud-Ouest pr\u00e9sentent les situations les plus critiques.<\/li>\n\n\n\n<li><strong>D\u00e9partements d&rsquo;Outre-mer<\/strong> : La Guyane, Mayotte et dans une moindre mesure la Guadeloupe font face \u00e0 des p\u00e9nuries particuli\u00e8rement s\u00e9v\u00e8res de professionnels de sant\u00e9.<\/li>\n\n\n\n<li><strong>In\u00e9galit\u00e9s intra-r\u00e9gionales<\/strong> : M\u00eame dans des r\u00e9gions globalement bien dot\u00e9es comme l&rsquo;\u00cele-de-France, certains territoires (Seine-Saint-Denis, zones rurales de Seine-et-Marne) connaissent des situations de sous-densit\u00e9 m\u00e9dicale.<\/li>\n\n\n\n<li><strong>P\u00e9nuries de sp\u00e9cialistes<\/strong> : L&rsquo;acc\u00e8s aux sp\u00e9cialistes (ophtalmologistes, psychiatres, gyn\u00e9cologues) est encore plus in\u00e9galitaire que celui aux g\u00e9n\u00e9ralistes, avec des d\u00e9partements entiers d\u00e9pourvus de certaines sp\u00e9cialit\u00e9s.<\/li>\n<\/ul>\n\n\n\n<p>La cartographie des d\u00e9serts m\u00e9dicaux r\u00e9v\u00e8le \u00e9galement une corr\u00e9lation avec d&rsquo;autres indicateurs socio-\u00e9conomiques : les territoires \u00e9conomiquement d\u00e9favoris\u00e9s cumulent souvent les difficult\u00e9s d&rsquo;acc\u00e8s aux soins avec d&rsquo;autres formes de pr\u00e9carit\u00e9, cr\u00e9ant un cercle vicieux d&rsquo;in\u00e9galit\u00e9s territoriales de sant\u00e9.<\/p>\n\n\n\n<p>Pour trouver un professionnel de sant\u00e9 pr\u00e8s de chez vous, m\u00eame dans les zones moins bien desservies, consultez www.doctoome.com qui vous aide \u00e0 identifier les praticiens disponibles dans votre r\u00e9gion.<\/p>\n\n\n\n<h2 class=\"wp-block-heading\">Solutions pour lutter contre les d\u00e9serts m\u00e9dicaux<\/h2>\n\n\n\n<h3 class=\"wp-block-heading\">Mesures gouvernementales<\/h3>\n\n\n\n<p>Face \u00e0 l&rsquo;aggravation du ph\u00e9nom\u00e8ne des d\u00e9serts m\u00e9dicaux, les pouvoirs publics ont progressivement d\u00e9ploy\u00e9 un arsenal de mesures visant \u00e0 am\u00e9liorer la r\u00e9partition territoriale des professionnels de sant\u00e9 :<\/p>\n\n\n\n<ul class=\"wp-block-list\">\n<li><strong>Contrats d&rsquo;engagement de service public (CESP)<\/strong> : Ces bourses d&rsquo;\u00e9tudes proposent aux \u00e9tudiants en m\u00e9decine un soutien financier en \u00e9change d&rsquo;un engagement \u00e0 exercer en zone sous-dot\u00e9e pour une dur\u00e9e \u00e9quivalente \u00e0 celle de l&rsquo;aide per\u00e7ue.<\/li>\n\n\n\n<li><strong>Aides \u00e0 l&rsquo;installation<\/strong> : Des incitations financi\u00e8res comme le contrat d&rsquo;aide \u00e0 l&rsquo;installation des m\u00e9decins (CAIM) offrent jusqu&rsquo;\u00e0 50 000 \u20ac pour une installation en zone prioritaire.<\/li>\n\n\n\n<li><strong>R\u00e9forme du numerus clausus<\/strong> : Son remplacement par le \u00ab\u00a0numerus apertus\u00a0\u00bb depuis 2020 permet d&rsquo;augmenter progressivement le nombre d&rsquo;\u00e9tudiants form\u00e9s en m\u00e9decine.<\/li>\n\n\n\n<li><strong>D\u00e9veloppement des stages en zones sous-dot\u00e9es<\/strong> : L&rsquo;exposition des \u00e9tudiants \u00e0 l&rsquo;exercice en milieu rural ou p\u00e9riurbain favorise les installations futures dans ces territoires.<\/li>\n\n\n\n<li><strong>Extension des comp\u00e9tences des professionnels de sant\u00e9<\/strong> : La d\u00e9l\u00e9gation de t\u00e2ches et la cr\u00e9ation de nouveaux m\u00e9tiers (infirmiers en pratique avanc\u00e9e, assistants m\u00e9dicaux) visent \u00e0 lib\u00e9rer du temps m\u00e9dical.<\/li>\n\n\n\n<li><strong>Encouragement aux exercices coordonn\u00e9s<\/strong> : Soutien financier et logistique \u00e0 la cr\u00e9ation de structures d&rsquo;exercice regroup\u00e9 comme les maisons de sant\u00e9 pluriprofessionnelles (MSP).<\/li>\n<\/ul>\n\n\n\n<p>Ces mesures, bien que nombreuses, peinent encore \u00e0 inverser la tendance. Leur caract\u00e8re principalement incitatif et non coercitif limite leur efficacit\u00e9 globale, comme le souligne r\u00e9guli\u00e8rement la Cour des comptes dans ses rapports sur l&rsquo;acc\u00e8s territorial aux soins.<\/p>\n\n\n\n<h3 class=\"wp-block-heading\">Initiatives locales innovantes<\/h3>\n\n\n\n<p>Au-del\u00e0 des politiques nationales, de nombreuses initiatives territoriales \u00e9mergent pour apporter des r\u00e9ponses adapt\u00e9es aux contextes locaux :<\/p>\n\n\n\n<ul class=\"wp-block-list\">\n<li><strong>Maisons de sant\u00e9 pluriprofessionnelles (MSP)<\/strong> : Ces structures regroupent plusieurs professionnels de sant\u00e9 (m\u00e9decins, infirmiers, kin\u00e9sith\u00e9rapeutes, pharmaciens) dans un m\u00eame lieu, favorisant la coordination des soins et l&rsquo;attractivit\u00e9 pour les jeunes praticiens. La France compte d\u00e9sormais plus de 2 000 MSP, majoritairement implant\u00e9es dans des zones sous-dot\u00e9es.<\/li>\n\n\n\n<li><strong>Centres de sant\u00e9 municipaux ou d\u00e9partementaux<\/strong> : Des collectivit\u00e9s territoriales cr\u00e9ent des structures o\u00f9 les m\u00e9decins sont salari\u00e9s, offrant une alternative au mod\u00e8le lib\u00e9ral traditionnel.<\/li>\n\n\n\n<li><strong>M\u00e9decins itin\u00e9rants<\/strong> : Certains territoires exp\u00e9rimentent des dispositifs de \u00ab\u00a0m\u00e9decins volants\u00a0\u00bb intervenant dans plusieurs communes selon un planning r\u00e9gulier.<\/li>\n\n\n\n<li><strong>Cabinets \u00e9ph\u00e9m\u00e8res<\/strong> : Installation temporaire de praticiens dans des locaux mis \u00e0 disposition par les communes pour des consultations ponctuelles mais r\u00e9guli\u00e8res.<\/li>\n\n\n\n<li><strong>D\u00e9marches d&rsquo;attractivit\u00e9 territoriale<\/strong> : Certaines collectivit\u00e9s d\u00e9veloppent des offres globales pour attirer les m\u00e9decins et leurs familles (logement, emploi du conjoint, places en cr\u00e8che&#8230;).<\/li>\n\n\n\n<li><strong>Communaut\u00e9s professionnelles territoriales de sant\u00e9 (CPTS)<\/strong> : Ces r\u00e9seaux coordonnent les acteurs de sant\u00e9 d&rsquo;un territoire pour am\u00e9liorer les parcours de soins.<\/li>\n<\/ul>\n\n\n\n<p>La t\u00e9l\u00e9m\u00e9decine constitue \u00e9galement une solution prometteuse pour d\u00e9senclaver les territoires isol\u00e9s. Elle permet plusieurs modes d&rsquo;intervention :<\/p>\n\n\n\n<ul class=\"wp-block-list\">\n<li><strong>T\u00e9l\u00e9consultation<\/strong> : Consultation m\u00e9dicale \u00e0 distance entre un patient et un m\u00e9decin<\/li>\n\n\n\n<li><strong>T\u00e9l\u00e9expertise<\/strong> : \u00c9change entre professionnels de sant\u00e9 pour un avis sp\u00e9cialis\u00e9<\/li>\n\n\n\n<li><strong>T\u00e9l\u00e9surveillance<\/strong> : Suivi \u00e0 distance des patients atteints de maladies chroniques<\/li>\n\n\n\n<li><strong>T\u00e9l\u00e9assistance<\/strong> : Assistance d&rsquo;un m\u00e9decin \u00e0 un autre professionnel de sant\u00e9 pendant un acte<\/li>\n<\/ul>\n\n\n\n<p>Si la t\u00e9l\u00e9m\u00e9decine ne remplace pas la pr\u00e9sence physique de professionnels, elle permet de maintenir un acc\u00e8s aux soins dans les territoires les plus isol\u00e9s et de r\u00e9duire les d\u00e9placements pour les patients.<\/p>\n\n\n\n<p>Doctoome vous aide \u00e0 localiser des sp\u00e9cialistes dans votre r\u00e9gion, facilitant ainsi votre acc\u00e8s aux soins m\u00eame dans les zones moins bien desservies par l&rsquo;offre m\u00e9dicale.<\/p>\n\n\n\n<h2 class=\"wp-block-heading\">FAQ sur les d\u00e9serts m\u00e9dicaux<\/h2>\n\n\n\n<h3 class=\"wp-block-heading\">Qu&rsquo;est-ce qu&rsquo;un d\u00e9sert m\u00e9dical ?<\/h3>\n\n\n\n<p>Un d\u00e9sert m\u00e9dical est un territoire o\u00f9 l&rsquo;acc\u00e8s aux soins est limit\u00e9 en raison d&rsquo;une insuffisance de professionnels de sant\u00e9 par rapport aux besoins de la population. En France, il est officiellement d\u00e9fini comme une zone o\u00f9 l&rsquo;accessibilit\u00e9 potentielle localis\u00e9e (APL) est inf\u00e9rieure \u00e0 2,5 consultations par an et par habitant. Cette notion int\u00e8gre non seulement la densit\u00e9 m\u00e9dicale mais aussi les temps d&rsquo;acc\u00e8s, l&rsquo;\u00e2ge des praticiens et les besoins sp\u00e9cifiques de la population.<\/p>\n\n\n\n<h3 class=\"wp-block-heading\">Comment lutter contre les d\u00e9serts m\u00e9dicaux ?<\/h3>\n\n\n\n<p>La lutte contre les d\u00e9serts m\u00e9dicaux s&rsquo;articule autour de plusieurs axes compl\u00e9mentaires : les incitations financi\u00e8res \u00e0 l&rsquo;installation (aides, exon\u00e9rations fiscales), le d\u00e9veloppement de structures d&rsquo;exercice coordonn\u00e9 (maisons de sant\u00e9 pluriprofessionnelles), la formation de davantage de m\u00e9decins (r\u00e9forme du numerus clausus), le d\u00e9ploiement de la t\u00e9l\u00e9m\u00e9decine, et les initiatives territoriales attractives (logement, emploi du conjoint). L&rsquo;efficacit\u00e9 repose sur la combinaison adapt\u00e9e de ces solutions selon les sp\u00e9cificit\u00e9s de chaque territoire.<\/p>\n\n\n\n<h3 class=\"wp-block-heading\">Quelles sont les r\u00e9gions les plus touch\u00e9es par les d\u00e9serts m\u00e9dicaux ?<\/h3>\n\n\n\n<p>Les r\u00e9gions les plus affect\u00e9es par les d\u00e9serts m\u00e9dicaux sont principalement situ\u00e9es dans le centre de la France (Creuse, Ni\u00e8vre, Cher), dans le Nord-Est (Ardennes, Haute-Marne), certaines zones du Nord et du Sud-Ouest, ainsi que les d\u00e9partements d&rsquo;Outre-mer (particuli\u00e8rement Guyane et Mayotte). Toutefois, le ph\u00e9nom\u00e8ne n&rsquo;est plus strictement rural et touche d\u00e9sormais certaines zones p\u00e9riurbaines et des quartiers urbains d\u00e9favoris\u00e9s, notamment en Seine-Saint-Denis.<\/p>\n\n\n\n<h3 class=\"wp-block-heading\">Quel est le r\u00f4le de la t\u00e9l\u00e9m\u00e9decine dans la lutte contre les d\u00e9serts m\u00e9dicaux ?<\/h3>\n\n\n\n<p>La t\u00e9l\u00e9m\u00e9decine constitue un outil compl\u00e9mentaire pour r\u00e9duire l&rsquo;impact des d\u00e9serts m\u00e9dicaux en permettant des consultations \u00e0 distance, un suivi r\u00e9gulier des patients chroniques, et des avis sp\u00e9cialis\u00e9s sans n\u00e9cessiter de d\u00e9placements. Elle am\u00e9liore l&rsquo;acc\u00e8s aux soins dans les zones isol\u00e9es, r\u00e9duit les d\u00e9lais de prise en charge et favorise la coordination entre professionnels. N\u00e9anmoins, elle ne peut se substituer enti\u00e8rement \u00e0 la pr\u00e9sence physique de m\u00e9decins et n\u00e9cessite un acc\u00e8s \u00e0 internet de qualit\u00e9.<\/p>\n\n\n\n<h3 class=\"wp-block-heading\">Comment les maisons de sant\u00e9 peuvent-elles am\u00e9liorer l&rsquo;acc\u00e8s aux soins ?<\/h3>\n\n\n\n<p>Les maisons de sant\u00e9 pluriprofessionnelles (MSP) am\u00e9liorent l&rsquo;acc\u00e8s aux soins en regroupant diff\u00e9rents professionnels de sant\u00e9 dans un m\u00eame lieu. Elles offrent plusieurs avantages : attractivit\u00e9 pour les jeunes m\u00e9decins pr\u00e9f\u00e9rant l&rsquo;exercice en groupe, partage des charges administratives, coordination facilit\u00e9e entre professionnels, amplitude horaire \u00e9largie, et prise en charge globale des patients. Leur implantation dans les zones sous-dot\u00e9es constitue une r\u00e9ponse efficace au d\u00e9fi des d\u00e9serts m\u00e9dicaux.<\/p>\n\n\n\n<h3 class=\"wp-block-heading\">Combien de Fran\u00e7ais vivent dans un d\u00e9sert m\u00e9dical ?<\/h3>\n\n\n\n<p>Selon les derni\u00e8res donn\u00e9es de la DREES, environ 7,4 millions de Fran\u00e7ais vivent dans un d\u00e9sert m\u00e9dical pour l&rsquo;acc\u00e8s aux m\u00e9decins g\u00e9n\u00e9ralistes, soit 11% de la population. Ce chiffre atteint pr\u00e8s de 30% de la population fran\u00e7aise si l&rsquo;on consid\u00e8re l&rsquo;acc\u00e8s aux sp\u00e9cialistes (ophtalmologistes, psychiatres, gyn\u00e9cologues). Cette situation continue de s&rsquo;aggraver avec les d\u00e9parts \u00e0 la retraite massifs de m\u00e9decins qui ne sont pas int\u00e9gralement remplac\u00e9s dans certains territoires.<\/p>\n\n\n\n<h3 class=\"wp-block-heading\">Les mesures gouvernementales sont-elles efficaces contre les d\u00e9serts m\u00e9dicaux ?<\/h3>\n\n\n\n<p>L&rsquo;efficacit\u00e9 des mesures gouvernementales reste limit\u00e9e malgr\u00e9 leur diversit\u00e9. Les dispositifs incitatifs (aides financi\u00e8res, contrats d&rsquo;engagement) produisent des effets positifs mais insuffisants face \u00e0 l&rsquo;ampleur du ph\u00e9nom\u00e8ne. La Cour des comptes a soulign\u00e9 \u00e0 plusieurs reprises leur manque d&rsquo;\u00e9valuation rigoureuse et leur dispersion. Les mesures actuelles n&rsquo;ont pas encore permis d&rsquo;inverser la tendance globale, m\u00eame si certains territoires enregistrent des am\u00e9liorations localis\u00e9es gr\u00e2ce \u00e0 des combinaisons d&rsquo;actions adapt\u00e9es.<\/p>\n\n\n\n<h2 class=\"wp-block-heading\">Conclusion<\/h2>\n\n\n\n<p>Les d\u00e9serts m\u00e9dicaux repr\u00e9sentent un d\u00e9fi majeur pour notre syst\u00e8me de sant\u00e9 et pour le principe fondamental d&rsquo;\u00e9galit\u00e9 d&rsquo;acc\u00e8s aux soins. Ph\u00e9nom\u00e8ne complexe aux multiples causes, ils n\u00e9cessitent des r\u00e9ponses diversifi\u00e9es et adapt\u00e9es aux sp\u00e9cificit\u00e9s de chaque territoire.<\/p>\n\n\n\n<p>Si les solutions mises en \u0153uvre n&rsquo;ont pas encore permis de r\u00e9soudre enti\u00e8rement le probl\u00e8me, plusieurs avanc\u00e9es encourageantes m\u00e9ritent d&rsquo;\u00eatre soulign\u00e9es : l&rsquo;augmentation progressive du nombre de m\u00e9decins form\u00e9s, le d\u00e9veloppement des structures d&rsquo;exercice coordonn\u00e9 qui s\u00e9duisent les jeunes g\u00e9n\u00e9rations de praticiens, et l&rsquo;essor de la t\u00e9l\u00e9m\u00e9decine qui compl\u00e8te utilement l&rsquo;offre de soins dans les zones sous-dot\u00e9es.<\/p>\n\n\n\n<p>L&rsquo;avenir de l&rsquo;acc\u00e8s aux soins dans les territoires repose sur une approche globale associant innovations organisationnelles, nouvelles technologies et r\u00e9ponses collectives impliquant l&rsquo;ensemble des acteurs : \u00c9tat, collectivit\u00e9s territoriales, professionnels de sant\u00e9, patients et plateformes facilitant la mise en relation avec les praticiens disponibles.<\/p>\n\n\n\n<p>La r\u00e9duction des in\u00e9galit\u00e9s territoriales d&rsquo;acc\u00e8s aux soins constitue un enjeu de sant\u00e9 publique, mais aussi d&rsquo;am\u00e9nagement du territoire et de coh\u00e9sion sociale. Face \u00e0 ce d\u00e9fi, l&rsquo;action coordonn\u00e9e de tous les acteurs reste plus que jamais n\u00e9cessaire.<\/p>\n\n\n\n<p><a href=\"https:\/\/www.doctoome.com\">Trouver un professionnel de sant\u00e9 pr\u00e8s de chez vou<\/a>s<\/p>\n\n\n\n<div class=\"wp-block-button is-style-fill\"><a class=\"wp-block-button__link has-background wp-element-button\" href=\"https:\/\/www.doctoome.com\/s\/medecin-generaliste\" style=\"background-color:#0071a1\" target=\"_blank\" rel=\"noreferrer noopener\">Trouvez votre m\u00e9decin de confiance<\/a><\/div>\n","protected":false},"excerpt":{"rendered":"<p>Selon une \u00e9tude de la Direction de la Recherche, des \u00c9tudes, de l&rsquo;\u00c9valuation et des Statistiques (Drees), les d\u00e9serts m\u00e9dicaux concernaient pr\u00e8s de 6% de la population fran\u00e7aise en 2018. <\/p>\n","protected":false},"author":2,"featured_media":7872,"comment_status":"open","ping_status":"closed","sticky":false,"template":"","format":"standard","meta":{"footnotes":""},"categories":[1],"tags":[34],"class_list":["post-4181","post","type-post","status-publish","format-standard","has-post-thumbnail","hentry","category-parcours-de-soins","tag-medecin-generaliste"],"yoast_head":"<!-- This site is optimized with the Yoast SEO plugin v27.4 - https:\/\/yoast.com\/product\/yoast-seo-wordpress\/ -->\n<title>Blog Doctoome | Les d\u00e9serts m\u00e9dicaux se multiplient en France<\/title>\n<meta name=\"description\" content=\"Selon une \u00e9tude de la DR\u00c9\u00c9S, les d\u00e9serts m\u00e9dicaux concernent 6% de la population fran\u00e7aise. Pourquoi et comment r\u00e9soudre ce probl\u00e8me ?\" \/>\n<meta name=\"robots\" content=\"index, follow, max-snippet:-1, max-image-preview:large, max-video-preview:-1\" \/>\n<link rel=\"canonical\" href=\"https:\/\/www.doctoome.com\/blog\/les-deserts-medicaux-se-multiplient-en-france\/\" \/>\n<meta property=\"og:locale\" content=\"fr_FR\" \/>\n<meta property=\"og:type\" content=\"article\" \/>\n<meta property=\"og:title\" content=\"Blog Doctoome | Les d\u00e9serts m\u00e9dicaux se multiplient en France\" \/>\n<meta property=\"og:description\" content=\"Selon une \u00e9tude de la DR\u00c9\u00c9S, les d\u00e9serts m\u00e9dicaux concernent 6% de la population fran\u00e7aise. Pourquoi et comment r\u00e9soudre ce probl\u00e8me ?\" \/>\n<meta property=\"og:url\" content=\"https:\/\/www.doctoome.com\/blog\/les-deserts-medicaux-se-multiplient-en-france\/\" \/>\n<meta property=\"og:site_name\" content=\"Blog - Doctoome\" \/>\n<meta property=\"article:publisher\" content=\"https:\/\/www.facebook.com\/doctoome\/\" \/>\n<meta property=\"article:published_time\" content=\"2025-03-12T10:29:00+00:00\" \/>\n<meta property=\"article:modified_time\" content=\"2025-10-08T12:55:38+00:00\" \/>\n<meta property=\"og:image\" content=\"https:\/\/s3.eu-west-1.amazonaws.com\/dm.blog\/2021\/05\/deserts-medicaux-en-france-2.jpg\" \/>\n\t<meta property=\"og:image:width\" content=\"1200\" \/>\n\t<meta property=\"og:image:height\" content=\"804\" \/>\n\t<meta property=\"og:image:type\" content=\"image\/jpeg\" \/>\n<meta name=\"author\" content=\"Doctoome\" \/>\n<meta name=\"twitter:card\" content=\"summary_large_image\" \/>\n<meta name=\"twitter:creator\" content=\"@Doctoome\" \/>\n<meta name=\"twitter:site\" content=\"@Doctoome\" \/>\n<meta name=\"twitter:label1\" content=\"\u00c9crit par\" \/>\n\t<meta name=\"twitter:data1\" content=\"Doctoome\" \/>\n\t<meta name=\"twitter:label2\" content=\"Dur\u00e9e de lecture estim\u00e9e\" \/>\n\t<meta name=\"twitter:data2\" content=\"13 minutes\" \/>\n<script type=\"application\/ld+json\" class=\"yoast-schema-graph\">{\"@context\":\"https:\\\/\\\/schema.org\",\"@graph\":[{\"@type\":\"Article\",\"@id\":\"https:\\\/\\\/www.doctoome.com\\\/blog\\\/les-deserts-medicaux-se-multiplient-en-france\\\/#article\",\"isPartOf\":{\"@id\":\"https:\\\/\\\/www.doctoome.com\\\/blog\\\/les-deserts-medicaux-se-multiplient-en-france\\\/\"},\"author\":{\"name\":\"Doctoome\",\"@id\":\"https:\\\/\\\/www.doctoome.com\\\/blog\\\/#\\\/schema\\\/person\\\/b70e715e0248cbdaae27015aae1f7769\"},\"headline\":\"D\u00e9serts m\u00e9dicaux en France : causes, cons\u00e9quences et solutions\",\"datePublished\":\"2025-03-12T10:29:00+00:00\",\"dateModified\":\"2025-10-08T12:55:38+00:00\",\"mainEntityOfPage\":{\"@id\":\"https:\\\/\\\/www.doctoome.com\\\/blog\\\/les-deserts-medicaux-se-multiplient-en-france\\\/\"},\"wordCount\":2838,\"commentCount\":0,\"publisher\":{\"@id\":\"https:\\\/\\\/www.doctoome.com\\\/blog\\\/#organization\"},\"image\":{\"@id\":\"https:\\\/\\\/www.doctoome.com\\\/blog\\\/les-deserts-medicaux-se-multiplient-en-france\\\/#primaryimage\"},\"thumbnailUrl\":\"https:\\\/\\\/s3.eu-west-1.amazonaws.com\\\/dm.blog\\\/2021\\\/05\\\/deserts-medicaux-en-france-2.jpg\",\"keywords\":[\"M\u00e9decin g\u00e9n\u00e9raliste\"],\"articleSection\":[\"Parcours de soins\"],\"inLanguage\":\"fr-FR\",\"potentialAction\":[{\"@type\":\"CommentAction\",\"name\":\"Comment\",\"target\":[\"https:\\\/\\\/www.doctoome.com\\\/blog\\\/les-deserts-medicaux-se-multiplient-en-france\\\/#respond\"]}]},{\"@type\":\"WebPage\",\"@id\":\"https:\\\/\\\/www.doctoome.com\\\/blog\\\/les-deserts-medicaux-se-multiplient-en-france\\\/\",\"url\":\"https:\\\/\\\/www.doctoome.com\\\/blog\\\/les-deserts-medicaux-se-multiplient-en-france\\\/\",\"name\":\"Blog Doctoome | Les d\u00e9serts m\u00e9dicaux se multiplient en France\",\"isPartOf\":{\"@id\":\"https:\\\/\\\/www.doctoome.com\\\/blog\\\/#website\"},\"primaryImageOfPage\":{\"@id\":\"https:\\\/\\\/www.doctoome.com\\\/blog\\\/les-deserts-medicaux-se-multiplient-en-france\\\/#primaryimage\"},\"image\":{\"@id\":\"https:\\\/\\\/www.doctoome.com\\\/blog\\\/les-deserts-medicaux-se-multiplient-en-france\\\/#primaryimage\"},\"thumbnailUrl\":\"https:\\\/\\\/s3.eu-west-1.amazonaws.com\\\/dm.blog\\\/2021\\\/05\\\/deserts-medicaux-en-france-2.jpg\",\"datePublished\":\"2025-03-12T10:29:00+00:00\",\"dateModified\":\"2025-10-08T12:55:38+00:00\",\"description\":\"Selon une \u00e9tude de la DR\u00c9\u00c9S, les d\u00e9serts m\u00e9dicaux concernent 6% de la population fran\u00e7aise. Pourquoi et comment r\u00e9soudre ce probl\u00e8me ?\",\"inLanguage\":\"fr-FR\",\"potentialAction\":[{\"@type\":\"ReadAction\",\"target\":[\"https:\\\/\\\/www.doctoome.com\\\/blog\\\/les-deserts-medicaux-se-multiplient-en-france\\\/\"]}]},{\"@type\":\"ImageObject\",\"inLanguage\":\"fr-FR\",\"@id\":\"https:\\\/\\\/www.doctoome.com\\\/blog\\\/les-deserts-medicaux-se-multiplient-en-france\\\/#primaryimage\",\"url\":\"https:\\\/\\\/s3.eu-west-1.amazonaws.com\\\/dm.blog\\\/2021\\\/05\\\/deserts-medicaux-en-france-2.jpg\",\"contentUrl\":\"https:\\\/\\\/s3.eu-west-1.amazonaws.com\\\/dm.blog\\\/2021\\\/05\\\/deserts-medicaux-en-france-2.jpg\",\"width\":1200,\"height\":804,\"caption\":\"d\u00e9serts m\u00e9dicaux en france\"},{\"@type\":\"WebSite\",\"@id\":\"https:\\\/\\\/www.doctoome.com\\\/blog\\\/#website\",\"url\":\"https:\\\/\\\/www.doctoome.com\\\/blog\\\/\",\"name\":\"Blog - Doctoome\",\"description\":\"Toutes nos astuces sant\u00e9 et bien-\u00eatre\",\"publisher\":{\"@id\":\"https:\\\/\\\/www.doctoome.com\\\/blog\\\/#organization\"},\"potentialAction\":[{\"@type\":\"SearchAction\",\"target\":{\"@type\":\"EntryPoint\",\"urlTemplate\":\"https:\\\/\\\/www.doctoome.com\\\/blog\\\/?s={search_term_string}\"},\"query-input\":{\"@type\":\"PropertyValueSpecification\",\"valueRequired\":true,\"valueName\":\"search_term_string\"}}],\"inLanguage\":\"fr-FR\"},{\"@type\":\"Organization\",\"@id\":\"https:\\\/\\\/www.doctoome.com\\\/blog\\\/#organization\",\"name\":\"Blog - Doctoome\",\"url\":\"https:\\\/\\\/www.doctoome.com\\\/blog\\\/\",\"logo\":{\"@type\":\"ImageObject\",\"inLanguage\":\"fr-FR\",\"@id\":\"https:\\\/\\\/www.doctoome.com\\\/blog\\\/#\\\/schema\\\/logo\\\/image\\\/\",\"url\":\"https:\\\/\\\/s3.eu-west-1.amazonaws.com\\\/dm.prod.raw\\\/2025\\\/07\\\/dQutxZuI-Media-1.png\",\"contentUrl\":\"https:\\\/\\\/s3.eu-west-1.amazonaws.com\\\/dm.prod.raw\\\/2025\\\/07\\\/dQutxZuI-Media-1.png\",\"width\":450,\"height\":200,\"caption\":\"Blog - Doctoome\"},\"image\":{\"@id\":\"https:\\\/\\\/www.doctoome.com\\\/blog\\\/#\\\/schema\\\/logo\\\/image\\\/\"},\"sameAs\":[\"https:\\\/\\\/www.facebook.com\\\/doctoome\\\/\",\"https:\\\/\\\/x.com\\\/Doctoome\",\"https:\\\/\\\/www.instagram.com\\\/doctoome_\\\/\",\"https:\\\/\\\/www.linkedin.com\\\/company\\\/doctoome\\\/\",\"https:\\\/\\\/www.youtube.com\\\/channel\\\/UCDbvPhELiZsPKeyNddFz6Qg\"]},{\"@type\":\"Person\",\"@id\":\"https:\\\/\\\/www.doctoome.com\\\/blog\\\/#\\\/schema\\\/person\\\/b70e715e0248cbdaae27015aae1f7769\",\"name\":\"Doctoome\",\"image\":{\"@type\":\"ImageObject\",\"inLanguage\":\"fr-FR\",\"@id\":\"https:\\\/\\\/secure.gravatar.com\\\/avatar\\\/6083c373ae95bfd3ce85cd46164b730132c2dc1f9e3f5c5cfe3d9e5a21e46e34?s=96&d=blank&r=g\",\"url\":\"https:\\\/\\\/secure.gravatar.com\\\/avatar\\\/6083c373ae95bfd3ce85cd46164b730132c2dc1f9e3f5c5cfe3d9e5a21e46e34?s=96&d=blank&r=g\",\"contentUrl\":\"https:\\\/\\\/secure.gravatar.com\\\/avatar\\\/6083c373ae95bfd3ce85cd46164b730132c2dc1f9e3f5c5cfe3d9e5a21e46e34?s=96&d=blank&r=g\",\"caption\":\"Doctoome\"},\"description\":\"Chlo\u00e9 de Channes est r\u00e9dactrice sant\u00e9 et \u00e9crit sur de nombreux sujets touchant au parcours de soins, aux enfants, aux maladies de peau, la sant\u00e9 des femmes, etc\",\"url\":\"https:\\\/\\\/www.doctoome.com\\\/blog\\\/author\\\/ameliedoctoome-com\\\/\"}]}<\/script>\n<!-- \/ Yoast SEO plugin. -->","yoast_head_json":{"title":"Blog Doctoome | Les d\u00e9serts m\u00e9dicaux se multiplient en France","description":"Selon une \u00e9tude de la DR\u00c9\u00c9S, les d\u00e9serts m\u00e9dicaux concernent 6% de la population fran\u00e7aise. Pourquoi et comment r\u00e9soudre ce probl\u00e8me ?","robots":{"index":"index","follow":"follow","max-snippet":"max-snippet:-1","max-image-preview":"max-image-preview:large","max-video-preview":"max-video-preview:-1"},"canonical":"https:\/\/www.doctoome.com\/blog\/les-deserts-medicaux-se-multiplient-en-france\/","og_locale":"fr_FR","og_type":"article","og_title":"Blog Doctoome | Les d\u00e9serts m\u00e9dicaux se multiplient en France","og_description":"Selon une \u00e9tude de la DR\u00c9\u00c9S, les d\u00e9serts m\u00e9dicaux concernent 6% de la population fran\u00e7aise. Pourquoi et comment r\u00e9soudre ce probl\u00e8me ?","og_url":"https:\/\/www.doctoome.com\/blog\/les-deserts-medicaux-se-multiplient-en-france\/","og_site_name":"Blog - Doctoome","article_publisher":"https:\/\/www.facebook.com\/doctoome\/","article_published_time":"2025-03-12T10:29:00+00:00","article_modified_time":"2025-10-08T12:55:38+00:00","og_image":[{"width":1200,"height":804,"url":"https:\/\/s3.eu-west-1.amazonaws.com\/dm.blog\/2021\/05\/deserts-medicaux-en-france-2.jpg","type":"image\/jpeg"}],"author":"Doctoome","twitter_card":"summary_large_image","twitter_creator":"@Doctoome","twitter_site":"@Doctoome","twitter_misc":{"\u00c9crit par":"Doctoome","Dur\u00e9e de lecture estim\u00e9e":"13 minutes"},"schema":{"@context":"https:\/\/schema.org","@graph":[{"@type":"Article","@id":"https:\/\/www.doctoome.com\/blog\/les-deserts-medicaux-se-multiplient-en-france\/#article","isPartOf":{"@id":"https:\/\/www.doctoome.com\/blog\/les-deserts-medicaux-se-multiplient-en-france\/"},"author":{"name":"Doctoome","@id":"https:\/\/www.doctoome.com\/blog\/#\/schema\/person\/b70e715e0248cbdaae27015aae1f7769"},"headline":"D\u00e9serts m\u00e9dicaux en France : causes, cons\u00e9quences et solutions","datePublished":"2025-03-12T10:29:00+00:00","dateModified":"2025-10-08T12:55:38+00:00","mainEntityOfPage":{"@id":"https:\/\/www.doctoome.com\/blog\/les-deserts-medicaux-se-multiplient-en-france\/"},"wordCount":2838,"commentCount":0,"publisher":{"@id":"https:\/\/www.doctoome.com\/blog\/#organization"},"image":{"@id":"https:\/\/www.doctoome.com\/blog\/les-deserts-medicaux-se-multiplient-en-france\/#primaryimage"},"thumbnailUrl":"https:\/\/s3.eu-west-1.amazonaws.com\/dm.blog\/2021\/05\/deserts-medicaux-en-france-2.jpg","keywords":["M\u00e9decin g\u00e9n\u00e9raliste"],"articleSection":["Parcours de soins"],"inLanguage":"fr-FR","potentialAction":[{"@type":"CommentAction","name":"Comment","target":["https:\/\/www.doctoome.com\/blog\/les-deserts-medicaux-se-multiplient-en-france\/#respond"]}]},{"@type":"WebPage","@id":"https:\/\/www.doctoome.com\/blog\/les-deserts-medicaux-se-multiplient-en-france\/","url":"https:\/\/www.doctoome.com\/blog\/les-deserts-medicaux-se-multiplient-en-france\/","name":"Blog Doctoome | Les d\u00e9serts m\u00e9dicaux se multiplient en France","isPartOf":{"@id":"https:\/\/www.doctoome.com\/blog\/#website"},"primaryImageOfPage":{"@id":"https:\/\/www.doctoome.com\/blog\/les-deserts-medicaux-se-multiplient-en-france\/#primaryimage"},"image":{"@id":"https:\/\/www.doctoome.com\/blog\/les-deserts-medicaux-se-multiplient-en-france\/#primaryimage"},"thumbnailUrl":"https:\/\/s3.eu-west-1.amazonaws.com\/dm.blog\/2021\/05\/deserts-medicaux-en-france-2.jpg","datePublished":"2025-03-12T10:29:00+00:00","dateModified":"2025-10-08T12:55:38+00:00","description":"Selon une \u00e9tude de la DR\u00c9\u00c9S, les d\u00e9serts m\u00e9dicaux concernent 6% de la population fran\u00e7aise. Pourquoi et comment r\u00e9soudre ce probl\u00e8me ?","inLanguage":"fr-FR","potentialAction":[{"@type":"ReadAction","target":["https:\/\/www.doctoome.com\/blog\/les-deserts-medicaux-se-multiplient-en-france\/"]}]},{"@type":"ImageObject","inLanguage":"fr-FR","@id":"https:\/\/www.doctoome.com\/blog\/les-deserts-medicaux-se-multiplient-en-france\/#primaryimage","url":"https:\/\/s3.eu-west-1.amazonaws.com\/dm.blog\/2021\/05\/deserts-medicaux-en-france-2.jpg","contentUrl":"https:\/\/s3.eu-west-1.amazonaws.com\/dm.blog\/2021\/05\/deserts-medicaux-en-france-2.jpg","width":1200,"height":804,"caption":"d\u00e9serts m\u00e9dicaux en france"},{"@type":"WebSite","@id":"https:\/\/www.doctoome.com\/blog\/#website","url":"https:\/\/www.doctoome.com\/blog\/","name":"Blog - Doctoome","description":"Toutes nos astuces sant\u00e9 et bien-\u00eatre","publisher":{"@id":"https:\/\/www.doctoome.com\/blog\/#organization"},"potentialAction":[{"@type":"SearchAction","target":{"@type":"EntryPoint","urlTemplate":"https:\/\/www.doctoome.com\/blog\/?s={search_term_string}"},"query-input":{"@type":"PropertyValueSpecification","valueRequired":true,"valueName":"search_term_string"}}],"inLanguage":"fr-FR"},{"@type":"Organization","@id":"https:\/\/www.doctoome.com\/blog\/#organization","name":"Blog - Doctoome","url":"https:\/\/www.doctoome.com\/blog\/","logo":{"@type":"ImageObject","inLanguage":"fr-FR","@id":"https:\/\/www.doctoome.com\/blog\/#\/schema\/logo\/image\/","url":"https:\/\/s3.eu-west-1.amazonaws.com\/dm.prod.raw\/2025\/07\/dQutxZuI-Media-1.png","contentUrl":"https:\/\/s3.eu-west-1.amazonaws.com\/dm.prod.raw\/2025\/07\/dQutxZuI-Media-1.png","width":450,"height":200,"caption":"Blog - Doctoome"},"image":{"@id":"https:\/\/www.doctoome.com\/blog\/#\/schema\/logo\/image\/"},"sameAs":["https:\/\/www.facebook.com\/doctoome\/","https:\/\/x.com\/Doctoome","https:\/\/www.instagram.com\/doctoome_\/","https:\/\/www.linkedin.com\/company\/doctoome\/","https:\/\/www.youtube.com\/channel\/UCDbvPhELiZsPKeyNddFz6Qg"]},{"@type":"Person","@id":"https:\/\/www.doctoome.com\/blog\/#\/schema\/person\/b70e715e0248cbdaae27015aae1f7769","name":"Doctoome","image":{"@type":"ImageObject","inLanguage":"fr-FR","@id":"https:\/\/secure.gravatar.com\/avatar\/6083c373ae95bfd3ce85cd46164b730132c2dc1f9e3f5c5cfe3d9e5a21e46e34?s=96&d=blank&r=g","url":"https:\/\/secure.gravatar.com\/avatar\/6083c373ae95bfd3ce85cd46164b730132c2dc1f9e3f5c5cfe3d9e5a21e46e34?s=96&d=blank&r=g","contentUrl":"https:\/\/secure.gravatar.com\/avatar\/6083c373ae95bfd3ce85cd46164b730132c2dc1f9e3f5c5cfe3d9e5a21e46e34?s=96&d=blank&r=g","caption":"Doctoome"},"description":"Chlo\u00e9 de Channes est r\u00e9dactrice sant\u00e9 et \u00e9crit sur de nombreux sujets touchant au parcours de soins, aux enfants, aux maladies de peau, la sant\u00e9 des femmes, etc","url":"https:\/\/www.doctoome.com\/blog\/author\/ameliedoctoome-com\/"}]}},"_links":{"self":[{"href":"https:\/\/www.doctoome.com\/blog\/wp-json\/wp\/v2\/posts\/4181","targetHints":{"allow":["GET"]}}],"collection":[{"href":"https:\/\/www.doctoome.com\/blog\/wp-json\/wp\/v2\/posts"}],"about":[{"href":"https:\/\/www.doctoome.com\/blog\/wp-json\/wp\/v2\/types\/post"}],"author":[{"embeddable":true,"href":"https:\/\/www.doctoome.com\/blog\/wp-json\/wp\/v2\/users\/2"}],"replies":[{"embeddable":true,"href":"https:\/\/www.doctoome.com\/blog\/wp-json\/wp\/v2\/comments?post=4181"}],"version-history":[{"count":0,"href":"https:\/\/www.doctoome.com\/blog\/wp-json\/wp\/v2\/posts\/4181\/revisions"}],"wp:featuredmedia":[{"embeddable":true,"href":"https:\/\/www.doctoome.com\/blog\/wp-json\/wp\/v2\/media\/7872"}],"wp:attachment":[{"href":"https:\/\/www.doctoome.com\/blog\/wp-json\/wp\/v2\/media?parent=4181"}],"wp:term":[{"taxonomy":"category","embeddable":true,"href":"https:\/\/www.doctoome.com\/blog\/wp-json\/wp\/v2\/categories?post=4181"},{"taxonomy":"post_tag","embeddable":true,"href":"https:\/\/www.doctoome.com\/blog\/wp-json\/wp\/v2\/tags?post=4181"}],"curies":[{"name":"wp","href":"https:\/\/api.w.org\/{rel}","templated":true}]}}